{"id":1205,"date":"2018-07-26T13:26:41","date_gmt":"2018-07-26T10:26:41","guid":{"rendered":"http:\/\/arantv.az\/?p=1205"},"modified":"2018-07-26T13:26:41","modified_gmt":"2018-07-26T10:26:41","slug":"biz-mono-etnik-erm%c9%99nistandan-f%c9%99rqli-olaraq-butun-dunyaya-tolerant-multikultural-olk%c9%99-oldugumuzu-subut-edirik","status":"publish","type":"post","link":"https:\/\/arantv.az\/?p=1205","title":{"rendered":"&#8220;Biz mono-etnik Erm\u0259nistandan f\u0259rqli olaraq b\u00fct\u00fcn d\u00fcnyaya tolerant, multikultural \u00f6lk\u0259 oldu\u011fumuzu s\u00fcbut edirik&#8221;"},"content":{"rendered":"<p>&#8220;Bu g\u00fcn b\u0259zi &#8220;maraql\u0131 dair\u0259l\u0259r&#8221; Az\u0259rbaycanda ba\u015f ver\u0259n hadis\u0259l\u0259ri \u00f6zl\u0259rin\u0259 s\u0259rf ed\u0259n formada \u015f\u0259rh etm\u0259y\u0259 \u00e7al\u0131\u015f\u0131r, h\u0259m daxild\u0259, h\u0259m d\u0259 xaricd\u0259 \u00f6lk\u0259mizin m\u00fcsb\u0259t imicin\u0259 k\u00f6lg\u0259 salma\u011fa c\u0259hd edirl\u0259r. Az\u0259rbaycan\u0131n u\u011furlar\u0131n\u0131 g\u00f6z\u00fc g\u00f6t\u00fcrm\u0259y\u0259n bu \u00fcns\u00fcrl\u0259r h\u0259r f\u00fcrs\u0259td\u0259 qaralama kampaniyas\u0131 apar\u0131r, hans\u0131sa antimilli q\u00fcvv\u0259l\u0259rin sifari\u015fl\u0259rini h\u0259yata ke\u00e7irirl\u0259r. Art\u0131q \u0259n\u0259n\u0259 hal\u0131n\u0131 alan v\u0259 \u00f6lk\u0259mizd\u0259 ke\u00e7iril\u0259n &#8220;Jara&#8221; musiqi festival\u0131 il\u0259 ba\u011fl\u0131 son g\u00fcnl\u0259r apar\u0131lan m\u00fczakir\u0259l\u0259r d\u0259 bu kampaniyan\u0131n t\u0259rkib hiss\u0259sidir. Festival\u0131n i\u015ftirak\u00e7\u0131s\u0131, rusiyal\u0131 m\u00fc\u011f\u0259nni, guya milliyy\u0259tc\u0259 erm\u0259ni olan Zara il\u0259 ba\u011fl\u0131 sosial \u015f\u0259b\u0259k\u0259l\u0259rd\u0259 kampaniya apar\u0131l\u0131r, onun \u00f6lk\u0259miz\u0259 g\u0259lm\u0259sinin yolverilm\u0259z oldu\u011fu bildirilir.&#8221;<\/p>\n<p><strong>ARANTV.AZ<\/strong>\u00a0 x\u0259b\u0259r verir ki, bu fikirl\u0259ri K\u0130V-\u0259 a\u00e7\u0131qlamas\u0131nda YAP Siyasi \u015euras\u0131n\u0131n \u00fczv\u00fc, &#8220;\u0130ki sahil&#8221; q\u0259zetinin ba\u015f redaktoru V\u00fcqar R\u0259himzad\u0259 bildirib.<\/p>\n<p>V\u00fcqar R\u0259himzad\u0259 qeyd edib ki, Az\u0259rbaycan d\u00fcnyaya tolerantl\u0131q, multikulturalizm n\u00fcmun\u0259si kimi t\u0259qdim edilir: &#8220;\u00d6lk\u0259miz tarix\u0259n m\u00fcxt\u0259lif mill\u0259tl\u0259rin s\u00fclh, t\u0259hl\u00fck\u0259siz v\u0259 mehriban \u015f\u0259raitd\u0259 ya\u015fad\u0131\u011f\u0131 m\u0259kan olub. Dinind\u0259n, irqind\u0259n, milliyy\u0259tind\u0259n as\u0131l\u0131 olmayaraq Az\u0259rbaycan v\u0259t\u0259nda\u015f\u0131 ad\u0131n\u0131 da\u015f\u0131yan h\u0259r k\u0259s\u0259 eyni qay\u011f\u0131, diqq\u0259t v\u0259 m\u00fcnasib\u0259t g\u00f6st\u0259rilib. Az\u0259rbaycanda h\u0259yata ke\u00e7iril\u0259n d\u00f6vl\u0259t siyas\u0259tinin \u0259sas istiqam\u0259tl\u0259rind\u0259n biri d\u0259 tolerantl\u0131q v\u0259 multikulturalizml\u0259 ba\u011fl\u0131d\u0131r. Bu m\u0259nada &#8220;Jara&#8221; musiqi festival\u0131 il\u0259 ba\u011fl\u0131 sosial \u015f\u0259b\u0259k\u0259l\u0259rd\u0259 apar\u0131lan xo\u015f\u0259g\u0259lm\u0259z m\u00fczakir\u0259l\u0259r \u00f6lk\u0259mizin tolerant imicin\u0259 m\u0259nfi t\u0259sir ed\u0259n amildir.&#8221;<\/p>\n<p>&#8220;\u0130ki sahil&#8221; q\u0259zetinin ba\u015f redaktoru vur\u011fulay\u0131b ki, Az\u0259rbaycan h\u0259qiq\u0259tl\u0259rinin d\u00fcnya ictimaiyy\u0259tin\u0259 \u00e7atd\u0131r\u0131lmas\u0131nda m\u00fcmk\u00fcn olan b\u00fct\u00fcn vasit\u0259l\u0259rd\u0259n istifad\u0259 etm\u0259k laz\u0131md\u0131r: &#8220;Biz Az\u0259rbaycan\u0131 b\u00fct\u00fcn d\u00fcnyaya azad, demokratik, inki\u015faf etmi\u015f d\u00f6vl\u0259t kimi t\u0259qdim edirik v\u0259 qeyd edirik ki, h\u0259r k\u0259s g\u0259lib bunu \u00f6z g\u00f6z\u00fc il\u0259 g\u00f6r\u0259 bil\u0259r. T\u0259sad\u00fcfi deyil ki, \u00f6lk\u0259mizd\u0259 m\u00fct\u0259madi olaraq beyn\u0259lxalq t\u0259dbirl\u0259r, idman yar\u0131\u015flar\u0131 ke\u00e7irilir v\u0259 Odlar Yurduna ayaq basan xarici qonaqlar ba\u015f ver\u0259n m\u00fcsb\u0259t d\u0259yi\u015fiklikl\u0259ri, inki\u015faf\u0131 m\u00fc\u015fahid\u0259 edir, \u00f6z heyranl\u0131qlar\u0131n\u0131 gizl\u0259d\u0259 bilmirl\u0259r. Bu m\u0259nada Erm\u0259nistanda do\u011fulan Rusiya v\u0259t\u0259nda\u015f\u0131, milliyy\u0259tc\u0259 yezidi k\u00fcrd\u00fc olan bir m\u00fc\u011f\u0259nninin \u00f6lk\u0259miz\u0259 g\u0259lm\u0259si, Az\u0259rbaycanla ba\u011fl\u0131 xo\u015f s\u00f6zl\u0259r s\u00f6yl\u0259m\u0259si ancaq bizim xeyirimiz\u0259 ola bil\u0259r. Qeyd etdiyimiz kimi, bununla biz mono-etnik Erm\u0259nistandan f\u0259rqli olaraq b\u00fct\u00fcn d\u00fcnyaya tolerant, multikultural \u00f6lk\u0259 oldu\u011fumuzu s\u00fcbut edirik.&#8221;<\/p>\n<p>V\u00fcqar R\u0259himzad\u0259 \u0259lav\u0259 edib ki, bu c\u00fcr m\u00fczakir\u0259l\u0259r Da\u011fl\u0131q Qaraba\u011f m\u00fcnaqi\u015f\u0259sinin h\u0259lli il\u0259 ba\u011fl\u0131 apar\u0131lan s\u00fclh dan\u0131\u015f\u0131qlar\u0131na da m\u0259nfi m\u0259nada \u00f6z t\u0259sirini g\u00f6st\u0259r\u0259 bil\u0259r: &#8220;Biz haql\u0131 v\u0259 \u0259dal\u0259tli olaraq b\u0259yan edirik ki, i\u015f\u011fal alt\u0131nda olan torpaqlar\u0131m\u0131z qaytar\u0131ls\u0131n, Da\u011fl\u0131q Qaraba\u011fa Az\u0259rbaycan daxilind\u0259 muxtariyy\u0259t verilsin. Bundan sonra Da\u011fl\u0131q Qaraba\u011fda birg\u0259 ya\u015fayacaq soyda\u015flar\u0131m\u0131z kimi, erm\u0259nil\u0259r d\u0259 Az\u0259rbaycan v\u0259t\u0259nda\u015f\u0131 ad\u0131n\u0131 da\u015f\u0131s\u0131nlar. \u018fg\u0259r kiml\u0259rs\u0259 Erm\u0259nistanda do\u011fulan bir m\u00fc\u011f\u0259nninin \u00f6lk\u0259miz\u0259 g\u0259lm\u0259sin\u0259 bu q\u0259d\u0259r s\u0259rt etiraz edirs\u0259, onda dedikl\u0259rimiz\u0259 kim inanar? Da\u011fl\u0131q Qaraba\u011fda ya\u015fayacaq erm\u0259nil\u0259rin t\u0259hl\u00fck\u0259sizliyi nec\u0259 t\u0259min edil\u0259r? Hesab edir\u0259m ki, bu c\u00fcr m\u0259s\u0259l\u0259l\u0259r\u0259 daha geni\u015f prizmadan baxmaq laz\u0131md\u0131r.&#8221;<\/p>\n<p>milli.az<\/p>\n","protected":false},"excerpt":{"rendered":"<p>&#8220;Bu g\u00fcn b\u0259zi &#8220;maraql\u0131 dair\u0259l\u0259r&#8221; Az\u0259rbaycanda ba\u015f ver\u0259n hadis\u0259l\u0259ri \u00f6zl\u0259rin\u0259 s\u0259rf ed\u0259n formada \u015f\u0259rh etm\u0259y\u0259 \u00e7al\u0131\u015f\u0131r, h\u0259m daxild\u0259, h\u0259m d\u0259 xaricd\u0259 \u00f6lk\u0259mizin m\u00fcsb\u0259t imicin\u0259 k\u00f6lg\u0259 salma\u011fa c\u0259hd edirl\u0259r. Az\u0259rbaycan\u0131n u\u011furlar\u0131n\u0131 g\u00f6z\u00fc g\u00f6t\u00fcrm\u0259y\u0259n bu \u00fcns\u00fcrl\u0259r h\u0259r f\u00fcrs\u0259td\u0259 qaralama kampaniyas\u0131 apar\u0131r, hans\u0131sa antimilli q\u00fcvv\u0259l\u0259rin sifari\u015fl\u0259rini h\u0259yata ke\u00e7irirl\u0259r. Art\u0131q \u0259n\u0259n\u0259 hal\u0131n\u0131 alan v\u0259 \u00f6lk\u0259mizd\u0259 ke\u00e7iril\u0259n &#8220;Jara&#8221; musiqi festival\u0131 il\u0259 ba\u011fl\u0131 son g\u00fcnl\u0259r apar\u0131lan m\u00fczakir\u0259l\u0259r d\u0259 bu kampaniyan\u0131n t\u0259rkib hiss\u0259sidir. Festival\u0131n i\u015ftirak\u00e7\u0131s\u0131, rusiyal\u0131 m\u00fc\u011f\u0259nni, guya milliyy\u0259tc\u0259 erm\u0259ni olan Zara il\u0259 ba\u011fl\u0131 sosial \u015f\u0259b\u0259k\u0259l\u0259rd\u0259 kampaniya apar\u0131l\u0131r, onun \u00f6lk\u0259miz\u0259 g\u0259lm\u0259sinin yolverilm\u0259z oldu\u011fu bildirilir.&#8221; ARANTV.AZ\u00a0 x\u0259b\u0259r verir&hellip;<\/p>\n","protected":false},"author":2,"featured_media":1206,"comment_status":"open","ping_status":"open","sticky":false,"template":"","format":"standard","meta":{"om_disable_all_campaigns":false,"_monsterinsights_skip_tracking":false,"_monsterinsights_sitenote_active":false,"_monsterinsights_sitenote_note":"","_monsterinsights_sitenote_category":0},"categories":[1],"tags":[],"aioseo_notices":[],"gutentor_comment":0,"rttpg_featured_image_url":{"full":["https:\/\/arantv.az\/wp-content\/uploads\/2018\/07\/671222.jpg",800,600,false],"landscape":["https:\/\/arantv.az\/wp-content\/uploads\/2018\/07\/671222.jpg",800,600,false],"portraits":["https:\/\/arantv.az\/wp-content\/uploads\/2018\/07\/671222.jpg",800,600,false],"thumbnail":["https:\/\/arantv.az\/wp-content\/uploads\/2018\/07\/671222-150x150.jpg",150,150,true],"medium":["https:\/\/arantv.az\/wp-content\/uploads\/2018\/07\/671222-300x225.jpg",300,225,true],"large":["https:\/\/arantv.az\/wp-content\/uploads\/2018\/07\/671222.jpg",640,480,false],"1536x1536":["https:\/\/arantv.az\/wp-content\/uploads\/2018\/07\/671222.jpg",800,600,false],"2048x2048":["https:\/\/arantv.az\/wp-content\/uploads\/2018\/07\/671222.jpg",800,600,false],"post-thumbnail":["https:\/\/arantv.az\/wp-content\/uploads\/2018\/07\/671222.jpg",229,172,false],"advps-thumb-one":["https:\/\/arantv.az\/wp-content\/uploads\/2018\/07\/671222.jpg",800,600,false]},"rttpg_author":{"display_name":"V\u00fcsal Rafiqo\u011flu","author_link":"https:\/\/arantv.az\/?author=2"},"rttpg_comment":0,"rttpg_category":"<a href=\"https:\/\/arantv.az\/?cat=1\" rel=\"category\">C\u0259miyy\u0259t<\/a>","rttpg_excerpt":"&#8220;Bu g\u00fcn b\u0259zi &#8220;maraql\u0131 dair\u0259l\u0259r&#8221; Az\u0259rbaycanda ba\u015f ver\u0259n hadis\u0259l\u0259ri \u00f6zl\u0259rin\u0259 s\u0259rf ed\u0259n formada \u015f\u0259rh etm\u0259y\u0259 \u00e7al\u0131\u015f\u0131r, h\u0259m daxild\u0259, h\u0259m d\u0259 xaricd\u0259 \u00f6lk\u0259mizin m\u00fcsb\u0259t imicin\u0259 k\u00f6lg\u0259 salma\u011fa c\u0259hd edirl\u0259r. Az\u0259rbaycan\u0131n u\u011furlar\u0131n\u0131 g\u00f6z\u00fc g\u00f6t\u00fcrm\u0259y\u0259n bu \u00fcns\u00fcrl\u0259r h\u0259r f\u00fcrs\u0259td\u0259 qaralama kampaniyas\u0131 apar\u0131r, hans\u0131sa antimilli q\u00fcvv\u0259l\u0259rin sifari\u015fl\u0259rini h\u0259yata ke\u00e7irirl\u0259r. Art\u0131q \u0259n\u0259n\u0259 hal\u0131n\u0131 alan v\u0259 \u00f6lk\u0259mizd\u0259 ke\u00e7iril\u0259n &#8220;Jara&#8221; musiqi festival\u0131&hellip;","_links":{"self":[{"href":"https:\/\/arantv.az\/index.php?rest_route=\/wp\/v2\/posts\/1205"}],"collection":[{"href":"https:\/\/arantv.az\/index.php?rest_route=\/wp\/v2\/posts"}],"about":[{"href":"https:\/\/arantv.az\/index.php?rest_route=\/wp\/v2\/types\/post"}],"author":[{"embeddable":true,"href":"https:\/\/arantv.az\/index.php?rest_route=\/wp\/v2\/users\/2"}],"replies":[{"embeddable":true,"href":"https:\/\/arantv.az\/index.php?rest_route=%2Fwp%2Fv2%2Fcomments&post=1205"}],"version-history":[{"count":0,"href":"https:\/\/arantv.az\/index.php?rest_route=\/wp\/v2\/posts\/1205\/revisions"}],"wp:featuredmedia":[{"embeddable":true,"href":"https:\/\/arantv.az\/index.php?rest_route=\/wp\/v2\/media\/1206"}],"wp:attachment":[{"href":"https:\/\/arantv.az\/index.php?rest_route=%2Fwp%2Fv2%2Fmedia&parent=1205"}],"wp:term":[{"taxonomy":"category","embeddable":true,"href":"https:\/\/arantv.az\/index.php?rest_route=%2Fwp%2Fv2%2Fcategories&post=1205"},{"taxonomy":"post_tag","embeddable":true,"href":"https:\/\/arantv.az\/index.php?rest_route=%2Fwp%2Fv2%2Ftags&post=1205"}],"curies":[{"name":"wp","href":"https:\/\/api.w.org\/{rel}","templated":true}]}}