{"id":120605,"date":"2020-01-21T08:23:28","date_gmt":"2020-01-21T05:23:28","guid":{"rendered":"http:\/\/arantv.az\/?p=120605"},"modified":"2020-01-21T08:23:28","modified_gmt":"2020-01-21T05:23:28","slug":"mahir-emrelinin-zaqataladaki-fermasi-video","status":"publish","type":"post","link":"https:\/\/arantv.az\/?p=120605","title":{"rendered":"Mahir Emrelinin Zaqataladak\u0131 fermas\u0131 &#8211; V\u0130DEO"},"content":{"rendered":"<p>&#8220;CBC Sport&#8221;da yay\u0131mlanan &#8220;Foto+&#8221; verili\u015finin qona\u011f\u0131 Az\u0259rbaycan y\u0131\u011fmas\u0131n\u0131n v\u0259 &#8220;Qaraba\u011f&#8221; klubunun futbol\u00e7usu Mahir Emreli olub. <strong>ARANTV.AZ<\/strong> x\u0259b\u0259r verir ki, futbol\u00e7u Zaqatalada edil\u0259n \u00e7\u0259kili\u015fd\u0259 biznesind\u0259n, ail\u0259sind\u0259n b\u0259hs edib. Mahir futbolda qazand\u0131\u011f\u0131 pullar\u0131 biznes\u0259 yat\u0131rd\u0131\u011f\u0131n\u0131 deyib. Anas\u0131 Elnur\u0259 Emreli bildirib ki, mahirin mal-qara biznesi var: &#8220;Mahir bacard\u0131\u011f\u0131 q\u0259d\u0259r Zaqatalada yat\u0131r\u0131m edir. Onun burada fermas\u0131 var. \u00d6t\u0259n ild\u0259n a\u00e7\u0131l\u0131b&#8221;. Day\u0131s\u0131 is\u0259 Mahirin f\u0131nd\u0131q ba\u011f\u0131n\u0131n da oldu\u011funu bildirib. Qeyd ed\u0259k ki, verili\u015fin apar\u0131c\u0131s\u0131 v\u0259 fotolar\u0131n m\u00fc\u0259llifi Sadiq Quliyevdir.<\/p>\n<p><iframe loading=\"lazy\" width=\"640\" height=\"360\" src=\"https:\/\/www.youtube.com\/embed\/dxNx7ScpMtw?feature=oembed\" frameborder=\"0\" allow=\"accelerometer; autoplay; encrypted-media; gyroscope; picture-in-picture\" allowfullscreen><\/iframe><\/p>\n","protected":false},"excerpt":{"rendered":"<p>&#8220;CBC Sport&#8221;da yay\u0131mlanan &#8220;Foto+&#8221; verili\u015finin qona\u011f\u0131 Az\u0259rbaycan y\u0131\u011fmas\u0131n\u0131n v\u0259 &#8220;Qaraba\u011f&#8221; klubunun futbol\u00e7usu Mahir Emreli olub. ARANTV.AZ x\u0259b\u0259r verir ki, futbol\u00e7u Zaqatalada edil\u0259n \u00e7\u0259kili\u015fd\u0259 biznesind\u0259n, ail\u0259sind\u0259n b\u0259hs edib. Mahir futbolda qazand\u0131\u011f\u0131 pullar\u0131 biznes\u0259 yat\u0131rd\u0131\u011f\u0131n\u0131 deyib. Anas\u0131 Elnur\u0259 Emreli bildirib ki, mahirin mal-qara biznesi var: &#8220;Mahir bacard\u0131\u011f\u0131 q\u0259d\u0259r Zaqatalada yat\u0131r\u0131m edir. Onun burada fermas\u0131 var. \u00d6t\u0259n ild\u0259n a\u00e7\u0131l\u0131b&#8221;. Day\u0131s\u0131 is\u0259 Mahirin f\u0131nd\u0131q ba\u011f\u0131n\u0131n da oldu\u011funu bildirib. Qeyd ed\u0259k ki, verili\u015fin apar\u0131c\u0131s\u0131 v\u0259 fotolar\u0131n m\u00fc\u0259llifi Sadiq Quliyevdir.<\/p>\n","protected":false},"author":2,"featured_media":120606,"comment_status":"closed","ping_status":"closed","sticky":false,"template":"","format":"standard","meta":{"om_disable_all_campaigns":false,"_monsterinsights_skip_tracking":false,"_monsterinsights_sitenote_active":false,"_monsterinsights_sitenote_note":"","_monsterinsights_sitenote_category":0},"categories":[6],"tags":[],"aioseo_notices":[],"gutentor_comment":0,"rttpg_featured_image_url":{"full":["https:\/\/arantv.az\/wp-content\/uploads\/2020\/01\/83595740_579293789301077_7587731182096220160_n.jpg",500,333,false],"landscape":["https:\/\/arantv.az\/wp-content\/uploads\/2020\/01\/83595740_579293789301077_7587731182096220160_n.jpg",500,333,false],"portraits":["https:\/\/arantv.az\/wp-content\/uploads\/2020\/01\/83595740_579293789301077_7587731182096220160_n.jpg",500,333,false],"thumbnail":["https:\/\/arantv.az\/wp-content\/uploads\/2020\/01\/83595740_579293789301077_7587731182096220160_n-150x150.jpg",150,150,true],"medium":["https:\/\/arantv.az\/wp-content\/uploads\/2020\/01\/83595740_579293789301077_7587731182096220160_n-300x200.jpg",300,200,true],"large":["https:\/\/arantv.az\/wp-content\/uploads\/2020\/01\/83595740_579293789301077_7587731182096220160_n.jpg",500,333,false],"1536x1536":["https:\/\/arantv.az\/wp-content\/uploads\/2020\/01\/83595740_579293789301077_7587731182096220160_n.jpg",500,333,false],"2048x2048":["https:\/\/arantv.az\/wp-content\/uploads\/2020\/01\/83595740_579293789301077_7587731182096220160_n.jpg",500,333,false],"post-thumbnail":["https:\/\/arantv.az\/wp-content\/uploads\/2020\/01\/83595740_579293789301077_7587731182096220160_n-240x172.jpg",240,172,true],"advps-thumb-one":["https:\/\/arantv.az\/wp-content\/uploads\/2020\/01\/83595740_579293789301077_7587731182096220160_n.jpg",500,333,false]},"rttpg_author":{"display_name":"V\u00fcsal Rafiqo\u011flu","author_link":"https:\/\/arantv.az\/?author=2"},"rttpg_comment":0,"rttpg_category":"<a href=\"https:\/\/arantv.az\/?cat=6\" rel=\"category\">\u0130dman<\/a>","rttpg_excerpt":"&#8220;CBC Sport&#8221;da yay\u0131mlanan &#8220;Foto+&#8221; verili\u015finin qona\u011f\u0131 Az\u0259rbaycan y\u0131\u011fmas\u0131n\u0131n v\u0259 &#8220;Qaraba\u011f&#8221; klubunun futbol\u00e7usu Mahir Emreli olub. ARANTV.AZ x\u0259b\u0259r verir ki, futbol\u00e7u Zaqatalada edil\u0259n \u00e7\u0259kili\u015fd\u0259 biznesind\u0259n, ail\u0259sind\u0259n b\u0259hs edib. Mahir futbolda qazand\u0131\u011f\u0131 pullar\u0131 biznes\u0259 yat\u0131rd\u0131\u011f\u0131n\u0131 deyib. Anas\u0131 Elnur\u0259 Emreli bildirib ki, mahirin mal-qara biznesi var: &#8220;Mahir bacard\u0131\u011f\u0131 q\u0259d\u0259r Zaqatalada yat\u0131r\u0131m edir. Onun burada fermas\u0131 var. \u00d6t\u0259n ild\u0259n&hellip;","_links":{"self":[{"href":"https:\/\/arantv.az\/index.php?rest_route=\/wp\/v2\/posts\/120605"}],"collection":[{"href":"https:\/\/arantv.az\/index.php?rest_route=\/wp\/v2\/posts"}],"about":[{"href":"https:\/\/arantv.az\/index.php?rest_route=\/wp\/v2\/types\/post"}],"author":[{"embeddable":true,"href":"https:\/\/arantv.az\/index.php?rest_route=\/wp\/v2\/users\/2"}],"replies":[{"embeddable":true,"href":"https:\/\/arantv.az\/index.php?rest_route=%2Fwp%2Fv2%2Fcomments&post=120605"}],"version-history":[{"count":0,"href":"https:\/\/arantv.az\/index.php?rest_route=\/wp\/v2\/posts\/120605\/revisions"}],"wp:featuredmedia":[{"embeddable":true,"href":"https:\/\/arantv.az\/index.php?rest_route=\/wp\/v2\/media\/120606"}],"wp:attachment":[{"href":"https:\/\/arantv.az\/index.php?rest_route=%2Fwp%2Fv2%2Fmedia&parent=120605"}],"wp:term":[{"taxonomy":"category","embeddable":true,"href":"https:\/\/arantv.az\/index.php?rest_route=%2Fwp%2Fv2%2Fcategories&post=120605"},{"taxonomy":"post_tag","embeddable":true,"href":"https:\/\/arantv.az\/index.php?rest_route=%2Fwp%2Fv2%2Ftags&post=120605"}],"curies":[{"name":"wp","href":"https:\/\/api.w.org\/{rel}","templated":true}]}}