{"id":120621,"date":"2020-01-21T08:38:16","date_gmt":"2020-01-21T05:38:16","guid":{"rendered":"http:\/\/arantv.az\/?p=120621"},"modified":"2020-01-21T08:38:16","modified_gmt":"2020-01-21T05:38:16","slug":"abs-in-irana-q%c9%99z%c9%99binin-s%c9%99b%c9%99bi-aciqlandi","status":"publish","type":"post","link":"https:\/\/arantv.az\/?p=120621","title":{"rendered":"AB\u015e-\u0131n \u0130rana q\u0259z\u0259binin s\u0259b\u0259bi a\u00e7\u0131qland\u0131"},"content":{"rendered":"<p>AB\u015e r\u0259hb\u0259rliyinin \u0130rana q\u0259z\u0259bli m\u00fcnasib\u0259ti \u0130ran xalq\u0131n\u0131n m\u00fcst\u0259qilliyind\u0259n v\u0259 Tehran\u0131n Va\u015finqtona qar\u015f\u0131 m\u00fcxalif\u0259tind\u0259n qaynaqlan\u0131r.<\/p>\n<p>Lenta.ru-nun m\u0259lumat\u0131na g\u00f6r\u0259, bunu \u0130ran\u0131n Ali dini lideri Ay\u0259tullah \u018fli Xameneyi \u201cTwitter\u201dd\u0259 b\u0259yan edib.<\/p>\n<div id=\"AdviadNativeVideo0\" class=\"AdviadNativeVideo\"><\/div>\n<p>\u201c\u0130ran\u0131n AB\u015e-a qar\u015f\u0131 m\u00fcqavim\u0259ti b\u00fct\u00fcn d\u00fcnya \u00fc\u00e7\u00fcn c\u0259lbedicidir. Va\u015finqton \u0130\u0130R-in m\u00fcst\u0259qil d\u00f6vl\u0259t imicin\u0259 v\u0259 t\u0259cav\u00fczkara qar\u015f\u0131 m\u00fcqavim\u0259t g\u00f6st\u0259r\u0259n mill\u0259tin\u0259 g\u00f6r\u0259 \u0130ran xalq\u0131na q\u0259z\u0259bl\u0259nir\u201d, &#8211; dey\u0259 o bildirib.<\/p>\n<div>\n<div class=\"SandboxRoot env-bp-350\" data-twitter-event-id=\"0\">\n<div id=\"twitter-widget-0\" class=\"EmbeddedTweet EmbeddedTweet--cta js-clickToOpenTarget\" lang=\"en\" data-click-to-open-target=\"https:\/\/twitter.com\/khamenei_ir\/status\/1219323389048913923\" data-iframe-title=\"Twitter Tweet\" data-scribe=\"page:tweet\" data-twitter-event-id=\"1\">\n<div class=\"EmbeddedTweet-tweetContainer\">\n<div class=\"EmbeddedTweet-tweet\">\n<blockquote class=\"Tweet h-entry js-tweetIdInfo subject expanded\" cite=\"https:\/\/twitter.com\/khamenei_ir\/status\/1219323389048913923\" data-tweet-id=\"1219323389048913923\" data-scribe=\"section:subject\">\n<div class=\"Tweet-header\"><a class=\"TweetAuthor-avatar  Identity-avatar u-linkBlend\" href=\"https:\/\/twitter.com\/khamenei_ir\" data-scribe=\"element:user_link\" aria-label=\"Khamenei.ir (screen name: khamenei_ir)\"><img class=\"Avatar\" src=\"https:\/\/pbs.twimg.com\/profile_images\/931740056104120320\/nJolN7Wi_normal.jpg\" alt=\"\" data-scribe=\"element:avatar\" data-src-2x=\"https:\/\/pbs.twimg.com\/profile_images\/931740056104120320\/nJolN7Wi_bigger.jpg\" data-src-1x=\"https:\/\/pbs.twimg.com\/profile_images\/931740056104120320\/nJolN7Wi_normal.jpg\" \/><\/a><\/p>\n<div class=\"TweetAuthor js-inViewportScribingTarget\" data-scribe=\"component:author\">\n<div class=\"TweetAuthor-nameScreenNameContainer\"><span class=\"TweetAuthor-decoratedName\"><span class=\"TweetAuthor-name Identity-name customisable-highlight\" title=\"Khamenei.ir\" data-scribe=\"element:name\">Khamenei.ir<\/span><\/span><span class=\"TweetAuthor-screenName Identity-screenName\" dir=\"ltr\" title=\"@khamenei_ir\" data-scribe=\"element:screen_name\">@khamenei_ir<\/span><\/div>\n<\/div>\n<div class=\"Tweet-brand\">\n<div class=\"Icon Icon--twitter \" title=\"View on Twitter\" role=\"presentation\" aria-label=\"View on Twitter\"><\/div>\n<\/div>\n<\/div>\n<div class=\"Tweet-body e-entry-content\" data-scribe=\"component:tweet\">\n<div class=\"Tweet-target js-inViewportScribingTarget\"><\/div>\n<p class=\"Tweet-text e-entry-title\" dir=\"ltr\" lang=\"en\"><a class=\"PrettyLink hashtag customisable\" dir=\"ltr\" href=\"https:\/\/twitter.com\/hashtag\/Iran?src=hash\" rel=\"tag\" data-query-source=\"hashtag_click\" data-scribe=\"element:hashtag\"><span class=\"PrettyLink-prefix\">#<\/span><span class=\"PrettyLink-value\">Iran<\/span><\/a>\u2019s resistance to the US is attractive to the world. The US govt is angry with the Iranian nation due to the image they give of an <a class=\"PrettyLink hashtag customisable\" dir=\"ltr\" href=\"https:\/\/twitter.com\/hashtag\/independent?src=hash\" rel=\"tag\" data-query-source=\"hashtag_click\" data-scribe=\"element:hashtag\"><span class=\"PrettyLink-prefix\">#<\/span><span class=\"PrettyLink-value\">independent<\/span><\/a> state and nation standing up to an aggressor. This attraction should be used to spread the truths of <a class=\"PrettyLink hashtag customisable\" dir=\"ltr\" href=\"https:\/\/twitter.com\/hashtag\/Islam?src=hash\" rel=\"tag\" data-query-source=\"hashtag_click\" data-scribe=\"element:hashtag\"><span class=\"PrettyLink-prefix\">#<\/span><span class=\"PrettyLink-value\">Islam<\/span><\/a> &amp; the Iranian nation.<\/p>\n<div class=\"TweetInfo\">\n<div class=\"TweetInfo-like\">\n<div data-scribe=\"element:heart\">\n<div class=\"Icon Icon--heart \" title=\"Like\" role=\"img\" aria-label=\"Like\"><\/div>\n<\/div>\n<p><a class=\"TweetInfo-heart\" title=\"Like\" href=\"https:\/\/twitter.com\/intent\/like?tweet_id=1219323389048913923\" data-scribe=\"component:actions\"><span class=\"TweetInfo-heartStat\" data-scribe=\"element:heart_count\">4,141<\/span><\/a><\/div>\n<div class=\"TweetInfo-timeGeo\"><a class=\"u-linkBlend u-url customisable-highlight long-permalink\" href=\"https:\/\/twitter.com\/khamenei_ir\/status\/1219323389048913923\" data-datetime=\"2020-01-20T18:18:44+0000\" data-scribe=\"element:full_timestamp\"><time class=\"dt-updated\" title=\"Time posted: January 20, 2020 18:18:44 (UTC)\" datetime=\"2020-01-20T18:18:44+0000\">10:18 PM &#8211; Jan 20, 2020<\/time><\/a><\/div>\n<div class=\"tweet-InformationCircle\" data-scribe=\"element:notice\"><a class=\"Icon Icon--informationCircleWhite js-inViewportScribingTarget\" title=\"Twitter Ads info and privacy\" href=\"https:\/\/support.twitter.com\/articles\/20175256\"><span class=\"u-hiddenVisually\">Twitter Ads info and privacy<\/span><\/a><\/div>\n<\/div>\n<\/div>\n<\/blockquote>\n<\/div>\n<div class=\"CallToAction-icon\" data-scribe=\"element:conversation_icon\">\n<div class=\"Icon Icon--replyCTA \" title=\"View conversation on Twitter\" role=\"img\" aria-label=\"View conversation on Twitter\"><\/div>\n<\/div>\n<div class=\"CallToAction-text\" data-scribe=\"element:conversation_text\">1,352 people are talking about this<\/div>\n<div class=\"CallToAction-chevron\" data-scribe=\"element:cta_chevron\">\n<div class=\"Icon Icon--chevronRightCTA \" title=\"View on Twitter\" role=\"img\" aria-label=\"View on Twitter\"><\/div>\n<\/div>\n<\/div>\n<\/div>\n<div class=\"resize-sensor\">\n<div class=\"resize-sensor-expand\">\n<div><\/div>\n<\/div>\n<div class=\"resize-sensor-shrink\">\n<div><\/div>\n<\/div>\n<\/div>\n<\/div>\n<\/div>\n<p>Ay\u0259tullah Xameneyi bundan \u0259vv\u0259l \u0130ran \u0130slam \u0130nqilab\u0131 Ke\u015fik\u00e7il\u0259ri Korpusunun \u201c\u018fl-Q\u00fcds\u201d x\u00fcsusi t\u0259yinatl\u0131lar\u0131n\u0131n komandirinin \u00f6ld\u00fcr\u00fclm\u0259sini \u201cqorxaq kimi davranan v\u0259 art\u0131q imicini b\u0259rpa ed\u0259 bilm\u0259y\u0259n AB\u015e \u00fc\u00e7\u00fcn r\u00fcsvay\u00e7\u0131l\u0131q\u201d adland\u0131rm\u0131\u015fd\u0131.<\/p>\n","protected":false},"excerpt":{"rendered":"<p>AB\u015e r\u0259hb\u0259rliyinin \u0130rana q\u0259z\u0259bli m\u00fcnasib\u0259ti \u0130ran xalq\u0131n\u0131n m\u00fcst\u0259qilliyind\u0259n v\u0259 Tehran\u0131n Va\u015finqtona qar\u015f\u0131 m\u00fcxalif\u0259tind\u0259n qaynaqlan\u0131r. Lenta.ru-nun m\u0259lumat\u0131na g\u00f6r\u0259, bunu \u0130ran\u0131n Ali dini lideri Ay\u0259tullah \u018fli Xameneyi \u201cTwitter\u201dd\u0259 b\u0259yan edib. \u201c\u0130ran\u0131n AB\u015e-a qar\u015f\u0131 m\u00fcqavim\u0259ti b\u00fct\u00fcn d\u00fcnya \u00fc\u00e7\u00fcn c\u0259lbedicidir. Va\u015finqton \u0130\u0130R-in m\u00fcst\u0259qil d\u00f6vl\u0259t imicin\u0259 v\u0259 t\u0259cav\u00fczkara qar\u015f\u0131 m\u00fcqavim\u0259t g\u00f6st\u0259r\u0259n mill\u0259tin\u0259 g\u00f6r\u0259 \u0130ran xalq\u0131na q\u0259z\u0259bl\u0259nir\u201d, &#8211; dey\u0259 o bildirib. Khamenei.ir@khamenei_ir #Iran\u2019s resistance to the US is attractive to the world. The US govt is angry with the Iranian nation due to the image they give of an #independent state and nation standing up to&hellip;<\/p>\n","protected":false},"author":2,"featured_media":120622,"comment_status":"closed","ping_status":"closed","sticky":false,"template":"","format":"standard","meta":{"om_disable_all_campaigns":false,"_monsterinsights_skip_tracking":false,"_monsterinsights_sitenote_active":false,"_monsterinsights_sitenote_note":"","_monsterinsights_sitenote_category":0},"categories":[7],"tags":[],"aioseo_notices":[],"gutentor_comment":0,"rttpg_featured_image_url":{"full":["https:\/\/arantv.az\/wp-content\/uploads\/2020\/01\/95594_441.jpg",620,414,false],"landscape":["https:\/\/arantv.az\/wp-content\/uploads\/2020\/01\/95594_441.jpg",620,414,false],"portraits":["https:\/\/arantv.az\/wp-content\/uploads\/2020\/01\/95594_441.jpg",620,414,false],"thumbnail":["https:\/\/arantv.az\/wp-content\/uploads\/2020\/01\/95594_441-150x150.jpg",150,150,true],"medium":["https:\/\/arantv.az\/wp-content\/uploads\/2020\/01\/95594_441-300x200.jpg",300,200,true],"large":["https:\/\/arantv.az\/wp-content\/uploads\/2020\/01\/95594_441.jpg",620,414,false],"1536x1536":["https:\/\/arantv.az\/wp-content\/uploads\/2020\/01\/95594_441.jpg",620,414,false],"2048x2048":["https:\/\/arantv.az\/wp-content\/uploads\/2020\/01\/95594_441.jpg",620,414,false],"post-thumbnail":["https:\/\/arantv.az\/wp-content\/uploads\/2020\/01\/95594_441-240x172.jpg",240,172,true],"advps-thumb-one":["https:\/\/arantv.az\/wp-content\/uploads\/2020\/01\/95594_441.jpg",620,414,false]},"rttpg_author":{"display_name":"V\u00fcsal Rafiqo\u011flu","author_link":"https:\/\/arantv.az\/?author=2"},"rttpg_comment":0,"rttpg_category":"<a href=\"https:\/\/arantv.az\/?cat=7\" rel=\"category\">D\u00fcnya<\/a>","rttpg_excerpt":"AB\u015e r\u0259hb\u0259rliyinin \u0130rana q\u0259z\u0259bli m\u00fcnasib\u0259ti \u0130ran xalq\u0131n\u0131n m\u00fcst\u0259qilliyind\u0259n v\u0259 Tehran\u0131n Va\u015finqtona qar\u015f\u0131 m\u00fcxalif\u0259tind\u0259n qaynaqlan\u0131r. Lenta.ru-nun m\u0259lumat\u0131na g\u00f6r\u0259, bunu \u0130ran\u0131n Ali dini lideri Ay\u0259tullah \u018fli Xameneyi \u201cTwitter\u201dd\u0259 b\u0259yan edib. \u201c\u0130ran\u0131n AB\u015e-a qar\u015f\u0131 m\u00fcqavim\u0259ti b\u00fct\u00fcn d\u00fcnya \u00fc\u00e7\u00fcn c\u0259lbedicidir. Va\u015finqton \u0130\u0130R-in m\u00fcst\u0259qil d\u00f6vl\u0259t imicin\u0259 v\u0259 t\u0259cav\u00fczkara qar\u015f\u0131 m\u00fcqavim\u0259t g\u00f6st\u0259r\u0259n mill\u0259tin\u0259 g\u00f6r\u0259 \u0130ran xalq\u0131na q\u0259z\u0259bl\u0259nir\u201d, &#8211; dey\u0259 o bildirib.&hellip;","_links":{"self":[{"href":"https:\/\/arantv.az\/index.php?rest_route=\/wp\/v2\/posts\/120621"}],"collection":[{"href":"https:\/\/arantv.az\/index.php?rest_route=\/wp\/v2\/posts"}],"about":[{"href":"https:\/\/arantv.az\/index.php?rest_route=\/wp\/v2\/types\/post"}],"author":[{"embeddable":true,"href":"https:\/\/arantv.az\/index.php?rest_route=\/wp\/v2\/users\/2"}],"replies":[{"embeddable":true,"href":"https:\/\/arantv.az\/index.php?rest_route=%2Fwp%2Fv2%2Fcomments&post=120621"}],"version-history":[{"count":0,"href":"https:\/\/arantv.az\/index.php?rest_route=\/wp\/v2\/posts\/120621\/revisions"}],"wp:featuredmedia":[{"embeddable":true,"href":"https:\/\/arantv.az\/index.php?rest_route=\/wp\/v2\/media\/120622"}],"wp:attachment":[{"href":"https:\/\/arantv.az\/index.php?rest_route=%2Fwp%2Fv2%2Fmedia&parent=120621"}],"wp:term":[{"taxonomy":"category","embeddable":true,"href":"https:\/\/arantv.az\/index.php?rest_route=%2Fwp%2Fv2%2Fcategories&post=120621"},{"taxonomy":"post_tag","embeddable":true,"href":"https:\/\/arantv.az\/index.php?rest_route=%2Fwp%2Fv2%2Ftags&post=120621"}],"curies":[{"name":"wp","href":"https:\/\/api.w.org\/{rel}","templated":true}]}}