{"id":120658,"date":"2020-01-21T09:01:43","date_gmt":"2020-01-21T06:01:43","guid":{"rendered":"http:\/\/arantv.az\/?p=120658"},"modified":"2020-01-21T09:01:43","modified_gmt":"2020-01-21T06:01:43","slug":"konqres-uzvu-abs-mutt%c9%99fiq-v%c9%99-t%c9%99r%c9%99fdasi-az%c9%99rbaycanin-yanindadir","status":"publish","type":"post","link":"https:\/\/arantv.az\/?p=120658","title":{"rendered":"Konqres \u00fczv\u00fc: &#8220;AB\u015e m\u00fctt\u0259fiq v\u0259 t\u0259r\u0259fda\u015f\u0131 Az\u0259rbaycan\u0131n yan\u0131ndad\u0131r&#8221;"},"content":{"rendered":"<p><strong>20 Yanvar faci\u0259sinin 30 illiyi il\u0259 ba\u011fl\u0131 AB\u015e Konqresind\u0259 n\u00f6vb\u0259ti b\u0259yanat verilib. AB\u015e Konqresinin n\u00fcfuzlu Xarici M\u0259s\u0259l\u0259l\u0259r Komit\u0259sinin \u00fczv\u00fc Robert Aderholt faci\u0259 il\u0259 ba\u011fl\u0131 b\u0259yanatla \u00e7\u0131x\u0131\u015f edib.<\/strong><\/p>\n<p>Az\u0259rbaycan\u0131n AB\u015e-dak\u0131 s\u0259firliyind\u0259n\u00a0<a href=\"http:\/\/trend.az\/\" target=\"_blank\" rel=\"noopener\">Trend<\/a>-\u0259 veril\u0259n m\u0259lumata g\u00f6r\u0259, b\u0259yanatda bildirilir ki, bu ay bizim dost v\u0259 m\u00fctt\u0259fiqimiz Az\u0259rbaycan Respublikas\u0131 &#8220;Qara Yanvar&#8221; hadis\u0259sinin 30 illiyini qeyd edir. Diqq\u0259t\u0259 \u00e7atd\u0131r\u0131l\u0131r ki, bu hadis\u0259, 20-ci \u0259sr \u0259rzind\u0259 davam etmi\u015f i\u015f\u011fal\u0131n, y\u0259ni Az\u0259rbaycan \u00fcz\u0259rind\u0259 Sovet idar\u0259\u00e7iliyinin sonunun ba\u015flan\u011f\u0131c\u0131 kimi simvoliz\u0259 olunur.<\/p>\n<p>B\u0259yanatda h\u0259m\u00e7inin m\u0259lumat verilir ki, 19-20 yanvar 1990-c\u0131 il tarixind\u0259 Az\u0259rbaycan\u0131n paytaxt\u0131 Bak\u0131 \u015f\u0259h\u0259rind\u0259 zorak\u0131l\u0131q zaman\u0131 Sovet ordusu 100-d\u0259n \u00e7ox Az\u0259rbaycanl\u0131 n\u00fcmayi\u015f\u00e7ini q\u0259tl\u0259 yetirib, 700 n\u0259f\u0259r is\u0259 yaralan\u0131b. Sovet h\u0259rb\u00e7il\u0259rinin zorak\u0131l\u0131\u011f\u0131na baxmayaraq, Az\u0259rbaycan \u0259halisi dinc etiraz\u0131n\u0131 1991-ci il 18 oktyabr tarixind\u0259 SSR\u0130-d\u0259n m\u00fcst\u0259qilliyini elan ed\u0259n\u0259 q\u0259d\u0259r davam etdirib.<\/p>\n<p>Konqresmen Aderholt b\u0259yanat\u0131nda h\u0259mkarlar\u0131na s\u0259sl\u0259n\u0259r\u0259k Az\u0259rbaycanda &#8220;Qara Yanvar&#8221; faci\u0259sinin v\u0259 azadl\u0131q u\u011frunda canlar\u0131ndan ke\u00e7mi\u015f insanlar\u0131n xatir\u0259sinin yad edilm\u0259sin\u0259 \u00e7a\u011f\u0131r\u0131b, AB\u015e-\u0131n m\u00fctt\u0259fiq v\u0259 t\u0259r\u0259fda\u015f\u0131 Az\u0259rbaycan\u0131n yan\u0131nda oldu\u011funu x\u00fcsusi vur\u011fulay\u0131b.<\/p>\n<p>B\u0259yanatla https:\/\/www.congress.gov\/116\/crec\/2020\/01\/16\/CREC-2020-01-16-pt1-PgE52-2.pdf internet s\u0259hif\u0259sind\u0259 tan\u0131\u015f ola bil\u0259rsiz.<\/p>\n","protected":false},"excerpt":{"rendered":"<p>20 Yanvar faci\u0259sinin 30 illiyi il\u0259 ba\u011fl\u0131 AB\u015e Konqresind\u0259 n\u00f6vb\u0259ti b\u0259yanat verilib. AB\u015e Konqresinin n\u00fcfuzlu Xarici M\u0259s\u0259l\u0259l\u0259r Komit\u0259sinin \u00fczv\u00fc Robert Aderholt faci\u0259 il\u0259 ba\u011fl\u0131 b\u0259yanatla \u00e7\u0131x\u0131\u015f edib. Az\u0259rbaycan\u0131n AB\u015e-dak\u0131 s\u0259firliyind\u0259n\u00a0Trend-\u0259 veril\u0259n m\u0259lumata g\u00f6r\u0259, b\u0259yanatda bildirilir ki, bu ay bizim dost v\u0259 m\u00fctt\u0259fiqimiz Az\u0259rbaycan Respublikas\u0131 &#8220;Qara Yanvar&#8221; hadis\u0259sinin 30 illiyini qeyd edir. Diqq\u0259t\u0259 \u00e7atd\u0131r\u0131l\u0131r ki, bu hadis\u0259, 20-ci \u0259sr \u0259rzind\u0259 davam etmi\u015f i\u015f\u011fal\u0131n, y\u0259ni Az\u0259rbaycan \u00fcz\u0259rind\u0259 Sovet idar\u0259\u00e7iliyinin sonunun ba\u015flan\u011f\u0131c\u0131 kimi simvoliz\u0259 olunur. B\u0259yanatda h\u0259m\u00e7inin m\u0259lumat verilir ki, 19-20 yanvar 1990-c\u0131 il tarixind\u0259 Az\u0259rbaycan\u0131n paytaxt\u0131 Bak\u0131 \u015f\u0259h\u0259rind\u0259 zorak\u0131l\u0131q zaman\u0131 Sovet ordusu&hellip;<\/p>\n","protected":false},"author":2,"featured_media":120659,"comment_status":"closed","ping_status":"closed","sticky":false,"template":"","format":"standard","meta":{"om_disable_all_campaigns":false,"_monsterinsights_skip_tracking":false,"_monsterinsights_sitenote_active":false,"_monsterinsights_sitenote_note":"","_monsterinsights_sitenote_category":0},"categories":[4],"tags":[],"aioseo_notices":[],"gutentor_comment":0,"rttpg_featured_image_url":{"full":["https:\/\/arantv.az\/wp-content\/uploads\/2020\/01\/819485.jpg",800,600,false],"landscape":["https:\/\/arantv.az\/wp-content\/uploads\/2020\/01\/819485.jpg",800,600,false],"portraits":["https:\/\/arantv.az\/wp-content\/uploads\/2020\/01\/819485.jpg",800,600,false],"thumbnail":["https:\/\/arantv.az\/wp-content\/uploads\/2020\/01\/819485-150x150.jpg",150,150,true],"medium":["https:\/\/arantv.az\/wp-content\/uploads\/2020\/01\/819485-300x225.jpg",300,225,true],"large":["https:\/\/arantv.az\/wp-content\/uploads\/2020\/01\/819485.jpg",640,480,false],"1536x1536":["https:\/\/arantv.az\/wp-content\/uploads\/2020\/01\/819485.jpg",800,600,false],"2048x2048":["https:\/\/arantv.az\/wp-content\/uploads\/2020\/01\/819485.jpg",800,600,false],"post-thumbnail":["https:\/\/arantv.az\/wp-content\/uploads\/2020\/01\/819485-240x172.jpg",240,172,true],"advps-thumb-one":["https:\/\/arantv.az\/wp-content\/uploads\/2020\/01\/819485.jpg",800,600,false]},"rttpg_author":{"display_name":"V\u00fcsal Rafiqo\u011flu","author_link":"https:\/\/arantv.az\/?author=2"},"rttpg_comment":0,"rttpg_category":"<a href=\"https:\/\/arantv.az\/?cat=4\" rel=\"category\">Siyas\u0259t<\/a>","rttpg_excerpt":"20 Yanvar faci\u0259sinin 30 illiyi il\u0259 ba\u011fl\u0131 AB\u015e Konqresind\u0259 n\u00f6vb\u0259ti b\u0259yanat verilib. AB\u015e Konqresinin n\u00fcfuzlu Xarici M\u0259s\u0259l\u0259l\u0259r Komit\u0259sinin \u00fczv\u00fc Robert Aderholt faci\u0259 il\u0259 ba\u011fl\u0131 b\u0259yanatla \u00e7\u0131x\u0131\u015f edib. Az\u0259rbaycan\u0131n AB\u015e-dak\u0131 s\u0259firliyind\u0259n\u00a0Trend-\u0259 veril\u0259n m\u0259lumata g\u00f6r\u0259, b\u0259yanatda bildirilir ki, bu ay bizim dost v\u0259 m\u00fctt\u0259fiqimiz Az\u0259rbaycan Respublikas\u0131 &#8220;Qara Yanvar&#8221; hadis\u0259sinin 30 illiyini qeyd edir. Diqq\u0259t\u0259 \u00e7atd\u0131r\u0131l\u0131r ki, bu&hellip;","_links":{"self":[{"href":"https:\/\/arantv.az\/index.php?rest_route=\/wp\/v2\/posts\/120658"}],"collection":[{"href":"https:\/\/arantv.az\/index.php?rest_route=\/wp\/v2\/posts"}],"about":[{"href":"https:\/\/arantv.az\/index.php?rest_route=\/wp\/v2\/types\/post"}],"author":[{"embeddable":true,"href":"https:\/\/arantv.az\/index.php?rest_route=\/wp\/v2\/users\/2"}],"replies":[{"embeddable":true,"href":"https:\/\/arantv.az\/index.php?rest_route=%2Fwp%2Fv2%2Fcomments&post=120658"}],"version-history":[{"count":0,"href":"https:\/\/arantv.az\/index.php?rest_route=\/wp\/v2\/posts\/120658\/revisions"}],"wp:featuredmedia":[{"embeddable":true,"href":"https:\/\/arantv.az\/index.php?rest_route=\/wp\/v2\/media\/120659"}],"wp:attachment":[{"href":"https:\/\/arantv.az\/index.php?rest_route=%2Fwp%2Fv2%2Fmedia&parent=120658"}],"wp:term":[{"taxonomy":"category","embeddable":true,"href":"https:\/\/arantv.az\/index.php?rest_route=%2Fwp%2Fv2%2Fcategories&post=120658"},{"taxonomy":"post_tag","embeddable":true,"href":"https:\/\/arantv.az\/index.php?rest_route=%2Fwp%2Fv2%2Ftags&post=120658"}],"curies":[{"name":"wp","href":"https:\/\/api.w.org\/{rel}","templated":true}]}}