{"id":120738,"date":"2020-01-21T11:11:46","date_gmt":"2020-01-21T08:11:46","guid":{"rendered":"http:\/\/arantv.az\/?p=120738"},"modified":"2020-01-21T11:11:46","modified_gmt":"2020-01-21T08:11:46","slug":"ust-yeni-koronavirus-s%c9%99b%c9%99bi-il%c9%99-t%c9%99cili-iclas-cagirir","status":"publish","type":"post","link":"https:\/\/arantv.az\/?p=120738","title":{"rendered":"\u00dcST yeni koronavirus s\u0259b\u0259bi il\u0259 t\u0259cili iclas \u00e7a\u011f\u0131r\u0131r"},"content":{"rendered":"<p><strong>\u00dcmumd\u00fcnya S\u0259hiyy\u0259 T\u0259\u015fkilat\u0131n\u0131n (\u00dcST) ba\u015f direktoru Tedros Adanom Gebreisus \u00c7ind\u0259 koronavirusun yeni n\u00f6v\u00fcn\u00fcn yay\u0131lmas\u0131 s\u0259b\u0259bi il\u0259 yanvar\u0131n 22-si f\u00f6vq\u0259lad\u0259 v\u0259ziyy\u0259t \u00fczr\u0259 Komit\u0259nin t\u0259cili iclas\u0131n\u0131 ke\u00e7ir\u0259c\u0259k.<\/strong><\/p>\n<p><strong>ARANTV.AZ\u00a0<\/strong>\u00a0<a href=\"http:\/\/az.trend.az\/\" target=\"_blank\" rel=\"noopener\">Trend<\/a>-\u0259 istinad\u0259n bildirir ki,\u00a0bu bar\u0259d\u0259 \u00dcST-n\u0131n r\u0259smi &#8220;Twitter&#8221; s\u0259hif\u0259sind\u0259 bildirilir.<\/p>\n<p>M\u0259lumatda deyilir: &#8220;\u00dcST-n\u0131n ba\u015f direktoru Tedros Adanom Gebreisus yeni koronavirus 2019-nCoV il\u0259 \u0259laq\u0259dar beyn\u0259lxalq s\u0259hiyy\u0259 standartlar\u0131na uy\u011fun olaraq f\u00f6vq\u0259lad\u0259 v\u0259ziyy\u0259t \u00fczr\u0259 komissiyan\u0131n t\u0259cili iclas\u0131n\u0131 \u00e7a\u011f\u0131r\u0131r. Komit\u0259nin iclas\u0131 \u00e7\u0259r\u015f\u0259nb\u0259 g\u00fcn\u00fc, yanvar\u0131n 22-si ke\u00e7iril\u0259c\u0259k&#8221;.<\/p>\n<p>Komit\u0259 virusla m\u00fcbariz\u0259 \u00fc\u00e7\u00fcn t\u00f6vsiy\u0259l\u0259rin haz\u0131rlanmas\u0131 \u00fcz\u0259rind\u0259 d\u0259 i\u015fl\u0259y\u0259c\u0259k.<\/p>\n","protected":false},"excerpt":{"rendered":"<p>\u00dcmumd\u00fcnya S\u0259hiyy\u0259 T\u0259\u015fkilat\u0131n\u0131n (\u00dcST) ba\u015f direktoru Tedros Adanom Gebreisus \u00c7ind\u0259 koronavirusun yeni n\u00f6v\u00fcn\u00fcn yay\u0131lmas\u0131 s\u0259b\u0259bi il\u0259 yanvar\u0131n 22-si f\u00f6vq\u0259lad\u0259 v\u0259ziyy\u0259t \u00fczr\u0259 Komit\u0259nin t\u0259cili iclas\u0131n\u0131 ke\u00e7ir\u0259c\u0259k. ARANTV.AZ\u00a0\u00a0Trend-\u0259 istinad\u0259n bildirir ki,\u00a0bu bar\u0259d\u0259 \u00dcST-n\u0131n r\u0259smi &#8220;Twitter&#8221; s\u0259hif\u0259sind\u0259 bildirilir. M\u0259lumatda deyilir: &#8220;\u00dcST-n\u0131n ba\u015f direktoru Tedros Adanom Gebreisus yeni koronavirus 2019-nCoV il\u0259 \u0259laq\u0259dar beyn\u0259lxalq s\u0259hiyy\u0259 standartlar\u0131na uy\u011fun olaraq f\u00f6vq\u0259lad\u0259 v\u0259ziyy\u0259t \u00fczr\u0259 komissiyan\u0131n t\u0259cili iclas\u0131n\u0131 \u00e7a\u011f\u0131r\u0131r. Komit\u0259nin iclas\u0131 \u00e7\u0259r\u015f\u0259nb\u0259 g\u00fcn\u00fc, yanvar\u0131n 22-si ke\u00e7iril\u0259c\u0259k&#8221;. Komit\u0259 virusla m\u00fcbariz\u0259 \u00fc\u00e7\u00fcn t\u00f6vsiy\u0259l\u0259rin haz\u0131rlanmas\u0131 \u00fcz\u0259rind\u0259 d\u0259 i\u015fl\u0259y\u0259c\u0259k.<\/p>\n","protected":false},"author":2,"featured_media":120739,"comment_status":"closed","ping_status":"closed","sticky":false,"template":"","format":"standard","meta":{"om_disable_all_campaigns":false,"_monsterinsights_skip_tracking":false,"_monsterinsights_sitenote_active":false,"_monsterinsights_sitenote_note":"","_monsterinsights_sitenote_category":0},"categories":[7],"tags":[],"aioseo_notices":[],"gutentor_comment":0,"rttpg_featured_image_url":{"full":["https:\/\/arantv.az\/wp-content\/uploads\/2020\/01\/819498.jpg",800,600,false],"landscape":["https:\/\/arantv.az\/wp-content\/uploads\/2020\/01\/819498.jpg",800,600,false],"portraits":["https:\/\/arantv.az\/wp-content\/uploads\/2020\/01\/819498.jpg",800,600,false],"thumbnail":["https:\/\/arantv.az\/wp-content\/uploads\/2020\/01\/819498-150x150.jpg",150,150,true],"medium":["https:\/\/arantv.az\/wp-content\/uploads\/2020\/01\/819498-300x225.jpg",300,225,true],"large":["https:\/\/arantv.az\/wp-content\/uploads\/2020\/01\/819498.jpg",640,480,false],"1536x1536":["https:\/\/arantv.az\/wp-content\/uploads\/2020\/01\/819498.jpg",800,600,false],"2048x2048":["https:\/\/arantv.az\/wp-content\/uploads\/2020\/01\/819498.jpg",800,600,false],"post-thumbnail":["https:\/\/arantv.az\/wp-content\/uploads\/2020\/01\/819498-240x172.jpg",240,172,true],"advps-thumb-one":["https:\/\/arantv.az\/wp-content\/uploads\/2020\/01\/819498.jpg",800,600,false]},"rttpg_author":{"display_name":"V\u00fcsal Rafiqo\u011flu","author_link":"https:\/\/arantv.az\/?author=2"},"rttpg_comment":0,"rttpg_category":"<a href=\"https:\/\/arantv.az\/?cat=7\" rel=\"category\">D\u00fcnya<\/a>","rttpg_excerpt":"\u00dcmumd\u00fcnya S\u0259hiyy\u0259 T\u0259\u015fkilat\u0131n\u0131n (\u00dcST) ba\u015f direktoru Tedros Adanom Gebreisus \u00c7ind\u0259 koronavirusun yeni n\u00f6v\u00fcn\u00fcn yay\u0131lmas\u0131 s\u0259b\u0259bi il\u0259 yanvar\u0131n 22-si f\u00f6vq\u0259lad\u0259 v\u0259ziyy\u0259t \u00fczr\u0259 Komit\u0259nin t\u0259cili iclas\u0131n\u0131 ke\u00e7ir\u0259c\u0259k. ARANTV.AZ\u00a0\u00a0Trend-\u0259 istinad\u0259n bildirir ki,\u00a0bu bar\u0259d\u0259 \u00dcST-n\u0131n r\u0259smi &#8220;Twitter&#8221; s\u0259hif\u0259sind\u0259 bildirilir. M\u0259lumatda deyilir: &#8220;\u00dcST-n\u0131n ba\u015f direktoru Tedros Adanom Gebreisus yeni koronavirus 2019-nCoV il\u0259 \u0259laq\u0259dar beyn\u0259lxalq s\u0259hiyy\u0259 standartlar\u0131na uy\u011fun olaraq f\u00f6vq\u0259lad\u0259 v\u0259ziyy\u0259t&hellip;","_links":{"self":[{"href":"https:\/\/arantv.az\/index.php?rest_route=\/wp\/v2\/posts\/120738"}],"collection":[{"href":"https:\/\/arantv.az\/index.php?rest_route=\/wp\/v2\/posts"}],"about":[{"href":"https:\/\/arantv.az\/index.php?rest_route=\/wp\/v2\/types\/post"}],"author":[{"embeddable":true,"href":"https:\/\/arantv.az\/index.php?rest_route=\/wp\/v2\/users\/2"}],"replies":[{"embeddable":true,"href":"https:\/\/arantv.az\/index.php?rest_route=%2Fwp%2Fv2%2Fcomments&post=120738"}],"version-history":[{"count":0,"href":"https:\/\/arantv.az\/index.php?rest_route=\/wp\/v2\/posts\/120738\/revisions"}],"wp:featuredmedia":[{"embeddable":true,"href":"https:\/\/arantv.az\/index.php?rest_route=\/wp\/v2\/media\/120739"}],"wp:attachment":[{"href":"https:\/\/arantv.az\/index.php?rest_route=%2Fwp%2Fv2%2Fmedia&parent=120738"}],"wp:term":[{"taxonomy":"category","embeddable":true,"href":"https:\/\/arantv.az\/index.php?rest_route=%2Fwp%2Fv2%2Fcategories&post=120738"},{"taxonomy":"post_tag","embeddable":true,"href":"https:\/\/arantv.az\/index.php?rest_route=%2Fwp%2Fv2%2Ftags&post=120738"}],"curies":[{"name":"wp","href":"https:\/\/api.w.org\/{rel}","templated":true}]}}