{"id":120838,"date":"2020-01-21T12:19:08","date_gmt":"2020-01-21T09:19:08","guid":{"rendered":"http:\/\/arantv.az\/?p=120838"},"modified":"2020-01-21T12:19:08","modified_gmt":"2020-01-21T09:19:08","slug":"vusal-qasimli-davos-az%c9%99rbaycanin-tanidilmasi-v%c9%99-ixrac-imkanlarimizin-artmasi-baximindan-%c9%99lverisli-platformadir","status":"publish","type":"post","link":"https:\/\/arantv.az\/?p=120838","title":{"rendered":"V\u00fcsal Qas\u0131ml\u0131: &#8220;Davos Az\u0259rbaycan\u0131n tan\u0131d\u0131lmas\u0131 v\u0259 ixrac imkanlar\u0131m\u0131z\u0131n artmas\u0131 bax\u0131m\u0131ndan \u0259lveri\u015fli platformad\u0131r&#8221;"},"content":{"rendered":"<p><em><strong>Az\u0259rbaycan Respublikas\u0131n\u0131n Prezidenti \u0130lham \u018fliyevin D\u00fcnya \u0130qtisadi Forumunun illik toplant\u0131s\u0131nda i\u015ftirak etm\u0259k \u00fc\u00e7\u00fcn \u0130sve\u00e7r\u0259 Konfederasiyas\u0131na i\u015fg\u00fczar s\u0259f\u0259ri ba\u015flay\u0131b. Az\u0259rbaycan\u0131n bu m\u00f6t\u0259b\u0259r toplant\u0131da ali s\u0259viyy\u0259d\u0259 i\u015ftirak\u0131 \u00f6lk\u0259mizin qlobal t\u0259qdimat\u0131d\u0131r.<\/strong><\/em><\/p>\n<p><strong>ARANTV.AZ<\/strong>\u00a0<a href=\"https:\/\/az.trend.az\/\" target=\"_blank\" rel=\"noopener\">Trend<\/a>-\u0259 istinad\u0259n x\u0259b\u0259r verir ki, \u0130qtisadi \u0130slahatlar\u0131n T\u0259hlili v\u0259 Kommunikasiya M\u0259rk\u0259zinin icra\u00e7\u0131 direktoru V\u00fcsal Qas\u0131ml\u0131 Davos \u0130qtisadi Forumunun g\u00fcnd\u0259liyi v\u0259 Az\u0259rbaycan\u0131n bu toplant\u0131da y\u00fcks\u0259k s\u0259viyy\u0259d\u0259 t\u0259msil olunmas\u0131n\u0131n \u0259h\u0259miyy\u0259ti bar\u0259d\u0259 m\u00fcsahib\u0259 verib.<\/p>\n<p><strong>&#8211; Bu il Davosda steykholder kapitalizmi \u0259sas trend\u0259 \u00e7evrildi. Xahi\u015f edirik ki, bunun mahiyy\u0259tini izah ed\u0259rdiniz?<\/strong><\/p>\n<p>&#8211; D\u00fcnya s\u0259hmdar kapitalizmind\u0259n steykholder kapitalizmin\u0259 ke\u00e7ir. S\u0259hmdar kapitalizmi dedikd\u0259, s\u0259hmdarlardan kapital toplayan m\u0259hdud m\u0259suliyy\u0259tli t\u0259\u015fkilat\u0131n \u0259sas oldu\u011fu iqtisadi sistem ba\u015fa d\u00fc\u015f\u00fcl\u00fcr. \u00d6t\u0259n \u0259srin 80-ci ill\u0259rind\u0259 s\u0259hmdar kapitalizmini m\u00fcdafi\u0259 ed\u0259n iqtisad\u00e7\u0131 Milton Fridman deyirdi ki, bu yolla s\u0259hmdarlardan v\u0259sait toplayan m\u00fc\u0259ssis\u0259l\u0259r m\u0259nf\u0259\u0259t \u0259ld\u0259 edib d\u00f6vl\u0259t\u0259 vergi verirl\u0259r. Haz\u0131rda is\u0259 s\u0259hmdar kapitalizmin t\u0259nqid\u00e7il\u0259ri hesab edirl\u0259r ki, bel\u0259 m\u00fc\u0259ssis\u0259l\u0259r yaln\u0131z s\u0259hmdarlar\u0131n\u0131n maraqlar\u0131na i\u015fl\u0259yirl\u0259r, q\u0131sam\u00fcdd\u0259tli m\u0259nf\u0259\u0259ti uzunm\u00fcdd\u0259tli investisiyalardan v\u0259 dayan\u0131ql\u0131 inki\u015fafdan \u00fcst\u00fcn tuturlar. H\u0259tta \u0130ngilt\u0259r\u0259 Bank\u0131n\u0131n ba\u015f iqtisad\u00e7\u0131s\u0131 Andy Haldane deyir ki, s\u0259hmdar kapitalizmi &#8220;\u00f6z\u00fc-\u00f6z\u00fcn\u00fc yeyir&#8221;. \u00c7\u00fcnki s\u0259hmdarlar s\u0259hmin qiym\u0259tinin maliyy\u0259 bazarlar\u0131nda y\u00fcks\u0259k qalmas\u0131na \u00e7al\u0131\u015f\u0131rlar, bel\u0259d\u0259 udan yaln\u0131z maliyy\u0259 vasit\u0259\u00e7il\u0259ridi. S\u0259hmdar kapitalizmi c\u0259miyy\u0259td\u0259 b\u0259rab\u0259rsizliyi g\u00fccl\u0259ndirir, tez qazanc m\u0259qs\u0259dil\u0259 \u0259traf m\u00fchit\u0259 m\u0259nfi t\u0259sir edir. Buna g\u00f6r\u0259 d\u0259 Davos \u0130qtisadi Forumunun lideri \u015evab steykholder kapitalizmi ideyas\u0131n\u0131 s\u00fcr\u0259kli \u015f\u0259kild\u0259 m\u00fcdafi\u0259 edir. Steykholder kapitalizmind\u0259 is\u0259 \u015firk\u0259t b\u00fct\u00fcn maraql\u0131 t\u0259r\u0259fl\u0259r\u0259 (steykholderl\u0259r\u0259) xidm\u0259t edir. Bura \u015firk\u0259tin m\u00fc\u015ft\u0259ril\u0259ri, t\u0259chizat\u00e7\u0131lar, i\u015f\u00e7il\u0259r, s\u0259hmdarlar v\u0259 yerli icmalar daxildir. T\u0259s\u0259vv\u00fcr edin ki, d\u00fcnyan\u0131n indi g\u0259ldiyi bu n\u0259tic\u0259ni Az\u0259rbaycan milli burjuaziyas\u0131 bir \u0259sr \u00f6nc\u0259 neft bumu zaman\u0131 Ta\u011f\u0131yevl\u0259r, Na\u011f\u0131yevl\u0259r, \u018fs\u0259dullayevl\u0259r v\u0259 ba\u015fqa mesenatlar\u0131n timsal\u0131nda n\u00fcmayi\u015f etdirmi\u015fdi. Bu g\u00fcn d\u0259 Az\u0259rbaycan\u0131n bir s\u0131ra \u015firk\u0259tl\u0259ri c\u0259nab Prezident \u0130lham \u018fliyevin v\u0259 Birinci Vitse-Prezident Mehriban \u018fliyevan\u0131n \u00e7a\u011f\u0131r\u0131\u015f\u0131na cavab ver\u0259r\u0259k, sosial m\u0259suliyy\u0259tl\u0259rini anlayaraq davaml\u0131 inki\u015fafa xidm\u0259t ed\u0259n xeyriyy\u0259\u00e7ilikl\u0259 m\u0259\u015f\u011fuldurlar. H\u0259r bir \u00f6z\u0259l sektor n\u00fcmay\u0259nd\u0259si ba\u015fa d\u00fc\u015fm\u0259lidir ki, biz bir g\u0259minin i\u00e7\u0259risind\u0259yik v\u0259 n\u0259 q\u0259d\u0259r yerli icmaya, istehlak\u00e7\u0131ya, \u0259traf m\u00fchit\u0259 v\u0259 davaml\u0131 inki\u015fafa s\u0259rmay\u0259 qoysaq ham\u0131m\u0131z udaca\u011f\u0131q. Biz yana\u015fman\u0131 s\u0131f\u0131r-c\u0259mli (zero-sum) oyundan q\u0259l\u0259b\u0259-q\u0259l\u0259b\u0259 (win-win) format\u0131na ke\u00e7irm\u0259liyik. \u018fsas m\u0259nf\u0259\u0259tin \u00e7oxlu\u011fu deyil, d\u0259y\u0259r olmal\u0131d\u0131r. 2018-ci ild\u0259 Bank of America Merrill Lynch-in hesablamalar\u0131na g\u00f6r\u0259 daha yax\u015f\u0131 \u0259traf m\u00fchit, sosial v\u0259 idar\u0259etm\u0259 (ESG) prinsipl\u0259rin\u0259 \u0259m\u0259l ed\u0259n \u015firk\u0259tl\u0259rin g\u0259lirl\u0259ri daha y\u00fcks\u0259k olub, s\u0259hml\u0259rinin qiym\u0259ti art\u0131b v\u0259 m\u00fcflisl\u0259\u015fm\u0259 t\u0259hl\u00fck\u0259sind\u0259n uzaq olublar. D\u00fcnyan\u0131n \u0259n varl\u0131 adamlar\u0131ndan olan Bill Qeyts \u00f6z\u00fc d\u0259 etiraf edir ki, onun bu q\u0259d\u0259r varl\u0131 olmas\u0131 \u0259dal\u0259tli deyil, bu g\u00f6r\u0259 d\u0259 xeyriyy\u0259\u00e7ilikl\u0259 m\u0259\u015f\u011ful olub davaml\u0131 inki\u015fafa d\u0259st\u0259k verir.<\/p>\n<p>H\u0259tta korporativ qlobal v\u0259t\u0259nda\u015fl\u0131q anlay\u0131\u015f\u0131 yaran\u0131b. Y\u0259ni t\u0259kc\u0259 \u00f6z steykholderl\u0259rin\u0259 deyil, m\u0259s\u0259l\u0259n, qlobal \u00e7a\u011f\u0131r\u0131\u015flar\u0131n h\u0259lli \u00fc\u00e7\u00fcn d\u0259 s\u0259rmay\u0259 yat\u0131r\u0131l\u0131r. Birinci Vitse-Prezidentimizin t\u0259\u015f\u0259bb\u00fcs\u00fc il\u0259 d\u00fcnyan\u0131n m\u00fcxt\u0259lif yerl\u0259rind\u0259 t\u0259hsil\u0259, s\u0259hiyy\u0259y\u0259, \u0259traf m\u00fchit\u0259, tarixi abid\u0259l\u0259rin b\u0259rpas\u0131na veril\u0259n d\u0259st\u0259k onu g\u00f6st\u0259rir ki, Mehriban xan\u0131m qlobal v\u0259t\u0259nda\u015f n\u00fcmun\u0259sidir v\u0259 bu Davosun builki m\u00fczakir\u0259 m\u00f6vzusu il\u0259 s\u0259sl\u0259\u015fir.<\/p>\n<p><strong>&#8211; Davosda qlobal iqtisadiyyat\u0131n \u0259sas \u00e7a\u011f\u0131r\u0131\u015flar\u0131 v\u0259 h\u0259ll yollar\u0131 da m\u00fczakir\u0259y\u0259 \u00e7\u0131xar\u0131l\u0131r. Bu bar\u0259d\u0259 n\u0259 dey\u0259 bil\u0259rsiniz?<\/strong><\/p>\n<p>&#8211; Davos Forumunun r\u0259smi a\u00e7\u0131l\u0131\u015f\u0131ndan bir g\u00fcn \u0259vv\u0259l &#8211; yanvar\u0131n 20-d\u0259 Beyn\u0259lxalq Valyuta Fondu (BVF) &#8220;D\u00fcnya \u0130qtisadi \u0130cmal\u0131&#8221;n\u0131 t\u0259qdim etdi. D\u00fcnya iqtisadiyyat\u0131 nisb\u0259t\u0259n sabitl\u0259\u015fs\u0259 d\u0259, qlobal art\u0131m yava\u015fd\u0131r. Yeni proqnozlar iqtisadi b\u00f6y\u00fcm\u0259ni 2019-cu ild\u0259 2,9%, 2020-ci ild\u0259 3,3% v\u0259 2021-ci ild\u0259 3,4% s\u0259viyy\u0259sind\u0259 qiym\u0259tl\u0259ndirir. Hans\u0131 ki, bu \u0259vv\u0259lki proqnozlardan daha a\u015fa\u011f\u0131d\u0131r. \u0130nki\u015faf etm\u0259kd\u0259 olan \u00f6lk\u0259l\u0259rd\u0259 bu g\u00f6st\u0259rici f\u0259rqlidir. 2019-cu ild\u0259 Az\u0259rbaycanda iqtisadi art\u0131m 2,2 % oldu\u011fu halda, inki\u015faf etm\u0259kd\u0259 olan Avropa \u00f6lk\u0259l\u0259rind\u0259 1,8 %, Lat\u0131n Amerikas\u0131 v\u0259 Karib h\u00f6vz\u0259sind\u0259 0,1 %, Yax\u0131n \u015e\u0259rq v\u0259 M\u0259rk\u0259zi Asiyada 0,8 % olub. Ke\u00e7\u0259n il Az\u0259rbaycan 2,2 %-lik iqtisadi art\u0131m tempi il\u0259 h\u0259m d\u0259 Rusiya (1,1 % art\u0131m) v\u0259 S\u0259udiyy\u0259 \u018fr\u0259bistan\u0131 (0,2% art\u0131m) kimi karbohidrogenl\u0259 daha z\u0259ngin \u00f6lk\u0259l\u0259ri gerid\u0259 burax\u0131b. \u0130nki\u015faf etm\u0259kd\u0259 olan \u00f6lk\u0259l\u0259rin aras\u0131nda daha s\u00fcr\u0259tl\u0259 iqtisadi art\u0131m tempin\u0259 g\u00f6r\u0259 \u00c7in, Hindistan v\u0259 ASEAN \u00f6lk\u0259l\u0259ri \u00f6nc\u00fcl yerl\u0259ri tutur. Bu konteksd\u0259 c\u0259nab Prezident Az\u0259rbaycanda iqtisadi art\u0131m tempinin daha da s\u00fcr\u0259tl\u0259ndirilm\u0259sini qar\u015f\u0131ya \u0259sas v\u0259zif\u0259 olaraq qoymu\u015fdur.<\/p>\n<p>Bel\u0259 \u015f\u0259raitd\u0259 Az\u0259rbaycan kimi inki\u015faf etm\u0259kd\u0259 olan v\u0259 \u0259halisi daha s\u00fcr\u0259tl\u0259 artan \u00f6lk\u0259l\u0259rd\u0259 dayan\u0131ql\u0131 inki\u015faf\u0131n t\u0259min edilm\u0259si bir \u00e7a\u011f\u0131r\u0131\u015f olaraq qar\u015f\u0131da dayan\u0131r. Bu m\u0259nada \u00f6lk\u0259mizin t\u0259cr\u00fcb\u0259sinin Davos platformas\u0131nda m\u00fczakir\u0259y\u0259 \u00e7\u0131xar\u0131lmas\u0131 \u0259h\u0259miyy\u0259tlidir. Kapitalizm v\u0259 qloballa\u015fma bar\u0259d\u0259 t\u0259nqidl\u0259rin y\u00fcks\u0259ldiyi bir vaxtda d\u00fcnya iqtisadiyyat\u0131 ticar\u0259t m\u00fcharib\u0259l\u0259ri, qeyri-b\u0259rab\u0259rlik v\u0259 geo-siyasi qeyri-m\u00fc\u0259yy\u0259nlikl\u0259rd\u0259n \u0259ziyy\u0259t \u00e7\u0259kir. M\u0259hz Az\u0259rbaycan liderinin d\u0259 qat\u0131ld\u0131\u011f\u0131 Davos platformas\u0131 bu v\u0259ziyy\u0259td\u0259n \u00e7\u0131x\u0131\u015f yolu kimi &#8220;ya\u015f\u0131l inki\u015faf\u0131&#8221; v\u0259 texnologiyalar\u0131n t\u0259tbiqi il\u0259 m\u0259hsuldarl\u0131\u011f\u0131n art\u0131r\u0131lmas\u0131n\u0131 t\u0259rcih edir.<\/p>\n<p>&#8220;Avrasiya: Strateji bax\u0131\u015f&#8221; adl\u0131 paneld\u0259 m\u00fczakir\u0259 olunacaq ki, M\u0259rk\u0259zi Asiyada \u0259halinin 1\/3-nin 15 ya\u015fdan az olmas\u0131 bir t\u0259r\u0259fd\u0259n \u00e7a\u011f\u0131r\u0131\u015flar, dig\u0259r t\u0259r\u0259fd\u0259n imkanlar yarad\u0131r. Bu m\u00fczakir\u0259l\u0259rd\u0259 Az\u0259rbaycan lideri Avrasiyada geosiyasi g\u0259rginlikl\u0259r fonunda iqtisadi imkanlar\u0131n yarad\u0131lmas\u0131 v\u0259 texnoloji transferin s\u00fcr\u0259tl\u0259ndirilm\u0259si kimi m\u00f6vzularda \u00f6z m\u00fclahiz\u0259l\u0259rini b\u00f6l\u00fc\u015f\u0259c\u0259k.<\/p>\n<p>\u0130nki\u015faf etm\u0259kd\u0259 olan \u00f6lk\u0259l\u0259rd\u0259 maliyy\u0259 \u015f\u0259rtl\u0259ri yum\u015fal\u0131r, u\u00e7ot d\u0259r\u0259c\u0259l\u0259ri v\u0259 xarici borclanma x\u0259rcl\u0259ri azald\u0131l\u0131r. Az\u0259rbaycan M\u0259rk\u0259zi Bank\u0131 da bu il pul-kredit siyas\u0259tini daha da yum\u015faldacaq v\u0259 q\u0131sam\u00fcdd\u0259tli faizl\u0259rin d\u00fc\u015fm\u0259sin\u0259 \u00e7al\u0131\u015facaq. BVF inki\u015faf etm\u0259kd\u0259 olan \u00f6lk\u0259l\u0259r\u0259 a\u015fa\u011f\u0131 inflyasiyan\u0131 \u0259sas g\u00f6t\u00fcr\u00fcb monetar d\u0259st\u0259yi g\u00fccl\u0259ndirm\u0259yi t\u0259klif edir. Eyni zamanda fiskal konsolidasiyan\u0131, davaml\u0131 inki\u015faf m\u0259qs\u0259dl\u0259rin\u0259 xidm\u0259t edilm\u0259sini, x\u00fcsus\u0259n s\u0259hiyy\u0259 v\u0259 t\u0259hsil\u0259 s\u0259rmay\u0259 qoyulu\u015funu, m\u00fc\u0259ssis\u0259l\u0259rin bazara \u00e7\u0131x\u0131\u015f\u0131n\u0131n d\u0259st\u0259kl\u0259nm\u0259sini m\u0259sl\u0259h\u0259t g\u00f6r\u00fcr. Az\u0259rbaycan strateji yol x\u0259rit\u0259l\u0259ri \u00e7\u0259r\u00e7iv\u0259sind\u0259 b\u00fct\u00fcn qlobal \u00e7a\u011f\u0131r\u0131\u015flara adekvat reaksiya verir.<\/p>\n<p><strong>&#8211; Az\u0259rbaycan Davos \u0130qtisadi Forumunun inteqrativ v\u0259 dayan\u0131ql\u0131 inki\u015faf g\u00fcnd\u0259liyin\u0259 n\u0259 d\u0259r\u0259c\u0259d\u0259 uy\u011fun siyas\u0259t y\u00fcr\u00fcd\u00fcr?<\/strong><\/p>\n<p>\u0130qlim d\u0259yi\u015fikliyi, kiber cinay\u0259tkarl\u0131q, ticar\u0259t m\u00fcharib\u0259l\u0259ri kimi qlobal fenomenl\u0259r, h\u0259m\u00e7inin 4-c\u00fc S\u0259naye \u0130nqilab\u0131n\u0131n \u00e7a\u011f\u0131r\u0131\u015flar\u0131 d\u00fcnyan\u0131 t\u0259hl\u00fck\u0259l\u0259r\u0259 qar\u015f\u0131 daha h\u0259ssas v\u0259ziyy\u0259t\u0259 g\u0259tirir. Lakin buna baxmayaraq, Prezident \u0130lham \u018fliyevin u\u011furlu siyas\u0259ti n\u0259tic\u0259sind\u0259 \u00f6lk\u0259mizd\u0259 inteqrativ v\u0259 dayan\u0131ql\u0131 inki\u015fafa nail olunub. Az\u0259rbaycan siyasi sabitlik, \u0259lveri\u015fli co\u011frafi m\u00f6vqe, z\u0259ngin iqtisadi resurslara v\u0259 d\u0259rin m\u0259d\u0259ni irs\u0259 malik olmaqla Avropa v\u0259 Asiyan\u0131n d\u0259y\u0259rl\u0259rinin vahid m\u0259kanda birl\u0259\u015fdiyi \u00f6lk\u0259dir. \u0130nteqrativ identikliyi t\u0259\u015fviq ed\u0259n v\u0259 inkl\u00fczivlik prinsipl\u0259rin\u0259 \u0259saslanan islahatlar\u0131n idar\u0259edilm\u0259si modelinin formala\u015fd\u0131r\u0131lmas\u0131 n\u0259tic\u0259sind\u0259 \u00f6lk\u0259mizd\u0259 makroiqtisadi dayan\u0131ql\u0131\u011f\u0131n t\u0259min edilm\u0259si v\u0259 davaml\u0131 inki\u015fafa nail olunmas\u0131 m\u00fcmk\u00fcn olmu\u015fdur. 2018 v\u0259 2019-cu ill\u0259rd\u0259 Az\u0259rbaycan\u0131n D\u00fcnya Bank\u0131n\u0131n &#8220;Doing Business&#8221; hesabat\u0131nda ard\u0131c\u0131l olaraq 2 d\u0259f\u0259 &#8220;top 10 islahat\u00e7\u0131&#8221; v\u0259 &#8220;top 20 islahat\u00e7\u0131&#8221; \u00f6lk\u0259l\u0259r s\u0131ras\u0131nda yer almas\u0131 da bunu t\u0259sdiq edir. Eyni inki\u015faf v\u0259 islahat g\u00f6st\u0259ricil\u0259rini dig\u0259r m\u00f6t\u0259b\u0259r hesabatlar, D\u00fcnya \u0130qtisadi Forumunun &#8220;Qlobal R\u0259qab\u0259tlilik Hesabat\u0131&#8221; v\u0259 &#8220;Heritage Fondu&#8221;nun &#8220;\u0130qtisadi azadl\u0131q indeksi&#8221; hesabat\u0131n\u0131n n\u0259tic\u0259l\u0259ri d\u0259 t\u0259sdiq edir.<\/p>\n<p>Biz inkl\u00fcziv c\u0259miyy\u0259t quruculu\u011funa t\u0259kc\u0259 y\u00fcks\u0259k iqtisadi art\u0131mla deyil, h\u0259m d\u0259 \u0259traf m\u00fchitin m\u00fchafiz\u0259si kimi y\u00fcks\u0259k iqtisadi v\u0259 m\u0259n\u0259vi d\u0259y\u0259rl\u0259rin t\u0259\u015fviqi il\u0259 nail oluruq. Prezident \u0130lham \u018fliyev 2019-cu ili b\u00f6y\u00fck Az\u0259rbaycan \u015fairi N\u0259siminin anadan olmas\u0131n\u0131n 650 illiyinin \u015f\u0259r\u0259fin\u0259 &#8220;N\u0259simi ili&#8221; elan etmi\u015fdi. Hans\u0131 ki, N\u0259simi f\u0259ls\u0259f\u0259sinin \u0259sas\u0131nda m\u0259hz &#8220;kamil insan&#8221; dayan\u0131r. 4-c\u00fc s\u0259naye inqilab\u0131 \u015f\u0259raitind\u0259 kamil insan is\u0259 \u00f6z\u00fcnd\u0259 y\u00fcks\u0259k intellektual potensialla d\u0259rin m\u0259n\u0259viyyat\u0131 birl\u0259\u015fdirir. N\u0259simi ili \u00e7\u0259r\u00e7iv\u0259sind\u0259 \u00f6lk\u0259 \u0259razisind\u0259 Az\u0259rbaycan\u0131n Birinci Vitse-prezidenti Mehriban \u018fliyevan\u0131n t\u0259\u015f\u0259bb\u00fcs\u00fc il\u0259 1 g\u00fcnd\u0259 650 min a\u011fac \u0259kildi. Bu is\u0259 bizim m\u0259n\u0259vi uzla\u015fman\u0131, \u0259traf m\u00fchit\u0259 m\u00fcnasib\u0259ti, sosial dayan\u0131\u015fman\u0131 dayan\u0131ql\u0131 iqtisadi inki\u015fafla s\u0131x v\u0259hd\u0259td\u0259 inki\u015faf etdirm\u0259yimizin u\u011furlu \u00f6rn\u0259kl\u0259rind\u0259ndir.<\/p>\n<p>Baxmayaraq ki, iqtisadiyyat\u0131m\u0131z\u0131n \u0259sas maliyy\u0259 m\u0259nb\u0259yi h\u0259l\u0259 ki, karbohidrogen resurslar\u0131n\u0131n istismar\u0131 il\u0259 ba\u011fl\u0131d\u0131r, biz BMT-nin \u0130qlim D\u0259yi\u015fm\u0259l\u0259ri \u00fczr\u0259 \u00c7\u0259r\u00e7iv\u0259 Konvensiyas\u0131n\u0131n Paris Raz\u0131la\u015fmas\u0131n\u0131 imzalam\u0131\u015f\u0131q. Biz bu qlobal t\u0259\u015f\u0259bb\u00fcs\u0259 qo\u015fulmaqla \u0259traf m\u00fchitin qorunmas\u0131n\u0131n bizim \u00fc\u00e7\u00fcn \u0259h\u0259miyy\u0259tini v\u0259 qlobal dayan\u0131ql\u0131 inki\u015fafa sadiqliyimizi n\u00fcmayi\u015f etdirdik. Az\u0259rbaycan h\u0259m\u00e7inin, kosmik ail\u0259nin azsayl\u0131 \u00fczvl\u0259rind\u0259ndir v\u0259 biz s\u00fcni peykl\u0259rimizin imkanlar\u0131ndan \u0259traf m\u00fchitin qorunmas\u0131, t\u0259bii resurslardan s\u0259m\u0259r\u0259li istifad\u0259 edilm\u0259sind\u0259 da istifad\u0259 edirik. T\u0259sad\u00fcfi deyildir ki, apar\u0131lan qiym\u0259tl\u0259ndirm\u0259l\u0259r\u0259 \u0259sas\u0259n istixana qazlar\u0131n\u0131n atmosfer\u0259 burax\u0131lmas\u0131n\u0131n azald\u0131lmas\u0131nda MDB \u00f6lk\u0259l\u0259ri aras\u0131nda \u0259n y\u00fcks\u0259k effektivlik g\u00f6st\u0259ricil\u0259ri Az\u0259rbaycana m\u0259xsus olmu\u015fdur.<\/p>\n<p>Az\u0259rbaycan D\u00fcnya \u0130qtisadi Forumunun qiym\u0259tl\u0259ndirm\u0259sin\u0259 \u0259sas\u0259n d\u00fcnyada g\u0259lirl\u0259rin b\u0259rab\u0259r paylanmas\u0131 g\u00f6st\u0259ricisin\u0259 (Gini indeksi) g\u00f6r\u0259 \u0259n yax\u015f\u0131 g\u00f6st\u0259riciy\u0259 malikdir. Biz &#8220;he\u00e7 k\u0259si k\u0259narda qoymamaq&#8221; prinsipini r\u0259hb\u0259r tutaraq, yoxsullu\u011fun b\u00fct\u00fcn formalar\u0131na son qoymaq, sosial uzla\u015fman\u0131n g\u00fccl\u0259ndirilm\u0259si, b\u0259rab\u0259rsizlikl\u0259r\u0259 qar\u015f\u0131 t\u0259dbirl\u0259r g\u00f6rm\u0259k m\u0259qs\u0259dil\u0259 \u00e7oxsayl\u0131 beyn\u0259lxalq v\u0259 regional t\u0259\u015f\u0259bb\u00fcsl\u0259rin f\u0259al i\u015ftirak\u00e7\u0131s\u0131 olmu\u015f v\u0259 d\u00f6vl\u0259t proqramlar\u0131 icra edirik. Bunun n\u0259tic\u0259sidir ki, son 16 ild\u0259 \u00f6lk\u0259mizd\u0259 yoxsulluq s\u0259viyy\u0259si 9 d\u0259f\u0259, i\u015fsizlik s\u0259viyy\u0259si is\u0259 2 d\u0259f\u0259y\u0259 yax\u0131n azalm\u0131\u015fd\u0131r. Bu bax\u0131mdan 2019-cu il x\u00fcsusil\u0259 \u00f6n\u0259mli oldu v\u0259 kompleks idar\u0259etm\u0259 islahatlar\u0131 il\u0259 birg\u0259, \u00f6lk\u0259 tarixinin \u0259n irimiqyasl\u0131 sosial islahatlar\u0131 h\u0259yata ke\u00e7irildi. Bu bir t\u0259r\u0259fd\u0259n haz\u0131rki iqtisadi inki\u015fafa xidm\u0259t edirs\u0259, dig\u0259r t\u0259r\u0259fd\u0259n d\u0259 bizim g\u0259l\u0259c\u0259k n\u0259sill\u0259rin, x\u00fcsusil\u0259 d\u0259 insan kapital\u0131n\u0131n inki\u015faf\u0131 \u00fc\u00e7\u00fcn olan investisiyam\u0131zd\u0131r. Az\u0259rbaycan \u0259halisi g\u0259nc olan \u00f6lk\u0259l\u0259rd\u0259ndir v\u0259 Avropa \u00f6lk\u0259l\u0259ri il\u0259 m\u00fcqayis\u0259d\u0259 d\u0259 bizim \u0259halimizin say\u0131nda g\u0259ncl\u0259rin x\u00fcsusi \u00e7\u0259kisi 7 faiz daha \u00e7oxdur. \u00d6lk\u0259 \u0259halisinin 40 faizd\u0259n \u00e7oxu m\u00fcst\u0259qillik d\u00f6vr\u00fcnd\u0259 d\u00fcnyaya g\u0259lmi\u015fdir. Yeni c\u0259miyy\u0259t quruculu\u011fu bizd\u0259n h\u0259m d\u0259 n\u0259sill\u0259rin d\u0259yi\u015fimi amill\u0259rini, onlar\u0131n h\u0259yata v\u0259 i\u015fg\u00fczar m\u00fchit\u0259 dair bax\u0131\u015flar\u0131n\u0131 n\u0259z\u0259r\u0259 alma\u011f\u0131m\u0131z\u0131 t\u0259l\u0259b edir. Buna \u0259sas\u0259n, idar\u0259etm\u0259nin b\u00fct\u00fcn spektrl\u0259rind\u0259 g\u0259ncl\u0259\u015fm\u0259 siyas\u0259ti apar\u0131l\u0131r. Art\u0131q g\u0259l\u0259c\u0259k idar\u0259etm\u0259 &#8220;Z-n\u0259sli&#8221; v\u0259 &#8220;Minilliyin n\u0259sli&#8221;n\u0259 m\u0259xsusdur v\u0259 onlar\u0131n idar\u0259etm\u0259y\u0259 c\u0259lb olunmas\u0131 Az\u0259rbaycan\u0131n 4-c\u00fc s\u0259naye inqilab\u0131n\u0131n \u00e7a\u011f\u0131r\u0131\u015flar\u0131 il\u0259 ayaqla\u015fa bilm\u0259si \u00fc\u00e7\u00fcn m\u00fch\u00fcm \u0259h\u0259miyy\u0259t\u0259 malikdir.<\/p>\n<p><strong>&#8211; Prezident \u0130lham \u018fliyev h\u0259r il oldu\u011fu kimi bu il d\u0259 Davos \u0130qtisadi Forumunda i\u015ftirak edir. Az\u0259rbaycan\u0131n bu t\u0259dbird\u0259n g\u00f6zl\u0259ntil\u0259ri n\u0259dir?<\/strong><\/p>\n<p>\u018fvv\u0259la, c\u0259nab Prezident bu platformada qlobal g\u00fcnd\u0259liyin formala\u015fmas\u0131nda birba\u015fa i\u015ftirak edir. Eyni zamanda bu platformada c\u0259nab Prezident \u00f6z \u00e7\u0131x\u0131\u015flar\u0131 v\u0259 g\u00f6r\u00fc\u015fl\u0259ri il\u0259 Az\u0259rbaycan\u0131 d\u00fcnyaya t\u0259qdim edir. Davosa t\u0259\u015frif buyuran minl\u0259rl\u0259 i\u015f adam\u0131 Az\u0259rbaycan bar\u0259d\u0259 \u0259n ali s\u0259viyy\u0259d\u0259 t\u0259qdimat\u0131 g\u00f6rm\u0259kl\u0259 \u00f6lk\u0259mizin haqq\u0131nda m\u00fcsb\u0259t fikir formala\u015f\u0131r, \u00f6lk\u0259y\u0259 s\u0259rmay\u0259 c\u0259lbi stimulla\u015fd\u0131r\u0131l\u0131r. H\u0259r il Davosda ke\u00e7iril\u0259n g\u00f6r\u00fc\u015fl\u0259rin ard\u0131ndan y\u00fcks\u0259k texnologiyalara sahib olan \u015firk\u0259tl\u0259r Az\u0259rbaycana g\u0259lir v\u0259 s\u0259rmay\u0259 yat\u0131r\u0131rlar. Davos Az\u0259rbaycan m\u0259hsullar\u0131n\u0131n tan\u0131d\u0131lmas\u0131 v\u0259 ixrac imkanlar\u0131m\u0131z\u0131n artmas\u0131 bax\u0131m\u0131ndan da \u0259lveri\u015fli platformad\u0131r.<\/p>\n<p><strong>&#8211; Bu g\u00fcn d\u00fcnya d\u00f6rd\u00fcnc\u00fc s\u0259naye inqilab\u0131n\u0131 ya\u015fay\u0131r. S\u00fcni intellekt (AI), blok\u00e7eyn, kriptovalyutalar, robotlar, dronlar v\u0259 d\u0259qiq tibb kimi inki\u015faf etm\u0259kd\u0259 olan texnologiyalar h\u0259yat\u0131 s\u00fcr\u0259tl\u0259 d\u0259yi\u015fir, m\u00fc\u0259ssis\u0259 v\u0259 c\u0259miyy\u0259tl\u0259ri transformasiya edir. B\u0259s, Az\u0259rbaycan s\u00fcr\u0259tl\u0259 inki\u015faf ed\u0259n texnologiyalarla ayaqla\u015fa bilm\u0259k \u00fc\u00e7\u00fcn n\u0259 edir?<\/strong><\/p>\n<p>Bu g\u00fcn elmi v\u0259 texnoloji yenilikl\u0259r \u0259n\u0259n\u0259vi iqtisadiyyatlar\u0131 v\u0259 s\u0259nayeni reformat edir, co\u011frafi h\u00fcdud anlay\u0131\u015f\u0131n\u0131 tarix\u0259 qat\u0131r, m\u00f6vcud t\u0259nziml\u0259yici \u00e7\u0259r\u00e7iv\u0259l\u0259ri d\u0259yi\u015fir v\u0259 h\u0259tta insan olma\u011f\u0131n n\u0259 oldu\u011funu yenid\u0259n sual alt\u0131na qoyur. Az\u0259rbaycan d\u00fcnyada s\u00fcr\u0259tl\u0259 davam ed\u0259n d\u0259yi\u015fiklikl\u0259r\u0259 \u00e7evik reaksiya verm\u0259k v\u0259 D\u00f6rd\u00fcnc\u00fc S\u0259naye \u0130nqilab\u0131n\u0131n \u00e7a\u011f\u0131r\u0131\u015flar\u0131 il\u0259 ayaqla\u015fa bilm\u0259k \u00fc\u00e7\u00fcn son ill\u0259r \u0259rzind\u0259 qabaqc\u0131l texnologiyalar\u0131n d\u00f6vl\u0259t v\u0259 \u00f6z\u0259l sektorda t\u0259tbiqi v\u0259 t\u0259\u015fviqin\u0259 ba\u015flam\u0131\u015fd\u0131r. H\u0259l\u0259 \u00f6t\u0259n il Prezident \u0130lham \u018fliyev Davosda D\u00fcnya \u0130qtisadi Forumunun prezidenti Borge Brende il\u0259 g\u00f6r\u00fc\u015f\u0259nd\u0259 Az\u0259rbaycan H\u00f6kum\u0259ti v\u0259 D\u00fcnya \u0130qtisadi Forumunun D\u00f6rd\u00fcnc\u00fc S\u0259naye \u0130nqilab\u0131 M\u0259rk\u0259zi aras\u0131nda ilk d\u0259f\u0259 olaraq \u0259m\u0259kda\u015fl\u0131\u011f\u0131n t\u0259m\u0259li qoyuldu. Bu m\u0259qs\u0259dl\u0259 Az\u0259rbaycan Prezidenti \u0130lham \u018fliyev v\u0259 D\u00fcnya \u0130qtisadi Forumunun prezidenti Borge Brende aras\u0131nda \u0259m\u0259kda\u015fl\u0131q sazi\u015finin t\u0259nt\u0259n\u0259li m\u00fcbadil\u0259si h\u0259yata ke\u00e7irildi. Bu \u0259m\u0259kda\u015fl\u0131qla, Az\u0259rbaycan regionda r\u0259q\u0259msal ticar\u0259t v\u0259 s\u0259rh\u0259dl\u0259raras\u0131 m\u0259lumat ax\u0131n\u0131 \u00fczr\u0259 regionun lideri olma\u011f\u0131 qar\u015f\u0131s\u0131na m\u0259qs\u0259d qoymu\u015fdur.<\/p>\n<p>D\u00f6rd\u00fcnc\u00fc S\u0259naye \u0130nqilab\u0131n\u0131n t\u0259l\u0259bl\u0259rin\u0259 uy\u011fun olaraq yeni texnologiyalar\u0131n insanlara verdiyi \u00fcst\u00fcnl\u00fckl\u0259ri art\u0131rmaq \u00fc\u00e7\u00fcn h\u00f6kum\u0259t, infrastruktur, biznes v\u0259 maliyy\u0259 t\u0259\u015fkilatlar\u0131n\u0131 bir araya g\u0259tirm\u0259kl\u0259 Az\u0259rbaycanda R\u0259q\u0259msal Ticar\u0259t Konsorsiumu yarad\u0131l\u0131b. R\u0259q\u0259msal Ticar\u0259t Konsorsiumun \u00fczv\u00fc \u0130qtisadi \u0130slahatlar\u0131n T\u0259hlili v\u0259 Kommunikasiya M\u0259rk\u0259zi \u00f6lk\u0259 r\u0259hb\u0259ri t\u0259r\u0259find\u0259n \u0259sas\u0131 qoyulmu\u015f v\u0259 d\u00fcnyada unikal layih\u0259 hesab edil\u0259n &#8220;Digital Trade Hub&#8221; (DTH) portal\u0131n\u0131 yaratm\u0131\u015fd\u0131r. DTH d\u00fcnyada ilk d\u0259f\u0259 mobil rezidentlik xidm\u0259ti, onlayn vahid ixrac \u0259riz\u0259si v\u0259 r\u0259q\u0259msal ticar\u0259t \u00fc\u00e7\u00fcn trans-s\u0259rh\u0259d xidm\u0259tl\u0259r t\u0259qdim etmi\u015fdir. Konsorsiumun infrastruktur \u00fczr\u0259 icra\u00e7\u0131 \u015firk\u0259ti Az\u0259rTelekom Az\u0259rbaycan\u0131 regionda r\u0259q\u0259msal m\u0259rk\u0259z\u0259 \u00e7evir\u0259c\u0259k X\u0259z\u0259r alt\u0131 fiber-optik internet x\u0259ttl\u0259rinin \u00e7\u0259kilm\u0259sin\u0259 ba\u015flam\u0131\u015fd\u0131r. Layih\u0259 R\u0259q\u0259msal \u0130p\u0259k Yolu olaraq bilin\u0259n Avropa il\u0259 Asiya aras\u0131nda r\u0259q\u0259msal telekommunikasiya d\u0259hlizi yaratma\u011f\u0131 qar\u015f\u0131s\u0131na m\u0259qs\u0259d qoymu\u015fdur. Konsorsium \u00e7\u0259r\u00e7iv\u0259sind\u0259 Az\u0259rbaycanda h\u0259yata ke\u00e7iril\u0259n ba\u015fqa bir yenilik m\u0259saf\u0259d\u0259n bank hesablar\u0131n\u0131n a\u00e7\u0131lmas\u0131 v\u0259 idar\u0259 edilm\u0259si olmu\u015fdur. Xidm\u0259t co\u011frafi h\u00fcdud anlay\u0131\u015f\u0131n\u0131 maliyy\u0259 v\u0259 bank sektorunda da m\u00fcc\u0259rr\u0259d etmi\u015fdir. Konsorsiumun biznes \u00fczvl\u0259ri d\u0259 f\u0259aliyy\u0259t sah\u0259l\u0259ri \u00fczr\u0259 yeni r\u0259q\u0259msal h\u0259ll\u0259r t\u0259qdim etmi\u015f, virtual \u00fcnvan v\u0259 virtual k\u00f6m\u0259k\u00e7i kimi yeni m\u0259hfumlar Az\u0259rbaycan\u0131n biznes m\u00fchitin\u0259 daxil edilmi\u015fdir. B\u00fct\u00fcn qeyd olunan yenilikl\u0259rin t\u0259tbiqi paylanm\u0131\u015f ledger texnologiyalar\u0131n\u0131n v\u0259 X-Road sisteminin t\u0259tbiqi il\u0259 h\u0259yata ke\u00e7irilmi\u015fdir.<\/p>\n<p>Qeyd edil\u0259n bu t\u0259\u015f\u0259bb\u00fcsl\u0259r v\u0259 Az\u0259rbaycanda son ill\u0259rd\u0259 informasiya texnologiyalar\u0131 sah\u0259sind\u0259 g\u00f6r\u00fcl\u0259n b\u00fct\u00fcn i\u015fl\u0259r beyn\u0259lxalq t\u0259\u015fkilatlar t\u0259r\u0259find\u0259n y\u00fcks\u0259k qiym\u0259tl\u0259ndirilmi\u015fdir. 2019-cu ild\u0259 Az\u0259rbaycan BMT-nin Asiya v\u0259 Sakit okean \u00f6lk\u0259l\u0259ri \u00fczr\u0259 Komisiyas\u0131 ticar\u0259tin asanla\u015fd\u0131r\u0131lmas\u0131 v\u0259 ka\u011f\u0131zs\u0131z ticar\u0259tin apar\u0131lmas\u0131 \u00fczr\u0259 t\u0259dqiqat\u0131nda d\u00fcnyada \u0259n \u00f6nd\u0259 ged\u0259n \u00f6lk\u0259l\u0259r aras\u0131nda, C\u0259nubi v\u0259 \u015e\u0259rqi Avropa, Qafqaz v\u0259 M\u0259rk\u0259zi Asiya regionlar\u0131nda is\u0259 lider olmu\u015fdur. Az\u0259rbaycan s\u0259rh\u0259dsiz s\u0259n\u0259dsiz ticar\u0259t \u00fczr\u0259 50%, ka\u011f\u0131zs\u0131z ticar\u0259t \u00fczr\u0259 85.19%, institusional t\u0259nziml\u0259m\u0259 v\u0259 \u0259m\u0259kda\u015fl\u0131q \u00fczr\u0259 88.89%, formall\u0131q \u00fczr\u0259 91,67%, \u015f\u0259ffafl\u0131q \u00fczr\u0259 is\u0259 93.33% olmaqla \u00fcmumilikd\u0259 81.72%-lik g\u00f6st\u0259rici \u0259ld\u0259 etmi\u015fdir. Az\u0259rbaycan\u0131n bu reytinqd\u0259 lider m\u00f6vqey\u0259 y\u00fcks\u0259lm\u0259si Prezident \u0130lham \u018fliyevin apard\u0131\u011f\u0131 u\u011furlu iqtisadi siyas\u0259t n\u0259tic\u0259sind\u0259 m\u00fcmk\u00fcn olmu\u015fdur. \u00d6lk\u0259miz r\u0259q\u0259msal ticar\u0259tin v\u0259 s\u0259rh\u0259dl\u0259raras\u0131 m\u0259lumat m\u00fcbadil\u0259sinin t\u0259\u015fviqi, r\u0259q\u0259msalla\u015fman\u0131n v\u0259 na\u011fds\u0131z d\u00f6vriyy\u0259nin geni\u015fl\u0259ndirilm\u0259si, R\u0259q\u0259msal Ticar\u0259t Qov\u015fa\u011f\u0131, Ya\u015f\u0131l D\u0259hliz v\u0259 s. sah\u0259l\u0259rd\u0259 apar\u0131lan u\u011furlu islahatlar fonunda \u00f6z g\u00f6st\u0259ricisini 2015-ci ild\u0259n bu yana 33.23% yax\u015f\u0131la\u015fd\u0131rm\u0131\u015fd\u0131r.<\/p>\n","protected":false},"excerpt":{"rendered":"<p>Az\u0259rbaycan Respublikas\u0131n\u0131n Prezidenti \u0130lham \u018fliyevin D\u00fcnya \u0130qtisadi Forumunun illik toplant\u0131s\u0131nda i\u015ftirak etm\u0259k \u00fc\u00e7\u00fcn \u0130sve\u00e7r\u0259 Konfederasiyas\u0131na i\u015fg\u00fczar s\u0259f\u0259ri ba\u015flay\u0131b. Az\u0259rbaycan\u0131n bu m\u00f6t\u0259b\u0259r toplant\u0131da ali s\u0259viyy\u0259d\u0259 i\u015ftirak\u0131 \u00f6lk\u0259mizin qlobal t\u0259qdimat\u0131d\u0131r. ARANTV.AZ\u00a0Trend-\u0259 istinad\u0259n x\u0259b\u0259r verir ki, \u0130qtisadi \u0130slahatlar\u0131n T\u0259hlili v\u0259 Kommunikasiya M\u0259rk\u0259zinin icra\u00e7\u0131 direktoru V\u00fcsal Qas\u0131ml\u0131 Davos \u0130qtisadi Forumunun g\u00fcnd\u0259liyi v\u0259 Az\u0259rbaycan\u0131n bu toplant\u0131da y\u00fcks\u0259k s\u0259viyy\u0259d\u0259 t\u0259msil olunmas\u0131n\u0131n \u0259h\u0259miyy\u0259ti bar\u0259d\u0259 m\u00fcsahib\u0259 verib. &#8211; Bu il Davosda steykholder kapitalizmi \u0259sas trend\u0259 \u00e7evrildi. Xahi\u015f edirik ki, bunun mahiyy\u0259tini izah ed\u0259rdiniz? &#8211; D\u00fcnya s\u0259hmdar kapitalizmind\u0259n steykholder kapitalizmin\u0259 ke\u00e7ir. S\u0259hmdar kapitalizmi dedikd\u0259, s\u0259hmdarlardan kapital toplayan m\u0259hdud m\u0259suliyy\u0259tli&hellip;<\/p>\n","protected":false},"author":2,"featured_media":120839,"comment_status":"closed","ping_status":"closed","sticky":false,"template":"","format":"standard","meta":{"om_disable_all_campaigns":false,"_monsterinsights_skip_tracking":false,"_monsterinsights_sitenote_active":false,"_monsterinsights_sitenote_note":"","_monsterinsights_sitenote_category":0},"categories":[4],"tags":[],"aioseo_notices":[],"gutentor_comment":0,"rttpg_featured_image_url":{"full":["https:\/\/arantv.az\/wp-content\/uploads\/2020\/01\/819556.jpg",800,600,false],"landscape":["https:\/\/arantv.az\/wp-content\/uploads\/2020\/01\/819556.jpg",800,600,false],"portraits":["https:\/\/arantv.az\/wp-content\/uploads\/2020\/01\/819556.jpg",800,600,false],"thumbnail":["https:\/\/arantv.az\/wp-content\/uploads\/2020\/01\/819556-150x150.jpg",150,150,true],"medium":["https:\/\/arantv.az\/wp-content\/uploads\/2020\/01\/819556-300x225.jpg",300,225,true],"large":["https:\/\/arantv.az\/wp-content\/uploads\/2020\/01\/819556.jpg",640,480,false],"1536x1536":["https:\/\/arantv.az\/wp-content\/uploads\/2020\/01\/819556.jpg",800,600,false],"2048x2048":["https:\/\/arantv.az\/wp-content\/uploads\/2020\/01\/819556.jpg",800,600,false],"post-thumbnail":["https:\/\/arantv.az\/wp-content\/uploads\/2020\/01\/819556-240x172.jpg",240,172,true],"advps-thumb-one":["https:\/\/arantv.az\/wp-content\/uploads\/2020\/01\/819556.jpg",800,600,false]},"rttpg_author":{"display_name":"V\u00fcsal Rafiqo\u011flu","author_link":"https:\/\/arantv.az\/?author=2"},"rttpg_comment":0,"rttpg_category":"<a href=\"https:\/\/arantv.az\/?cat=4\" rel=\"category\">Siyas\u0259t<\/a>","rttpg_excerpt":"Az\u0259rbaycan Respublikas\u0131n\u0131n Prezidenti \u0130lham \u018fliyevin D\u00fcnya \u0130qtisadi Forumunun illik toplant\u0131s\u0131nda i\u015ftirak etm\u0259k \u00fc\u00e7\u00fcn \u0130sve\u00e7r\u0259 Konfederasiyas\u0131na i\u015fg\u00fczar s\u0259f\u0259ri ba\u015flay\u0131b. Az\u0259rbaycan\u0131n bu m\u00f6t\u0259b\u0259r toplant\u0131da ali s\u0259viyy\u0259d\u0259 i\u015ftirak\u0131 \u00f6lk\u0259mizin qlobal t\u0259qdimat\u0131d\u0131r. ARANTV.AZ\u00a0Trend-\u0259 istinad\u0259n x\u0259b\u0259r verir ki, \u0130qtisadi \u0130slahatlar\u0131n T\u0259hlili v\u0259 Kommunikasiya M\u0259rk\u0259zinin icra\u00e7\u0131 direktoru V\u00fcsal Qas\u0131ml\u0131 Davos \u0130qtisadi Forumunun g\u00fcnd\u0259liyi v\u0259 Az\u0259rbaycan\u0131n bu toplant\u0131da y\u00fcks\u0259k s\u0259viyy\u0259d\u0259 t\u0259msil olunmas\u0131n\u0131n&hellip;","_links":{"self":[{"href":"https:\/\/arantv.az\/index.php?rest_route=\/wp\/v2\/posts\/120838"}],"collection":[{"href":"https:\/\/arantv.az\/index.php?rest_route=\/wp\/v2\/posts"}],"about":[{"href":"https:\/\/arantv.az\/index.php?rest_route=\/wp\/v2\/types\/post"}],"author":[{"embeddable":true,"href":"https:\/\/arantv.az\/index.php?rest_route=\/wp\/v2\/users\/2"}],"replies":[{"embeddable":true,"href":"https:\/\/arantv.az\/index.php?rest_route=%2Fwp%2Fv2%2Fcomments&post=120838"}],"version-history":[{"count":0,"href":"https:\/\/arantv.az\/index.php?rest_route=\/wp\/v2\/posts\/120838\/revisions"}],"wp:featuredmedia":[{"embeddable":true,"href":"https:\/\/arantv.az\/index.php?rest_route=\/wp\/v2\/media\/120839"}],"wp:attachment":[{"href":"https:\/\/arantv.az\/index.php?rest_route=%2Fwp%2Fv2%2Fmedia&parent=120838"}],"wp:term":[{"taxonomy":"category","embeddable":true,"href":"https:\/\/arantv.az\/index.php?rest_route=%2Fwp%2Fv2%2Fcategories&post=120838"},{"taxonomy":"post_tag","embeddable":true,"href":"https:\/\/arantv.az\/index.php?rest_route=%2Fwp%2Fv2%2Ftags&post=120838"}],"curies":[{"name":"wp","href":"https:\/\/api.w.org\/{rel}","templated":true}]}}