{"id":120854,"date":"2020-01-21T12:56:32","date_gmt":"2020-01-21T09:56:32","guid":{"rendered":"http:\/\/arantv.az\/?p=120854"},"modified":"2020-01-21T12:56:32","modified_gmt":"2020-01-21T09:56:32","slug":"inanilmaz-qacis-ssenarisi-ayri-h%c9%99bsxanadan-qacan-eyni-d%c9%99st%c9%99-uzvl%c9%99ri","status":"publish","type":"post","link":"https:\/\/arantv.az\/?p=120854","title":{"rendered":"\u0130nan\u0131lmaz qa\u00e7\u0131\u015f ssenarisi: Ayr\u0131 h\u0259bsxanadan qa\u00e7an eyni d\u0259st\u0259 \u00fczvl\u0259ri&#8230;"},"content":{"rendered":"<p>Braziliyada yerl\u0259\u015f\u0259n h\u0259bsxanalardan birind\u0259n 26 m\u0259hbus qa\u00e7\u0131b.<\/p>\n<p>\u201cHaberGlobal\u201d\u0131n m\u0259lumat\u0131na g\u00f6r\u0259, m\u0259hbuslar h\u0259bsxana divar\u0131nda de\u015fik a\u00e7araq qa\u00e7ma\u011fa m\u00fcv\u0259ff\u0259q olub.<\/p>\n<p>H\u0259bsxanadan qa\u00e7an m\u0259hbuslar\u0131n bazar g\u00fcn\u00fc Paraqvaydak\u0131 h\u0259bsxanadan qa\u00e7an bir \u00e7ox m\u0259hbusla eyni d\u0259st\u0259d\u0259n oldu\u011fu bildirilib.<\/p>\n<div id=\"AdviadNativeVideo0\" class=\"AdviadNativeVideo\"><\/div>\n<p>H\u0259bsd\u0259n qa\u00e7an 26 n\u0259f\u0259r bir-birin\u0259 ba\u011flad\u0131qlar\u0131 yataq \u00f6rt\u00fckl\u0259ri vasit\u0259sil\u0259 h\u00fcnd\u00fcr divar\u0131 a\u015fma\u011f\u0131 bacar\u0131b.<\/p>\n<p>Xat\u0131rladaq ki, Paraqvay\u0131n Braziliya il\u0259 s\u0259rh\u0259dd\u0259 yerl\u0259\u015f\u0259n Pedro-Xuan-Kabalyero \u015f\u0259h\u0259rind\u0259 75 m\u0259hbus h\u0259bsxanadan qa\u00e7\u0131b.<\/p>\n<p>Qa\u00e7an m\u0259hbuslar aras\u0131nda Braziliyan\u0131n \u0259n iri cinay\u0259tkar qrupla\u015fmas\u0131 olan \u201cPrimeiro Comando da Capital\u201d\u0131n (PCC) \u00fczvl\u0259ri d\u0259 var.<\/p>\n","protected":false},"excerpt":{"rendered":"<p>Braziliyada yerl\u0259\u015f\u0259n h\u0259bsxanalardan birind\u0259n 26 m\u0259hbus qa\u00e7\u0131b. \u201cHaberGlobal\u201d\u0131n m\u0259lumat\u0131na g\u00f6r\u0259, m\u0259hbuslar h\u0259bsxana divar\u0131nda de\u015fik a\u00e7araq qa\u00e7ma\u011fa m\u00fcv\u0259ff\u0259q olub. H\u0259bsxanadan qa\u00e7an m\u0259hbuslar\u0131n bazar g\u00fcn\u00fc Paraqvaydak\u0131 h\u0259bsxanadan qa\u00e7an bir \u00e7ox m\u0259hbusla eyni d\u0259st\u0259d\u0259n oldu\u011fu bildirilib. H\u0259bsd\u0259n qa\u00e7an 26 n\u0259f\u0259r bir-birin\u0259 ba\u011flad\u0131qlar\u0131 yataq \u00f6rt\u00fckl\u0259ri vasit\u0259sil\u0259 h\u00fcnd\u00fcr divar\u0131 a\u015fma\u011f\u0131 bacar\u0131b. Xat\u0131rladaq ki, Paraqvay\u0131n Braziliya il\u0259 s\u0259rh\u0259dd\u0259 yerl\u0259\u015f\u0259n Pedro-Xuan-Kabalyero \u015f\u0259h\u0259rind\u0259 75 m\u0259hbus h\u0259bsxanadan qa\u00e7\u0131b. Qa\u00e7an m\u0259hbuslar aras\u0131nda Braziliyan\u0131n \u0259n iri cinay\u0259tkar qrupla\u015fmas\u0131 olan \u201cPrimeiro Comando da Capital\u201d\u0131n (PCC) \u00fczvl\u0259ri d\u0259 var.<\/p>\n","protected":false},"author":2,"featured_media":120855,"comment_status":"closed","ping_status":"closed","sticky":false,"template":"","format":"standard","meta":{"om_disable_all_campaigns":false,"_monsterinsights_skip_tracking":false,"_monsterinsights_sitenote_active":false,"_monsterinsights_sitenote_note":"","_monsterinsights_sitenote_category":0},"categories":[7],"tags":[],"aioseo_notices":[],"gutentor_comment":0,"rttpg_featured_image_url":{"full":["https:\/\/arantv.az\/wp-content\/uploads\/2020\/01\/hbs.jpg",620,419,false],"landscape":["https:\/\/arantv.az\/wp-content\/uploads\/2020\/01\/hbs.jpg",620,419,false],"portraits":["https:\/\/arantv.az\/wp-content\/uploads\/2020\/01\/hbs.jpg",620,419,false],"thumbnail":["https:\/\/arantv.az\/wp-content\/uploads\/2020\/01\/hbs-150x150.jpg",150,150,true],"medium":["https:\/\/arantv.az\/wp-content\/uploads\/2020\/01\/hbs-300x203.jpg",300,203,true],"large":["https:\/\/arantv.az\/wp-content\/uploads\/2020\/01\/hbs.jpg",620,419,false],"1536x1536":["https:\/\/arantv.az\/wp-content\/uploads\/2020\/01\/hbs.jpg",620,419,false],"2048x2048":["https:\/\/arantv.az\/wp-content\/uploads\/2020\/01\/hbs.jpg",620,419,false],"post-thumbnail":["https:\/\/arantv.az\/wp-content\/uploads\/2020\/01\/hbs-240x172.jpg",240,172,true],"advps-thumb-one":["https:\/\/arantv.az\/wp-content\/uploads\/2020\/01\/hbs.jpg",620,419,false]},"rttpg_author":{"display_name":"V\u00fcsal Rafiqo\u011flu","author_link":"https:\/\/arantv.az\/?author=2"},"rttpg_comment":0,"rttpg_category":"<a href=\"https:\/\/arantv.az\/?cat=7\" rel=\"category\">D\u00fcnya<\/a>","rttpg_excerpt":"Braziliyada yerl\u0259\u015f\u0259n h\u0259bsxanalardan birind\u0259n 26 m\u0259hbus qa\u00e7\u0131b. \u201cHaberGlobal\u201d\u0131n m\u0259lumat\u0131na g\u00f6r\u0259, m\u0259hbuslar h\u0259bsxana divar\u0131nda de\u015fik a\u00e7araq qa\u00e7ma\u011fa m\u00fcv\u0259ff\u0259q olub. H\u0259bsxanadan qa\u00e7an m\u0259hbuslar\u0131n bazar g\u00fcn\u00fc Paraqvaydak\u0131 h\u0259bsxanadan qa\u00e7an bir \u00e7ox m\u0259hbusla eyni d\u0259st\u0259d\u0259n oldu\u011fu bildirilib. H\u0259bsd\u0259n qa\u00e7an 26 n\u0259f\u0259r bir-birin\u0259 ba\u011flad\u0131qlar\u0131 yataq \u00f6rt\u00fckl\u0259ri vasit\u0259sil\u0259 h\u00fcnd\u00fcr divar\u0131 a\u015fma\u011f\u0131 bacar\u0131b. Xat\u0131rladaq ki, Paraqvay\u0131n Braziliya il\u0259 s\u0259rh\u0259dd\u0259 yerl\u0259\u015f\u0259n Pedro-Xuan-Kabalyero \u015f\u0259h\u0259rind\u0259&hellip;","_links":{"self":[{"href":"https:\/\/arantv.az\/index.php?rest_route=\/wp\/v2\/posts\/120854"}],"collection":[{"href":"https:\/\/arantv.az\/index.php?rest_route=\/wp\/v2\/posts"}],"about":[{"href":"https:\/\/arantv.az\/index.php?rest_route=\/wp\/v2\/types\/post"}],"author":[{"embeddable":true,"href":"https:\/\/arantv.az\/index.php?rest_route=\/wp\/v2\/users\/2"}],"replies":[{"embeddable":true,"href":"https:\/\/arantv.az\/index.php?rest_route=%2Fwp%2Fv2%2Fcomments&post=120854"}],"version-history":[{"count":0,"href":"https:\/\/arantv.az\/index.php?rest_route=\/wp\/v2\/posts\/120854\/revisions"}],"wp:featuredmedia":[{"embeddable":true,"href":"https:\/\/arantv.az\/index.php?rest_route=\/wp\/v2\/media\/120855"}],"wp:attachment":[{"href":"https:\/\/arantv.az\/index.php?rest_route=%2Fwp%2Fv2%2Fmedia&parent=120854"}],"wp:term":[{"taxonomy":"category","embeddable":true,"href":"https:\/\/arantv.az\/index.php?rest_route=%2Fwp%2Fv2%2Fcategories&post=120854"},{"taxonomy":"post_tag","embeddable":true,"href":"https:\/\/arantv.az\/index.php?rest_route=%2Fwp%2Fv2%2Ftags&post=120854"}],"curies":[{"name":"wp","href":"https:\/\/api.w.org\/{rel}","templated":true}]}}