{"id":120930,"date":"2020-01-21T15:26:12","date_gmt":"2020-01-21T12:26:12","guid":{"rendered":"http:\/\/arantv.az\/?p=120930"},"modified":"2020-01-21T15:26:12","modified_gmt":"2020-01-21T12:26:12","slug":"haberglobal-telekanalinda-20-yanvarla-bagli-paylasimlar-rekord-baxis-topladi-video","status":"publish","type":"post","link":"https:\/\/arantv.az\/?p=120930","title":{"rendered":"\u201cHaberGlobal\u201d telekanal\u0131nda 20 Yanvarla ba\u011fl\u0131 payla\u015f\u0131mlar rekord bax\u0131\u015f toplad\u0131 &#8211; V\u0130DEO"},"content":{"rendered":"<article class=\"news\">\n<div class=\"news-inner\">\n<p>T\u00fcrkiy\u0259nin \u201cHaberGlobal\u201d telekanal\u0131nda 20 Yanvar faci\u0259sinin 30-cu ild\u00f6n\u00fcm\u00fc geni\u015f i\u015f\u0131qland\u0131r\u0131l\u0131b.<\/p>\n<p><b>ARANTV.AZ\u00a0<\/b> x\u0259b\u0259r verir ki, telekanal\u0131n \u201cFacebook\u201d s\u0259hif\u0259sind\u0259 faci\u0259nin ild\u00f6n\u00fcm\u00fc il\u0259 ba\u011fl\u0131 yanvar\u0131n 20-d\u0259\u00a0\u00fc\u00e7 geni\u015f material yay\u0131mlan\u0131b.<\/p>\n<div id=\"AdviadNativeVideo0\" class=\"AdviadNativeVideo\"><\/div>\n<p>S\u0259h\u0259r saat 10:30-da yay\u0131mlanan \u201cAz\u0259rbaycanda 20 Yanvar faci\u0259si xat\u0131rlan\u0131r. Sovet tanklar\u0131n\u0131n Bak\u0131 q\u0259tliam\u0131na m\u00fclki \u015f\u0259xsl\u0259rin daxil oldu\u011fu 20 Yanvar faci\u0259sinin a\u011fr\u0131s\u0131 30 il ke\u00e7m\u0259sin\u0259 baxmayaraq, sa\u011falmay\u0131b\u201d ba\u015fl\u0131ql\u0131 payla\u015f\u0131ma\u00a0664 mind\u0259n \u00e7ox insan bax\u0131b. Videoda 20 Yanvar faci\u0259sinin tarixind\u0259n, Az\u0259rbaycan xalq\u0131n\u0131n q\u0259hr\u0259manl\u0131\u011f\u0131ndan b\u0259hs edilib. Material s\u0259kkiz mind\u0259n \u00e7ox insan t\u0259r\u0259find\u0259n payla\u015f\u0131l\u0131b.<\/p>\n<div><iframe loading=\"lazy\" src=\"https:\/\/www.facebook.com\/plugins\/video.php?href=https%3A%2F%2Fwww.facebook.com%2FHaberGlobal%2Fvideos%2F2646234512110727%2F&amp;show_text=0&amp;width=560\" width=\"560\" height=\"315\" frameborder=\"0\" scrolling=\"no\" allowfullscreen=\"allowfullscreen\" data-mce-fragment=\"1\"><\/iframe><\/div>\n<p>\u201c20 Yanvar Bak\u0131 q\u0259tliam\u0131n\u0131n 30-cu ili\u201d ba\u015fl\u0131ql\u0131 ikinci payla\u015f\u0131mda Az\u0259rbaycan Prezidenti \u0130lham \u018fliyevin v\u0259 dig\u0259r r\u0259smi \u015f\u0259xsl\u0259rin \u015e\u0259hidl\u0259r Xiyaban\u0131n\u0131 ziyar\u0259t etm\u0259si \u0259ks olunub. Video 660 mind\u0259n \u00e7ox izl\u0259yici t\u0259r\u0259find\u0259n bax\u0131l\u0131b v\u0259 2500-d\u0259n \u00e7ox insan t\u0259r\u0259find\u0259n payla\u015f\u0131l\u0131b.<\/p>\n<div><iframe loading=\"lazy\" src=\"https:\/\/www.facebook.com\/plugins\/video.php?href=https%3A%2F%2Fwww.facebook.com%2FHaberGlobal%2Fvideos%2F190934765295038%2F&amp;show_text=0&amp;width=560\" width=\"560\" height=\"315\" frameborder=\"0\" scrolling=\"no\" allowfullscreen=\"allowfullscreen\" data-mce-fragment=\"1\"><\/iframe><\/div>\n<p>\u00dc\u00e7\u00fcnc\u00fc payla\u015f\u0131m is\u0259 \u201c20 Yanvar \u015f\u0259hidl\u0259ri \u00fc\u00e7\u00fcn bir d\u0259qiq\u0259lik s\u00fckut\u201d ba\u015fl\u0131\u011f\u0131 il\u0259 yay\u0131mlan\u0131b. 704 mind\u0259n \u00e7ox insan t\u0259r\u0259find\u0259n izl\u0259nil\u0259n\u00a0videoda 20 Yanvar \u015f\u0259hidl\u0259rinin xatir\u0259sinin bir d\u0259qiq\u0259lik s\u00fckutla yad edilm\u0259si \u0259ks olunub. Material 1500-d\u0259n \u00e7ox insan t\u0259r\u0259find\u0259n payla\u015f\u0131l\u0131b.\u00a0Oxu.Az<\/p>\n<div><iframe loading=\"lazy\" src=\"https:\/\/www.facebook.com\/plugins\/video.php?href=https%3A%2F%2Fwww.facebook.com%2FHaberGlobal%2Fvideos%2F210064403364496%2F&amp;show_text=0&amp;width=560\" width=\"560\" height=\"315\" frameborder=\"0\" scrolling=\"no\" allowfullscreen=\"allowfullscreen\" data-mce-fragment=\"1\"><\/iframe><\/div>\n<\/div>\n<\/article>\n<h2 class=\"news-share-title\"><\/h2>\n","protected":false},"excerpt":{"rendered":"<p>T\u00fcrkiy\u0259nin \u201cHaberGlobal\u201d telekanal\u0131nda 20 Yanvar faci\u0259sinin 30-cu ild\u00f6n\u00fcm\u00fc geni\u015f i\u015f\u0131qland\u0131r\u0131l\u0131b. ARANTV.AZ\u00a0 x\u0259b\u0259r verir ki, telekanal\u0131n \u201cFacebook\u201d s\u0259hif\u0259sind\u0259 faci\u0259nin ild\u00f6n\u00fcm\u00fc il\u0259 ba\u011fl\u0131 yanvar\u0131n 20-d\u0259\u00a0\u00fc\u00e7 geni\u015f material yay\u0131mlan\u0131b. S\u0259h\u0259r saat 10:30-da yay\u0131mlanan \u201cAz\u0259rbaycanda 20 Yanvar faci\u0259si xat\u0131rlan\u0131r. Sovet tanklar\u0131n\u0131n Bak\u0131 q\u0259tliam\u0131na m\u00fclki \u015f\u0259xsl\u0259rin daxil oldu\u011fu 20 Yanvar faci\u0259sinin a\u011fr\u0131s\u0131 30 il ke\u00e7m\u0259sin\u0259 baxmayaraq, sa\u011falmay\u0131b\u201d ba\u015fl\u0131ql\u0131 payla\u015f\u0131ma\u00a0664 mind\u0259n \u00e7ox insan bax\u0131b. Videoda 20 Yanvar faci\u0259sinin tarixind\u0259n, Az\u0259rbaycan xalq\u0131n\u0131n q\u0259hr\u0259manl\u0131\u011f\u0131ndan b\u0259hs edilib. Material s\u0259kkiz mind\u0259n \u00e7ox insan t\u0259r\u0259find\u0259n payla\u015f\u0131l\u0131b. \u201c20 Yanvar Bak\u0131 q\u0259tliam\u0131n\u0131n 30-cu ili\u201d ba\u015fl\u0131ql\u0131 ikinci payla\u015f\u0131mda Az\u0259rbaycan Prezidenti \u0130lham \u018fliyevin v\u0259 dig\u0259r&hellip;<\/p>\n","protected":false},"author":2,"featured_media":120931,"comment_status":"closed","ping_status":"closed","sticky":false,"template":"","format":"standard","meta":{"om_disable_all_campaigns":false,"_monsterinsights_skip_tracking":false,"_monsterinsights_sitenote_active":false,"_monsterinsights_sitenote_note":"","_monsterinsights_sitenote_category":0},"categories":[1],"tags":[],"aioseo_notices":[],"gutentor_comment":0,"rttpg_featured_image_url":{"full":["https:\/\/arantv.az\/wp-content\/uploads\/2020\/01\/maxresdefault.jpg",620,349,false],"landscape":["https:\/\/arantv.az\/wp-content\/uploads\/2020\/01\/maxresdefault.jpg",620,349,false],"portraits":["https:\/\/arantv.az\/wp-content\/uploads\/2020\/01\/maxresdefault.jpg",620,349,false],"thumbnail":["https:\/\/arantv.az\/wp-content\/uploads\/2020\/01\/maxresdefault-150x150.jpg",150,150,true],"medium":["https:\/\/arantv.az\/wp-content\/uploads\/2020\/01\/maxresdefault-300x169.jpg",300,169,true],"large":["https:\/\/arantv.az\/wp-content\/uploads\/2020\/01\/maxresdefault.jpg",620,349,false],"1536x1536":["https:\/\/arantv.az\/wp-content\/uploads\/2020\/01\/maxresdefault.jpg",620,349,false],"2048x2048":["https:\/\/arantv.az\/wp-content\/uploads\/2020\/01\/maxresdefault.jpg",620,349,false],"post-thumbnail":["https:\/\/arantv.az\/wp-content\/uploads\/2020\/01\/maxresdefault-240x172.jpg",240,172,true],"advps-thumb-one":["https:\/\/arantv.az\/wp-content\/uploads\/2020\/01\/maxresdefault.jpg",620,349,false]},"rttpg_author":{"display_name":"V\u00fcsal Rafiqo\u011flu","author_link":"https:\/\/arantv.az\/?author=2"},"rttpg_comment":0,"rttpg_category":"<a href=\"https:\/\/arantv.az\/?cat=1\" rel=\"category\">C\u0259miyy\u0259t<\/a>","rttpg_excerpt":"T\u00fcrkiy\u0259nin \u201cHaberGlobal\u201d telekanal\u0131nda 20 Yanvar faci\u0259sinin 30-cu ild\u00f6n\u00fcm\u00fc geni\u015f i\u015f\u0131qland\u0131r\u0131l\u0131b. ARANTV.AZ\u00a0 x\u0259b\u0259r verir ki, telekanal\u0131n \u201cFacebook\u201d s\u0259hif\u0259sind\u0259 faci\u0259nin ild\u00f6n\u00fcm\u00fc il\u0259 ba\u011fl\u0131 yanvar\u0131n 20-d\u0259\u00a0\u00fc\u00e7 geni\u015f material yay\u0131mlan\u0131b. S\u0259h\u0259r saat 10:30-da yay\u0131mlanan \u201cAz\u0259rbaycanda 20 Yanvar faci\u0259si xat\u0131rlan\u0131r. Sovet tanklar\u0131n\u0131n Bak\u0131 q\u0259tliam\u0131na m\u00fclki \u015f\u0259xsl\u0259rin daxil oldu\u011fu 20 Yanvar faci\u0259sinin a\u011fr\u0131s\u0131 30 il ke\u00e7m\u0259sin\u0259 baxmayaraq, sa\u011falmay\u0131b\u201d ba\u015fl\u0131ql\u0131 payla\u015f\u0131ma\u00a0664 mind\u0259n&hellip;","_links":{"self":[{"href":"https:\/\/arantv.az\/index.php?rest_route=\/wp\/v2\/posts\/120930"}],"collection":[{"href":"https:\/\/arantv.az\/index.php?rest_route=\/wp\/v2\/posts"}],"about":[{"href":"https:\/\/arantv.az\/index.php?rest_route=\/wp\/v2\/types\/post"}],"author":[{"embeddable":true,"href":"https:\/\/arantv.az\/index.php?rest_route=\/wp\/v2\/users\/2"}],"replies":[{"embeddable":true,"href":"https:\/\/arantv.az\/index.php?rest_route=%2Fwp%2Fv2%2Fcomments&post=120930"}],"version-history":[{"count":0,"href":"https:\/\/arantv.az\/index.php?rest_route=\/wp\/v2\/posts\/120930\/revisions"}],"wp:featuredmedia":[{"embeddable":true,"href":"https:\/\/arantv.az\/index.php?rest_route=\/wp\/v2\/media\/120931"}],"wp:attachment":[{"href":"https:\/\/arantv.az\/index.php?rest_route=%2Fwp%2Fv2%2Fmedia&parent=120930"}],"wp:term":[{"taxonomy":"category","embeddable":true,"href":"https:\/\/arantv.az\/index.php?rest_route=%2Fwp%2Fv2%2Fcategories&post=120930"},{"taxonomy":"post_tag","embeddable":true,"href":"https:\/\/arantv.az\/index.php?rest_route=%2Fwp%2Fv2%2Ftags&post=120930"}],"curies":[{"name":"wp","href":"https:\/\/api.w.org\/{rel}","templated":true}]}}