{"id":121140,"date":"2020-01-22T09:20:15","date_gmt":"2020-01-22T06:20:15","guid":{"rendered":"http:\/\/arantv.az\/?p=121140"},"modified":"2020-01-22T09:20:15","modified_gmt":"2020-01-22T06:20:15","slug":"ilham-%c9%99liyev-tramp-merkel-v%c9%99-konte-il%c9%99-n%c9%99h%c9%99ng-forumda-dunyanin-taleyi-h%c9%99ll-olunur","status":"publish","type":"post","link":"https:\/\/arantv.az\/?p=121140","title":{"rendered":"\u0130lham \u018fliyev Tramp, Merkel v\u0259 Konte il\u0259 n\u0259h\u0259ng forumda: d\u00fcnyan\u0131n taleyi h\u0259ll olunur"},"content":{"rendered":"<p><strong>Bu il 50-ci zirv\u0259si t\u0259\u015fkil edil\u0259n Davos D\u00fcnya \u0130qtisadi Forumunun g\u00fcnd\u0259mi ki\u00e7il\u0259n qlobal ticar\u0259t\u0259 h\u0259ll yolu tapmaqd\u0131r.<\/strong><\/p>\n<p><b>ARANTV.AZ\u00a0<\/b>x\u0259b\u0259r verir ki, D\u00fcnya Bank\u0131n\u0131n \u201cQlobal \u0130qtisadi Proqnozlar\u201d hesabat\u0131na g\u00f6r\u0259, \u00f6t\u0259n il 1,4 faiz geril\u0259y\u0259n qlobal mal v\u0259 xidm\u0259t ticar\u0259tind\u0259ki art\u0131m\u0131n bu il 1,9 faiz\u0259 \u00e7atmas\u0131 g\u00f6zl\u0259nilir. AB\u015e v\u0259 \u00c7in aras\u0131ndak\u0131 ticar\u0259t m\u00fcharib\u0259sinin d\u0259 bu sah\u0259d\u0259 b\u00f6y\u00fck itkil\u0259r\u0259 yol a\u00e7d\u0131\u011f\u0131 bildirilib.<\/p>\n<p><img loading=\"lazy\" src=\"https:\/\/publika.az\/storage\/2020\/01\/21\/davossssssss.jpg\" alt=\"\" width=\"600\" height=\"400\" \/><\/p>\n<p>\u0130sve\u00e7r\u0259nin eyniadl\u0131 q\u0259s\u0259b\u0259sind\u0259 t\u0259\u015fkil edil\u0259n Davos Zirv\u0259sind\u0259 117 \u00f6lk\u0259d\u0259n 3 min\u0259 yax\u0131n i\u015f adam\u0131, siyas\u0259t\u00e7i, akademik v\u0259 qeyri-h\u00f6kum\u0259t t\u0259\u015fkilatlar\u0131n\u0131n t\u0259msil\u00e7il\u0259ri i\u015ftirak edir. Az\u0259rbaycan da daxil olmaqla, bir \u00e7ox \u00f6lk\u0259 d\u00f6vl\u0259t v\u0259 h\u00f6kum\u0259t ba\u015f\u00e7\u0131s\u0131 s\u0259viyy\u0259sind\u0259 t\u0259msil olunur.<\/p>\n<p><strong>\u018fh\u0259miyy\u0259tli ba\u015fl\u0131qlar<\/strong><\/p>\n<p>Ticar\u0259t sava\u015flar\u0131n\u0131n t\u0259sirinin h\u0259l\u0259 d\u0259 hiss edildiyi, d\u00fcnya ticar\u0259tinin ki\u00e7ildiyi \u015f\u0259raitd\u0259 Davos bu il uy\u011fun bir ticar\u0259ti t\u0259krar m\u00fcmk\u00fcn etm\u0259yin yollar\u0131n\u0131 axtaracaq. AB\u015e ba\u015fda olmaqla, bir \u00e7ox s\u0259nayel\u0259\u015fmi\u015f \u00f6lk\u0259nin qlobal istil\u0259\u015fm\u0259nin qar\u015f\u0131s\u0131n\u0131 alma\u011fa dair t\u0259r\u0259dd\u00fcdl\u00fc v\u0259 a\u011f\u0131r add\u0131mlar\u0131 s\u0259b\u0259bil\u0259 zirv\u0259y\u0259 bu il iqlim d\u0259yi\u015fikliyi m\u00f6vzusu dam\u011fas\u0131n\u0131 vuracaq.<\/p>\n<p><img loading=\"lazy\" src=\"https:\/\/publika.az\/storage\/2018\/01\/18\/president_davos44.jpg\" alt=\"\" width=\"600\" height=\"449\" \/><\/p>\n<p>Bu s\u0259b\u0259bd\u0259n Davos toplant\u0131lar\u0131nda \u00f6n\u0259 \u00e7\u0131xar\u0131lan ba\u015fl\u0131qlar da d\u00fcnya iqtisadiyyat\u0131n\u0131n i\u00e7ind\u0259 oldu\u011fu \u00e7\u0259tinlikl\u0259ri yekunla\u015fd\u0131rmaq x\u00fcsusiyy\u0259ti da\u015f\u0131y\u0131r. N\u0259h\u0259ng forumda \u201cSa\u011flam g\u0259l\u0259c\u0259k\u201d, \u201cPlanet nec\u0259 xilas edil\u0259 bil\u0259r?\u201d, \u201cGeosiyas\u0259tin h\u00fcdudlar\u0131ndan k\u0259narda\u201d, \u201c\u018fdal\u0259tli iqtisadiyyat\u201d, \u201cYax\u015f\u0131l\u0131q \u00fc\u00e7\u00fcn texnologiya\u201d, \u201cDaha yax\u015f\u0131 i\u015f\u201d, \u201cToplumun v\u0259 i\u015fin g\u0259l\u0259c\u0259yi\u201d m\u00f6vzular\u0131nda 400-\u0259 yax\u0131n a\u00e7\u0131q v\u0259 qapal\u0131 toplant\u0131lar ger\u00e7\u0259kl\u0259\u015fdiril\u0259c\u0259k.<\/p>\n<p><strong>\u00c7ind\u0259n ali s\u0259viyy\u0259li i\u015ftirak yoxdur<\/strong><\/p>\n<p>Davosda 50-d\u0259n \u00e7ox \u00f6lk\u0259 d\u00f6vl\u0259t v\u0259 h\u00f6kum\u0259t ba\u015f\u00e7\u0131lar\u0131 s\u0259viyy\u0259sind\u0259 t\u0259msil olunur. Zirv\u0259y\u0259 AB\u015e Prezidenti Donald Tramp, Almaniya kansleri Angela Merkel, \u0130taliya Ba\u015f naziri C\u00fczeppe Konte, Avropa \u0130ttifaq\u0131 Komissiyas\u0131n\u0131n Prezidenti Ursula von der Leyen v\u0259 \u0130spaniyan\u0131n Ba\u015f naziri Pedro San\u00e7ez g\u0259l\u0259rk\u0259n, \u00c7ind\u0259n d\u00f6vl\u0259t ba\u015f\u00e7\u0131s\u0131 v\u0259 ya onun m\u00fcavinl\u0259ri s\u0259viyy\u0259sind\u0259 i\u015ftirak\u0131n olmamas\u0131 diqq\u0259t \u00e7\u0259kib. Bu da AB\u015e v\u0259 \u00c7in aras\u0131ndak\u0131 g\u0259rginliyin azald\u0131lmas\u0131 t\u0259\u015f\u0259bb\u00fcsl\u0259rinin Davos \u00e7\u0259r\u00e7iv\u0259sind\u0259 m\u00fcmk\u00fcn olmad\u0131\u011f\u0131 \u015f\u0259klind\u0259 \u015f\u0259rh edilib.Publika.az<\/p>\n","protected":false},"excerpt":{"rendered":"<p>Bu il 50-ci zirv\u0259si t\u0259\u015fkil edil\u0259n Davos D\u00fcnya \u0130qtisadi Forumunun g\u00fcnd\u0259mi ki\u00e7il\u0259n qlobal ticar\u0259t\u0259 h\u0259ll yolu tapmaqd\u0131r. ARANTV.AZ\u00a0x\u0259b\u0259r verir ki, D\u00fcnya Bank\u0131n\u0131n \u201cQlobal \u0130qtisadi Proqnozlar\u201d hesabat\u0131na g\u00f6r\u0259, \u00f6t\u0259n il 1,4 faiz geril\u0259y\u0259n qlobal mal v\u0259 xidm\u0259t ticar\u0259tind\u0259ki art\u0131m\u0131n bu il 1,9 faiz\u0259 \u00e7atmas\u0131 g\u00f6zl\u0259nilir. AB\u015e v\u0259 \u00c7in aras\u0131ndak\u0131 ticar\u0259t m\u00fcharib\u0259sinin d\u0259 bu sah\u0259d\u0259 b\u00f6y\u00fck itkil\u0259r\u0259 yol a\u00e7d\u0131\u011f\u0131 bildirilib. \u0130sve\u00e7r\u0259nin eyniadl\u0131 q\u0259s\u0259b\u0259sind\u0259 t\u0259\u015fkil edil\u0259n Davos Zirv\u0259sind\u0259 117 \u00f6lk\u0259d\u0259n 3 min\u0259 yax\u0131n i\u015f adam\u0131, siyas\u0259t\u00e7i, akademik v\u0259 qeyri-h\u00f6kum\u0259t t\u0259\u015fkilatlar\u0131n\u0131n t\u0259msil\u00e7il\u0259ri i\u015ftirak edir. Az\u0259rbaycan da daxil olmaqla, bir \u00e7ox \u00f6lk\u0259 d\u00f6vl\u0259t v\u0259 h\u00f6kum\u0259t&hellip;<\/p>\n","protected":false},"author":2,"featured_media":121141,"comment_status":"closed","ping_status":"closed","sticky":false,"template":"","format":"standard","meta":{"om_disable_all_campaigns":false,"_monsterinsights_skip_tracking":false,"_monsterinsights_sitenote_active":false,"_monsterinsights_sitenote_note":"","_monsterinsights_sitenote_category":0},"categories":[4],"tags":[],"aioseo_notices":[],"gutentor_comment":0,"rttpg_featured_image_url":{"full":["https:\/\/arantv.az\/wp-content\/uploads\/2020\/01\/davos-1.jpg",800,450,false],"landscape":["https:\/\/arantv.az\/wp-content\/uploads\/2020\/01\/davos-1.jpg",800,450,false],"portraits":["https:\/\/arantv.az\/wp-content\/uploads\/2020\/01\/davos-1.jpg",800,450,false],"thumbnail":["https:\/\/arantv.az\/wp-content\/uploads\/2020\/01\/davos-1-150x150.jpg",150,150,true],"medium":["https:\/\/arantv.az\/wp-content\/uploads\/2020\/01\/davos-1-300x169.jpg",300,169,true],"large":["https:\/\/arantv.az\/wp-content\/uploads\/2020\/01\/davos-1.jpg",640,360,false],"1536x1536":["https:\/\/arantv.az\/wp-content\/uploads\/2020\/01\/davos-1.jpg",800,450,false],"2048x2048":["https:\/\/arantv.az\/wp-content\/uploads\/2020\/01\/davos-1.jpg",800,450,false],"post-thumbnail":["https:\/\/arantv.az\/wp-content\/uploads\/2020\/01\/davos-1-240x172.jpg",240,172,true],"advps-thumb-one":["https:\/\/arantv.az\/wp-content\/uploads\/2020\/01\/davos-1.jpg",800,450,false]},"rttpg_author":{"display_name":"V\u00fcsal Rafiqo\u011flu","author_link":"https:\/\/arantv.az\/?author=2"},"rttpg_comment":0,"rttpg_category":"<a href=\"https:\/\/arantv.az\/?cat=4\" rel=\"category\">Siyas\u0259t<\/a>","rttpg_excerpt":"Bu il 50-ci zirv\u0259si t\u0259\u015fkil edil\u0259n Davos D\u00fcnya \u0130qtisadi Forumunun g\u00fcnd\u0259mi ki\u00e7il\u0259n qlobal ticar\u0259t\u0259 h\u0259ll yolu tapmaqd\u0131r. ARANTV.AZ\u00a0x\u0259b\u0259r verir ki, D\u00fcnya Bank\u0131n\u0131n \u201cQlobal \u0130qtisadi Proqnozlar\u201d hesabat\u0131na g\u00f6r\u0259, \u00f6t\u0259n il 1,4 faiz geril\u0259y\u0259n qlobal mal v\u0259 xidm\u0259t ticar\u0259tind\u0259ki art\u0131m\u0131n bu il 1,9 faiz\u0259 \u00e7atmas\u0131 g\u00f6zl\u0259nilir. AB\u015e v\u0259 \u00c7in aras\u0131ndak\u0131 ticar\u0259t m\u00fcharib\u0259sinin d\u0259 bu sah\u0259d\u0259 b\u00f6y\u00fck itkil\u0259r\u0259&hellip;","_links":{"self":[{"href":"https:\/\/arantv.az\/index.php?rest_route=\/wp\/v2\/posts\/121140"}],"collection":[{"href":"https:\/\/arantv.az\/index.php?rest_route=\/wp\/v2\/posts"}],"about":[{"href":"https:\/\/arantv.az\/index.php?rest_route=\/wp\/v2\/types\/post"}],"author":[{"embeddable":true,"href":"https:\/\/arantv.az\/index.php?rest_route=\/wp\/v2\/users\/2"}],"replies":[{"embeddable":true,"href":"https:\/\/arantv.az\/index.php?rest_route=%2Fwp%2Fv2%2Fcomments&post=121140"}],"version-history":[{"count":0,"href":"https:\/\/arantv.az\/index.php?rest_route=\/wp\/v2\/posts\/121140\/revisions"}],"wp:featuredmedia":[{"embeddable":true,"href":"https:\/\/arantv.az\/index.php?rest_route=\/wp\/v2\/media\/121141"}],"wp:attachment":[{"href":"https:\/\/arantv.az\/index.php?rest_route=%2Fwp%2Fv2%2Fmedia&parent=121140"}],"wp:term":[{"taxonomy":"category","embeddable":true,"href":"https:\/\/arantv.az\/index.php?rest_route=%2Fwp%2Fv2%2Fcategories&post=121140"},{"taxonomy":"post_tag","embeddable":true,"href":"https:\/\/arantv.az\/index.php?rest_route=%2Fwp%2Fv2%2Ftags&post=121140"}],"curies":[{"name":"wp","href":"https:\/\/api.w.org\/{rel}","templated":true}]}}