{"id":1213,"date":"2018-07-26T13:53:37","date_gmt":"2018-07-26T10:53:37","guid":{"rendered":"http:\/\/arantv.az\/?p=1213"},"modified":"2018-07-26T14:21:28","modified_gmt":"2018-07-26T11:21:28","slug":"olk%c9%99d%c9%99-pensiyalarin-verilisi-basa-catib","status":"publish","type":"post","link":"https:\/\/arantv.az\/?p=1213","title":{"rendered":"\u00d6lk\u0259d\u0259 pensiyalar\u0131n verili\u015fi ba\u015fa \u00e7at\u0131b"},"content":{"rendered":"<p>Bu ilin iyul ay\u0131 \u00fczr\u0259 \u0259m\u0259k pensiyalar\u0131n\u0131n maliyy\u0259l\u0259\u015fdirilm\u0259si\u00a0yekunla\u015fd\u0131r\u0131l\u0131b.<\/p>\n<p>ARANTV.AZ\u00a0 x\u0259b\u0259r verir ki, pensiyalar\u0131n \u00f6lk\u0259 \u00fczr\u0259 maliyy\u0259l\u0259\u015fdirilm\u0259si qrafikin\u0259 \u0259sas\u0259n, iyul ay\u0131n\u0131n 9-da Nax\u00e7\u0131van MR, Bak\u0131 v\u0259 Sumqay\u0131t \u015f\u0259h\u0259rl\u0259ri, Ab\u015feron rayonu, 13-d\u0259 respublika tabeli \u015f\u0259h\u0259rl\u0259r v\u0259 \u0259halisi m\u0259cburi k\u00f6\u00e7k\u00fcn olan rayonlar, 19-da respublikan\u0131n dig\u0259r rayonlar\u0131 \u00fczr\u0259 pensiyalar\u0131n Fondun orqanlar\u0131n\u0131n x\u0259zin\u0259 hesablar\u0131na k\u00f6\u00e7\u00fcr\u00fclm\u0259si t\u0259min edilib.<\/p>\n<p>\u0130yulun 24-d\u0259 is\u0259 h\u0259rbi qulluq\u00e7ular v\u0259 x\u00fcsusi r\u00fctb\u0259li \u015f\u0259xs kateqoriyas\u0131ndan olan pensiya\u00e7\u0131lar\u0131n pensiyalar\u0131n\u0131n \u0259vv\u0259lki aylar\u0131n art\u0131mlar\u0131 il\u0259 birg\u0259\u00a0maliyy\u0259l\u0259\u015fdirilm\u0259si ba\u015fa \u00e7atd\u0131r\u0131l\u0131b.<\/p>\n<p>oxu.az<\/p>\n","protected":false},"excerpt":{"rendered":"<p>Bu ilin iyul ay\u0131 \u00fczr\u0259 \u0259m\u0259k pensiyalar\u0131n\u0131n maliyy\u0259l\u0259\u015fdirilm\u0259si\u00a0yekunla\u015fd\u0131r\u0131l\u0131b. ARANTV.AZ\u00a0 x\u0259b\u0259r verir ki, pensiyalar\u0131n \u00f6lk\u0259 \u00fczr\u0259 maliyy\u0259l\u0259\u015fdirilm\u0259si qrafikin\u0259 \u0259sas\u0259n, iyul ay\u0131n\u0131n 9-da Nax\u00e7\u0131van MR, Bak\u0131 v\u0259 Sumqay\u0131t \u015f\u0259h\u0259rl\u0259ri, Ab\u015feron rayonu, 13-d\u0259 respublika tabeli \u015f\u0259h\u0259rl\u0259r v\u0259 \u0259halisi m\u0259cburi k\u00f6\u00e7k\u00fcn olan rayonlar, 19-da respublikan\u0131n dig\u0259r rayonlar\u0131 \u00fczr\u0259 pensiyalar\u0131n Fondun orqanlar\u0131n\u0131n x\u0259zin\u0259 hesablar\u0131na k\u00f6\u00e7\u00fcr\u00fclm\u0259si t\u0259min edilib. \u0130yulun 24-d\u0259 is\u0259 h\u0259rbi qulluq\u00e7ular v\u0259 x\u00fcsusi r\u00fctb\u0259li \u015f\u0259xs kateqoriyas\u0131ndan olan pensiya\u00e7\u0131lar\u0131n pensiyalar\u0131n\u0131n \u0259vv\u0259lki aylar\u0131n art\u0131mlar\u0131 il\u0259 birg\u0259\u00a0maliyy\u0259l\u0259\u015fdirilm\u0259si ba\u015fa \u00e7atd\u0131r\u0131l\u0131b. oxu.az<\/p>\n","protected":false},"author":2,"featured_media":1249,"comment_status":"open","ping_status":"open","sticky":false,"template":"","format":"standard","meta":{"om_disable_all_campaigns":false,"_monsterinsights_skip_tracking":false,"_monsterinsights_sitenote_active":false,"_monsterinsights_sitenote_note":"","_monsterinsights_sitenote_category":0},"categories":[1],"tags":[],"aioseo_notices":[],"gutentor_comment":0,"rttpg_featured_image_url":{"full":["https:\/\/arantv.az\/wp-content\/uploads\/2018\/07\/2-1-1.jpg",620,443,false],"landscape":["https:\/\/arantv.az\/wp-content\/uploads\/2018\/07\/2-1-1.jpg",620,443,false],"portraits":["https:\/\/arantv.az\/wp-content\/uploads\/2018\/07\/2-1-1.jpg",620,443,false],"thumbnail":["https:\/\/arantv.az\/wp-content\/uploads\/2018\/07\/2-1-1-150x150.jpg",150,150,true],"medium":["https:\/\/arantv.az\/wp-content\/uploads\/2018\/07\/2-1-1-300x214.jpg",300,214,true],"large":["https:\/\/arantv.az\/wp-content\/uploads\/2018\/07\/2-1-1.jpg",620,443,false],"1536x1536":["https:\/\/arantv.az\/wp-content\/uploads\/2018\/07\/2-1-1.jpg",620,443,false],"2048x2048":["https:\/\/arantv.az\/wp-content\/uploads\/2018\/07\/2-1-1.jpg",620,443,false],"post-thumbnail":["https:\/\/arantv.az\/wp-content\/uploads\/2018\/07\/2-1-1.jpg",240,172,false],"advps-thumb-one":["https:\/\/arantv.az\/wp-content\/uploads\/2018\/07\/2-1-1.jpg",620,443,false]},"rttpg_author":{"display_name":"V\u00fcsal Rafiqo\u011flu","author_link":"https:\/\/arantv.az\/?author=2"},"rttpg_comment":0,"rttpg_category":"<a href=\"https:\/\/arantv.az\/?cat=1\" rel=\"category\">C\u0259miyy\u0259t<\/a>","rttpg_excerpt":"Bu ilin iyul ay\u0131 \u00fczr\u0259 \u0259m\u0259k pensiyalar\u0131n\u0131n maliyy\u0259l\u0259\u015fdirilm\u0259si\u00a0yekunla\u015fd\u0131r\u0131l\u0131b. ARANTV.AZ\u00a0 x\u0259b\u0259r verir ki, pensiyalar\u0131n \u00f6lk\u0259 \u00fczr\u0259 maliyy\u0259l\u0259\u015fdirilm\u0259si qrafikin\u0259 \u0259sas\u0259n, iyul ay\u0131n\u0131n 9-da Nax\u00e7\u0131van MR, Bak\u0131 v\u0259 Sumqay\u0131t \u015f\u0259h\u0259rl\u0259ri, Ab\u015feron rayonu, 13-d\u0259 respublika tabeli \u015f\u0259h\u0259rl\u0259r v\u0259 \u0259halisi m\u0259cburi k\u00f6\u00e7k\u00fcn olan rayonlar, 19-da respublikan\u0131n dig\u0259r rayonlar\u0131 \u00fczr\u0259 pensiyalar\u0131n Fondun orqanlar\u0131n\u0131n x\u0259zin\u0259 hesablar\u0131na k\u00f6\u00e7\u00fcr\u00fclm\u0259si t\u0259min edilib. \u0130yulun 24-d\u0259 is\u0259&hellip;","_links":{"self":[{"href":"https:\/\/arantv.az\/index.php?rest_route=\/wp\/v2\/posts\/1213"}],"collection":[{"href":"https:\/\/arantv.az\/index.php?rest_route=\/wp\/v2\/posts"}],"about":[{"href":"https:\/\/arantv.az\/index.php?rest_route=\/wp\/v2\/types\/post"}],"author":[{"embeddable":true,"href":"https:\/\/arantv.az\/index.php?rest_route=\/wp\/v2\/users\/2"}],"replies":[{"embeddable":true,"href":"https:\/\/arantv.az\/index.php?rest_route=%2Fwp%2Fv2%2Fcomments&post=1213"}],"version-history":[{"count":0,"href":"https:\/\/arantv.az\/index.php?rest_route=\/wp\/v2\/posts\/1213\/revisions"}],"wp:featuredmedia":[{"embeddable":true,"href":"https:\/\/arantv.az\/index.php?rest_route=\/wp\/v2\/media\/1249"}],"wp:attachment":[{"href":"https:\/\/arantv.az\/index.php?rest_route=%2Fwp%2Fv2%2Fmedia&parent=1213"}],"wp:term":[{"taxonomy":"category","embeddable":true,"href":"https:\/\/arantv.az\/index.php?rest_route=%2Fwp%2Fv2%2Fcategories&post=1213"},{"taxonomy":"post_tag","embeddable":true,"href":"https:\/\/arantv.az\/index.php?rest_route=%2Fwp%2Fv2%2Ftags&post=1213"}],"curies":[{"name":"wp","href":"https:\/\/api.w.org\/{rel}","templated":true}]}}