{"id":1221,"date":"2018-07-26T13:55:20","date_gmt":"2018-07-26T10:55:20","guid":{"rendered":"http:\/\/arantv.az\/?p=1221"},"modified":"2018-07-26T13:55:20","modified_gmt":"2018-07-26T10:55:20","slug":"nazirlik-bakida-musahid%c9%99-olunan-toz-dumani-il%c9%99-bagli-x%c9%99b%c9%99rdarliq-edib","status":"publish","type":"post","link":"https:\/\/arantv.az\/?p=1221","title":{"rendered":"Nazirlik Bak\u0131da m\u00fc\u015fahid\u0259 olunan toz duman\u0131 il\u0259 ba\u011fl\u0131 x\u0259b\u0259rdarl\u0131q edib"},"content":{"rendered":"<p>Ekologiya v\u0259 T\u0259bii S\u0259rv\u0259tl\u0259r Nazirliyi Bak\u0131da v\u0259 Ab\u015feron yar\u0131madas\u0131nda m\u00fc\u015fahid\u0259 olunan toz duman\u0131 il\u0259 ba\u011fl\u0131 x\u0259b\u0259rdarl\u0131q edib.<\/p>\n<p><strong>ARANTV.AZ<\/strong> x\u0259b\u0259r verir ki, bu g\u00fcn 26 iyul 2018-ci il tarixind\u0259 Bak\u0131da v\u0259 Ab\u015feron yar\u0131madas\u0131nda s\u0259h\u0259r saatlar\u0131nda m\u00fclayim \u015fimal-q\u0259rb k\u00fcl\u0259yinin \u00fcst\u00fcnl\u00fcy\u00fc il\u0259 \u0259laq\u0259dar tozun s\u0259p\u0259l\u0259nm\u0259si prosesi ba\u015f verib v\u0259 n\u0259tic\u0259d\u0259 atmosfer havas\u0131nda tozun miqdar\u0131n\u0131n bir q\u0259d\u0259r azald\u0131\u011f\u0131 qeyd\u0259 al\u0131n\u0131b.<\/p>\n<p>G\u00fcn\u00fcn\u00a0 ikinci yar\u0131s\u0131ndan ax\u015fama do\u011fru \u015f\u0259rq v\u0259 c\u0259nub-\u015f\u0259rq k\u00fcl\u0259yinin \u00fcst\u00fcnl\u00fcy\u00fc il\u0259 \u0259laq\u0259dar tozun miqdar\u0131n\u0131n artaca\u011f\u0131 g\u00f6zl\u0259nilir.<\/p>\n<p>Xat\u0131rladaq ki, bel\u0259 \u015f\u0259rait 27 iyul 2018-ci il tarixin\u0259d\u0259k davam ed\u0259c\u0259k.<\/p>\n<div><iframe loading=\"lazy\" src=\"https:\/\/player.baku.tv\/embed\/2702\" width=\"560\" height=\"315\" frameborder=\"0\" allowfullscreen=\"allowfullscreen\" data-mce-fragment=\"1\"><\/iframe><\/div>\n<p>oxu.az<\/p>\n","protected":false},"excerpt":{"rendered":"<p>Ekologiya v\u0259 T\u0259bii S\u0259rv\u0259tl\u0259r Nazirliyi Bak\u0131da v\u0259 Ab\u015feron yar\u0131madas\u0131nda m\u00fc\u015fahid\u0259 olunan toz duman\u0131 il\u0259 ba\u011fl\u0131 x\u0259b\u0259rdarl\u0131q edib. ARANTV.AZ x\u0259b\u0259r verir ki, bu g\u00fcn 26 iyul 2018-ci il tarixind\u0259 Bak\u0131da v\u0259 Ab\u015feron yar\u0131madas\u0131nda s\u0259h\u0259r saatlar\u0131nda m\u00fclayim \u015fimal-q\u0259rb k\u00fcl\u0259yinin \u00fcst\u00fcnl\u00fcy\u00fc il\u0259 \u0259laq\u0259dar tozun s\u0259p\u0259l\u0259nm\u0259si prosesi ba\u015f verib v\u0259 n\u0259tic\u0259d\u0259 atmosfer havas\u0131nda tozun miqdar\u0131n\u0131n bir q\u0259d\u0259r azald\u0131\u011f\u0131 qeyd\u0259 al\u0131n\u0131b. G\u00fcn\u00fcn\u00a0 ikinci yar\u0131s\u0131ndan ax\u015fama do\u011fru \u015f\u0259rq v\u0259 c\u0259nub-\u015f\u0259rq k\u00fcl\u0259yinin \u00fcst\u00fcnl\u00fcy\u00fc il\u0259 \u0259laq\u0259dar tozun miqdar\u0131n\u0131n artaca\u011f\u0131 g\u00f6zl\u0259nilir. Xat\u0131rladaq ki, bel\u0259 \u015f\u0259rait 27 iyul 2018-ci il tarixin\u0259d\u0259k davam ed\u0259c\u0259k. oxu.az<\/p>\n","protected":false},"author":2,"featured_media":1222,"comment_status":"open","ping_status":"open","sticky":false,"template":"","format":"standard","meta":{"om_disable_all_campaigns":false,"_monsterinsights_skip_tracking":false,"_monsterinsights_sitenote_active":false,"_monsterinsights_sitenote_note":"","_monsterinsights_sitenote_category":0},"categories":[1],"tags":[],"aioseo_notices":[],"gutentor_comment":0,"rttpg_featured_image_url":{"full":["https:\/\/arantv.az\/wp-content\/uploads\/2018\/07\/toz-duman-sekil.jpg",620,367,false],"landscape":["https:\/\/arantv.az\/wp-content\/uploads\/2018\/07\/toz-duman-sekil.jpg",620,367,false],"portraits":["https:\/\/arantv.az\/wp-content\/uploads\/2018\/07\/toz-duman-sekil.jpg",620,367,false],"thumbnail":["https:\/\/arantv.az\/wp-content\/uploads\/2018\/07\/toz-duman-sekil-150x150.jpg",150,150,true],"medium":["https:\/\/arantv.az\/wp-content\/uploads\/2018\/07\/toz-duman-sekil-300x178.jpg",300,178,true],"large":["https:\/\/arantv.az\/wp-content\/uploads\/2018\/07\/toz-duman-sekil.jpg",620,367,false],"1536x1536":["https:\/\/arantv.az\/wp-content\/uploads\/2018\/07\/toz-duman-sekil.jpg",620,367,false],"2048x2048":["https:\/\/arantv.az\/wp-content\/uploads\/2018\/07\/toz-duman-sekil.jpg",620,367,false],"post-thumbnail":["https:\/\/arantv.az\/wp-content\/uploads\/2018\/07\/toz-duman-sekil.jpg",240,142,false],"advps-thumb-one":["https:\/\/arantv.az\/wp-content\/uploads\/2018\/07\/toz-duman-sekil.jpg",620,367,false]},"rttpg_author":{"display_name":"V\u00fcsal Rafiqo\u011flu","author_link":"https:\/\/arantv.az\/?author=2"},"rttpg_comment":0,"rttpg_category":"<a href=\"https:\/\/arantv.az\/?cat=1\" rel=\"category\">C\u0259miyy\u0259t<\/a>","rttpg_excerpt":"Ekologiya v\u0259 T\u0259bii S\u0259rv\u0259tl\u0259r Nazirliyi Bak\u0131da v\u0259 Ab\u015feron yar\u0131madas\u0131nda m\u00fc\u015fahid\u0259 olunan toz duman\u0131 il\u0259 ba\u011fl\u0131 x\u0259b\u0259rdarl\u0131q edib. ARANTV.AZ x\u0259b\u0259r verir ki, bu g\u00fcn 26 iyul 2018-ci il tarixind\u0259 Bak\u0131da v\u0259 Ab\u015feron yar\u0131madas\u0131nda s\u0259h\u0259r saatlar\u0131nda m\u00fclayim \u015fimal-q\u0259rb k\u00fcl\u0259yinin \u00fcst\u00fcnl\u00fcy\u00fc il\u0259 \u0259laq\u0259dar tozun s\u0259p\u0259l\u0259nm\u0259si prosesi ba\u015f verib v\u0259 n\u0259tic\u0259d\u0259 atmosfer havas\u0131nda tozun miqdar\u0131n\u0131n bir q\u0259d\u0259r azald\u0131\u011f\u0131 qeyd\u0259&hellip;","_links":{"self":[{"href":"https:\/\/arantv.az\/index.php?rest_route=\/wp\/v2\/posts\/1221"}],"collection":[{"href":"https:\/\/arantv.az\/index.php?rest_route=\/wp\/v2\/posts"}],"about":[{"href":"https:\/\/arantv.az\/index.php?rest_route=\/wp\/v2\/types\/post"}],"author":[{"embeddable":true,"href":"https:\/\/arantv.az\/index.php?rest_route=\/wp\/v2\/users\/2"}],"replies":[{"embeddable":true,"href":"https:\/\/arantv.az\/index.php?rest_route=%2Fwp%2Fv2%2Fcomments&post=1221"}],"version-history":[{"count":0,"href":"https:\/\/arantv.az\/index.php?rest_route=\/wp\/v2\/posts\/1221\/revisions"}],"wp:featuredmedia":[{"embeddable":true,"href":"https:\/\/arantv.az\/index.php?rest_route=\/wp\/v2\/media\/1222"}],"wp:attachment":[{"href":"https:\/\/arantv.az\/index.php?rest_route=%2Fwp%2Fv2%2Fmedia&parent=1221"}],"wp:term":[{"taxonomy":"category","embeddable":true,"href":"https:\/\/arantv.az\/index.php?rest_route=%2Fwp%2Fv2%2Fcategories&post=1221"},{"taxonomy":"post_tag","embeddable":true,"href":"https:\/\/arantv.az\/index.php?rest_route=%2Fwp%2Fv2%2Ftags&post=1221"}],"curies":[{"name":"wp","href":"https:\/\/api.w.org\/{rel}","templated":true}]}}