{"id":1227,"date":"2018-07-26T13:59:09","date_gmt":"2018-07-26T10:59:09","guid":{"rendered":"http:\/\/arantv.az\/?p=1227"},"modified":"2018-07-26T13:59:09","modified_gmt":"2018-07-26T10:59:09","slug":"agdamda-11-yasli-usagi-qardasi-agir-yaraladi","status":"publish","type":"post","link":"https:\/\/arantv.az\/?p=1227","title":{"rendered":"A\u011fdamda 11 ya\u015fl\u0131 u\u015fa\u011f\u0131 qarda\u015f\u0131 a\u011f\u0131r yaralad\u0131"},"content":{"rendered":"<p><strong>A\u011fdam rayonunda 11 ya\u015fl\u0131 u\u015fa\u011f\u0131 qarda\u015f\u0131 a\u011f\u0131r yaralay\u0131b.<\/strong><\/p>\n<p><strong>ARANTV.AZ<\/strong> APA-ya istinad\u0259n x\u0259b\u0259r verir ki, hadis\u0259 rayonun Ergi q\u0259s\u0259b\u0259sind\u0259 ba\u015f verib.<\/p>\n<p>Q\u0259s\u0259b\u0259 sakini \u018fliyev V\u00fcsal \u0130lqar o\u011flunu qarda\u015f\u0131 velosiped d\u0259miri il\u0259 ba\u015f nahiy\u0259sind\u0259n vuraraq a\u011f\u0131r yaralay\u0131b. V.\u018fliyev A\u011fdam M\u0259rk\u0259zi X\u0259st\u0259xanas\u0131na \u00e7atd\u0131r\u0131lsa da, v\u0259ziyy\u0259ti a\u011f\u0131r oldu\u011fundan B\u0259rd\u0259 M\u0259rk\u0259zi Rayon X\u0259st\u0259xanas\u0131na g\u00f6nd\u0259rilib.<\/p>\n<p>Faktla ba\u011fl\u0131 ara\u015fd\u0131rma apar\u0131l\u0131r.<\/p>\n","protected":false},"excerpt":{"rendered":"<p>A\u011fdam rayonunda 11 ya\u015fl\u0131 u\u015fa\u011f\u0131 qarda\u015f\u0131 a\u011f\u0131r yaralay\u0131b. ARANTV.AZ APA-ya istinad\u0259n x\u0259b\u0259r verir ki, hadis\u0259 rayonun Ergi q\u0259s\u0259b\u0259sind\u0259 ba\u015f verib. Q\u0259s\u0259b\u0259 sakini \u018fliyev V\u00fcsal \u0130lqar o\u011flunu qarda\u015f\u0131 velosiped d\u0259miri il\u0259 ba\u015f nahiy\u0259sind\u0259n vuraraq a\u011f\u0131r yaralay\u0131b. V.\u018fliyev A\u011fdam M\u0259rk\u0259zi X\u0259st\u0259xanas\u0131na \u00e7atd\u0131r\u0131lsa da, v\u0259ziyy\u0259ti a\u011f\u0131r oldu\u011fundan B\u0259rd\u0259 M\u0259rk\u0259zi Rayon X\u0259st\u0259xanas\u0131na g\u00f6nd\u0259rilib. Faktla ba\u011fl\u0131 ara\u015fd\u0131rma apar\u0131l\u0131r.<\/p>\n","protected":false},"author":2,"featured_media":1228,"comment_status":"open","ping_status":"open","sticky":false,"template":"","format":"standard","meta":{"om_disable_all_campaigns":false,"_monsterinsights_skip_tracking":false,"_monsterinsights_sitenote_active":false,"_monsterinsights_sitenote_note":"","_monsterinsights_sitenote_category":0},"categories":[5],"tags":[],"aioseo_notices":[],"gutentor_comment":0,"rttpg_featured_image_url":{"full":["https:\/\/arantv.az\/wp-content\/uploads\/2018\/07\/tecili_yardim_05-2.jpg",482,361,false],"landscape":["https:\/\/arantv.az\/wp-content\/uploads\/2018\/07\/tecili_yardim_05-2.jpg",482,361,false],"portraits":["https:\/\/arantv.az\/wp-content\/uploads\/2018\/07\/tecili_yardim_05-2.jpg",482,361,false],"thumbnail":["https:\/\/arantv.az\/wp-content\/uploads\/2018\/07\/tecili_yardim_05-2-150x150.jpg",150,150,true],"medium":["https:\/\/arantv.az\/wp-content\/uploads\/2018\/07\/tecili_yardim_05-2-300x225.jpg",300,225,true],"large":["https:\/\/arantv.az\/wp-content\/uploads\/2018\/07\/tecili_yardim_05-2.jpg",482,361,false],"1536x1536":["https:\/\/arantv.az\/wp-content\/uploads\/2018\/07\/tecili_yardim_05-2.jpg",482,361,false],"2048x2048":["https:\/\/arantv.az\/wp-content\/uploads\/2018\/07\/tecili_yardim_05-2.jpg",482,361,false],"post-thumbnail":["https:\/\/arantv.az\/wp-content\/uploads\/2018\/07\/tecili_yardim_05-2.jpg",230,172,false],"advps-thumb-one":["https:\/\/arantv.az\/wp-content\/uploads\/2018\/07\/tecili_yardim_05-2.jpg",482,361,false]},"rttpg_author":{"display_name":"V\u00fcsal Rafiqo\u011flu","author_link":"https:\/\/arantv.az\/?author=2"},"rttpg_comment":0,"rttpg_category":"<a href=\"https:\/\/arantv.az\/?cat=5\" rel=\"category\">Hadis\u0259<\/a>","rttpg_excerpt":"A\u011fdam rayonunda 11 ya\u015fl\u0131 u\u015fa\u011f\u0131 qarda\u015f\u0131 a\u011f\u0131r yaralay\u0131b. ARANTV.AZ APA-ya istinad\u0259n x\u0259b\u0259r verir ki, hadis\u0259 rayonun Ergi q\u0259s\u0259b\u0259sind\u0259 ba\u015f verib. Q\u0259s\u0259b\u0259 sakini \u018fliyev V\u00fcsal \u0130lqar o\u011flunu qarda\u015f\u0131 velosiped d\u0259miri il\u0259 ba\u015f nahiy\u0259sind\u0259n vuraraq a\u011f\u0131r yaralay\u0131b. V.\u018fliyev A\u011fdam M\u0259rk\u0259zi X\u0259st\u0259xanas\u0131na \u00e7atd\u0131r\u0131lsa da, v\u0259ziyy\u0259ti a\u011f\u0131r oldu\u011fundan B\u0259rd\u0259 M\u0259rk\u0259zi Rayon X\u0259st\u0259xanas\u0131na g\u00f6nd\u0259rilib. Faktla ba\u011fl\u0131 ara\u015fd\u0131rma apar\u0131l\u0131r.","_links":{"self":[{"href":"https:\/\/arantv.az\/index.php?rest_route=\/wp\/v2\/posts\/1227"}],"collection":[{"href":"https:\/\/arantv.az\/index.php?rest_route=\/wp\/v2\/posts"}],"about":[{"href":"https:\/\/arantv.az\/index.php?rest_route=\/wp\/v2\/types\/post"}],"author":[{"embeddable":true,"href":"https:\/\/arantv.az\/index.php?rest_route=\/wp\/v2\/users\/2"}],"replies":[{"embeddable":true,"href":"https:\/\/arantv.az\/index.php?rest_route=%2Fwp%2Fv2%2Fcomments&post=1227"}],"version-history":[{"count":0,"href":"https:\/\/arantv.az\/index.php?rest_route=\/wp\/v2\/posts\/1227\/revisions"}],"wp:featuredmedia":[{"embeddable":true,"href":"https:\/\/arantv.az\/index.php?rest_route=\/wp\/v2\/media\/1228"}],"wp:attachment":[{"href":"https:\/\/arantv.az\/index.php?rest_route=%2Fwp%2Fv2%2Fmedia&parent=1227"}],"wp:term":[{"taxonomy":"category","embeddable":true,"href":"https:\/\/arantv.az\/index.php?rest_route=%2Fwp%2Fv2%2Fcategories&post=1227"},{"taxonomy":"post_tag","embeddable":true,"href":"https:\/\/arantv.az\/index.php?rest_route=%2Fwp%2Fv2%2Ftags&post=1227"}],"curies":[{"name":"wp","href":"https:\/\/api.w.org\/{rel}","templated":true}]}}