{"id":122728,"date":"2020-01-25T10:31:19","date_gmt":"2020-01-25T07:31:19","guid":{"rendered":"http:\/\/arantv.az\/?p=122728"},"modified":"2020-01-25T10:31:19","modified_gmt":"2020-01-25T07:31:19","slug":"turkiy%c9%99d%c9%99-z%c9%99lz%c9%99l%c9%99d%c9%99-ol%c9%99nl%c9%99r-arasinda-az%c9%99rbaycanli-yoxdur-r%c9%99smi","status":"publish","type":"post","link":"https:\/\/arantv.az\/?p=122728","title":{"rendered":"T\u00fcrkiy\u0259d\u0259 z\u0259lz\u0259l\u0259d\u0259 \u00f6l\u0259nl\u0259r aras\u0131nda az\u0259rbaycanl\u0131 yoxdur &#8211; R\u018fSM\u0130"},"content":{"rendered":"<p>T\u00fcrkiy\u0259d\u0259\u00a0&#8211; Elaz\u0131\u011f v\u0259 Malatyada\u00a0ba\u015f vermi\u015f da\u011f\u0131d\u0131c\u0131 z\u0259lz\u0259l\u0259d\u0259 \u00f6l\u0259nl\u0259r aras\u0131nda az\u0259rbaycanl\u0131lar yoxdur.<\/p>\n<p>Bu bar\u0259d\u0259<strong>\u00a0<\/strong>Oxu.Az-a Az\u0259rbaycan Xarici \u0130\u015fl\u0259r Nazirliyinin (X\u0130N) M\u0259tbuat xidm\u0259ti idar\u0259sinin r\u0259isi Leyla Abdullayeva m\u0259lumat verib:<\/p>\n<p>\u201cM\u00fct\u0259madi olaraq T\u00fcrkiy\u0259nin aidiyy\u0259ti orqanlar\u0131il\u0259 \u0259laq\u0259 saxlay\u0131r\u0131q. T\u00fcrkiy\u0259 Xarici \u0130\u015fl\u0259r Nazirliyind\u0259n ald\u0131\u011f\u0131m\u0131z m\u0259lumata g\u00f6r\u0259,\u00a0h\u0259l\u0259lik\u00a0z\u0259lz\u0259l\u0259 n\u0259tic\u0259sind\u0259 \u00f6l\u0259n v\u0259 x\u0259sar\u0259t alanlar aras\u0131nda h\u0259mv\u0259t\u0259nl\u0259rimiz yoxdur\u201d.<\/p>\n","protected":false},"excerpt":{"rendered":"<p>T\u00fcrkiy\u0259d\u0259\u00a0&#8211; Elaz\u0131\u011f v\u0259 Malatyada\u00a0ba\u015f vermi\u015f da\u011f\u0131d\u0131c\u0131 z\u0259lz\u0259l\u0259d\u0259 \u00f6l\u0259nl\u0259r aras\u0131nda az\u0259rbaycanl\u0131lar yoxdur. Bu bar\u0259d\u0259\u00a0Oxu.Az-a Az\u0259rbaycan Xarici \u0130\u015fl\u0259r Nazirliyinin (X\u0130N) M\u0259tbuat xidm\u0259ti idar\u0259sinin r\u0259isi Leyla Abdullayeva m\u0259lumat verib: \u201cM\u00fct\u0259madi olaraq T\u00fcrkiy\u0259nin aidiyy\u0259ti orqanlar\u0131il\u0259 \u0259laq\u0259 saxlay\u0131r\u0131q. T\u00fcrkiy\u0259 Xarici \u0130\u015fl\u0259r Nazirliyind\u0259n ald\u0131\u011f\u0131m\u0131z m\u0259lumata g\u00f6r\u0259,\u00a0h\u0259l\u0259lik\u00a0z\u0259lz\u0259l\u0259 n\u0259tic\u0259sind\u0259 \u00f6l\u0259n v\u0259 x\u0259sar\u0259t alanlar aras\u0131nda h\u0259mv\u0259t\u0259nl\u0259rimiz yoxdur\u201d.<\/p>\n","protected":false},"author":2,"featured_media":122729,"comment_status":"closed","ping_status":"closed","sticky":false,"template":"","format":"standard","meta":{"om_disable_all_campaigns":false,"_monsterinsights_skip_tracking":false,"_monsterinsights_sitenote_active":false,"_monsterinsights_sitenote_note":"","_monsterinsights_sitenote_category":0},"categories":[1],"tags":[],"aioseo_notices":[],"gutentor_comment":0,"rttpg_featured_image_url":{"full":["https:\/\/arantv.az\/wp-content\/uploads\/2020\/01\/xin-3.jpg",620,413,false],"landscape":["https:\/\/arantv.az\/wp-content\/uploads\/2020\/01\/xin-3.jpg",620,413,false],"portraits":["https:\/\/arantv.az\/wp-content\/uploads\/2020\/01\/xin-3.jpg",620,413,false],"thumbnail":["https:\/\/arantv.az\/wp-content\/uploads\/2020\/01\/xin-3-150x150.jpg",150,150,true],"medium":["https:\/\/arantv.az\/wp-content\/uploads\/2020\/01\/xin-3-300x200.jpg",300,200,true],"large":["https:\/\/arantv.az\/wp-content\/uploads\/2020\/01\/xin-3.jpg",620,413,false],"1536x1536":["https:\/\/arantv.az\/wp-content\/uploads\/2020\/01\/xin-3.jpg",620,413,false],"2048x2048":["https:\/\/arantv.az\/wp-content\/uploads\/2020\/01\/xin-3.jpg",620,413,false],"post-thumbnail":["https:\/\/arantv.az\/wp-content\/uploads\/2020\/01\/xin-3-240x172.jpg",240,172,true],"advps-thumb-one":["https:\/\/arantv.az\/wp-content\/uploads\/2020\/01\/xin-3.jpg",620,413,false]},"rttpg_author":{"display_name":"V\u00fcsal Rafiqo\u011flu","author_link":"https:\/\/arantv.az\/?author=2"},"rttpg_comment":0,"rttpg_category":"<a href=\"https:\/\/arantv.az\/?cat=1\" rel=\"category\">C\u0259miyy\u0259t<\/a>","rttpg_excerpt":"T\u00fcrkiy\u0259d\u0259\u00a0&#8211; Elaz\u0131\u011f v\u0259 Malatyada\u00a0ba\u015f vermi\u015f da\u011f\u0131d\u0131c\u0131 z\u0259lz\u0259l\u0259d\u0259 \u00f6l\u0259nl\u0259r aras\u0131nda az\u0259rbaycanl\u0131lar yoxdur. Bu bar\u0259d\u0259\u00a0Oxu.Az-a Az\u0259rbaycan Xarici \u0130\u015fl\u0259r Nazirliyinin (X\u0130N) M\u0259tbuat xidm\u0259ti idar\u0259sinin r\u0259isi Leyla Abdullayeva m\u0259lumat verib: \u201cM\u00fct\u0259madi olaraq T\u00fcrkiy\u0259nin aidiyy\u0259ti orqanlar\u0131il\u0259 \u0259laq\u0259 saxlay\u0131r\u0131q. T\u00fcrkiy\u0259 Xarici \u0130\u015fl\u0259r Nazirliyind\u0259n ald\u0131\u011f\u0131m\u0131z m\u0259lumata g\u00f6r\u0259,\u00a0h\u0259l\u0259lik\u00a0z\u0259lz\u0259l\u0259 n\u0259tic\u0259sind\u0259 \u00f6l\u0259n v\u0259 x\u0259sar\u0259t alanlar aras\u0131nda h\u0259mv\u0259t\u0259nl\u0259rimiz yoxdur\u201d.","_links":{"self":[{"href":"https:\/\/arantv.az\/index.php?rest_route=\/wp\/v2\/posts\/122728"}],"collection":[{"href":"https:\/\/arantv.az\/index.php?rest_route=\/wp\/v2\/posts"}],"about":[{"href":"https:\/\/arantv.az\/index.php?rest_route=\/wp\/v2\/types\/post"}],"author":[{"embeddable":true,"href":"https:\/\/arantv.az\/index.php?rest_route=\/wp\/v2\/users\/2"}],"replies":[{"embeddable":true,"href":"https:\/\/arantv.az\/index.php?rest_route=%2Fwp%2Fv2%2Fcomments&post=122728"}],"version-history":[{"count":0,"href":"https:\/\/arantv.az\/index.php?rest_route=\/wp\/v2\/posts\/122728\/revisions"}],"wp:featuredmedia":[{"embeddable":true,"href":"https:\/\/arantv.az\/index.php?rest_route=\/wp\/v2\/media\/122729"}],"wp:attachment":[{"href":"https:\/\/arantv.az\/index.php?rest_route=%2Fwp%2Fv2%2Fmedia&parent=122728"}],"wp:term":[{"taxonomy":"category","embeddable":true,"href":"https:\/\/arantv.az\/index.php?rest_route=%2Fwp%2Fv2%2Fcategories&post=122728"},{"taxonomy":"post_tag","embeddable":true,"href":"https:\/\/arantv.az\/index.php?rest_route=%2Fwp%2Fv2%2Ftags&post=122728"}],"curies":[{"name":"wp","href":"https:\/\/api.w.org\/{rel}","templated":true}]}}