{"id":122732,"date":"2020-01-25T10:32:05","date_gmt":"2020-01-25T07:32:05","guid":{"rendered":"http:\/\/arantv.az\/?p=122732"},"modified":"2020-01-25T10:32:05","modified_gmt":"2020-01-25T07:32:05","slug":"turkiy%c9%99d%c9%99-alti-g%c9%99mid%c9%99-yangin-baslayib-video","status":"publish","type":"post","link":"https:\/\/arantv.az\/?p=122732","title":{"rendered":"T\u00fcrkiy\u0259d\u0259 alt\u0131 g\u0259mid\u0259 yan\u011f\u0131n ba\u015flay\u0131b &#8211; V\u0130DEO"},"content":{"rendered":"<p>\u0130stanbulda alt\u0131\u00a0g\u0259mid\u0259 yan\u011f\u0131n ba\u015flay\u0131b.<\/p>\n<p>\u201cHaber Global\u201d\u0131n m\u0259lumat\u0131na g\u00f6r\u0259, \u0130stanbulun Kartal b\u00f6lg\u0259si adlanan \u0259razisind\u0259 bir g\u0259mid\u0259 ba\u015flayan yan\u011f\u0131n\u00a0daha sonra be\u015f g\u0259miy\u0259 d\u0259 ke\u00e7ib.<\/p>\n<p>Yan\u011f\u0131n\u0131 s\u00f6nd\u00fcrm\u0259y\u0259 \u00e7al\u0131\u015fan bir g\u0259mi\u00e7inin a\u011f\u0131r yaraland\u0131\u011f\u0131 bildirilir.<\/p>\n<p>Qeyd olunur ki, yan\u011f\u0131ndan \u00f6nc\u0259 \u0259razid\u0259 partlay\u0131\u015f s\u0259sl\u0259ri e\u015fidilib.<\/p>\n<div><iframe loading=\"lazy\" src=\"https:\/\/player.baku.tv\/embed\/13430\" width=\"560\" height=\"315\" frameborder=\"0\" allowfullscreen=\"allowfullscreen\" data-mce-fragment=\"1\"><\/iframe><\/div>\n<div><\/div>\n","protected":false},"excerpt":{"rendered":"<p>\u0130stanbulda alt\u0131\u00a0g\u0259mid\u0259 yan\u011f\u0131n ba\u015flay\u0131b. \u201cHaber Global\u201d\u0131n m\u0259lumat\u0131na g\u00f6r\u0259, \u0130stanbulun Kartal b\u00f6lg\u0259si adlanan \u0259razisind\u0259 bir g\u0259mid\u0259 ba\u015flayan yan\u011f\u0131n\u00a0daha sonra be\u015f g\u0259miy\u0259 d\u0259 ke\u00e7ib. Yan\u011f\u0131n\u0131 s\u00f6nd\u00fcrm\u0259y\u0259 \u00e7al\u0131\u015fan bir g\u0259mi\u00e7inin a\u011f\u0131r yaraland\u0131\u011f\u0131 bildirilir. Qeyd olunur ki, yan\u011f\u0131ndan \u00f6nc\u0259 \u0259razid\u0259 partlay\u0131\u015f s\u0259sl\u0259ri e\u015fidilib.<\/p>\n","protected":false},"author":2,"featured_media":122733,"comment_status":"closed","ping_status":"closed","sticky":false,"template":"","format":"standard","meta":{"om_disable_all_campaigns":false,"_monsterinsights_skip_tracking":false,"_monsterinsights_sitenote_active":false,"_monsterinsights_sitenote_note":"","_monsterinsights_sitenote_category":0},"categories":[7],"tags":[],"aioseo_notices":[],"gutentor_comment":0,"rttpg_featured_image_url":{"full":["https:\/\/arantv.az\/wp-content\/uploads\/2020\/01\/84358272_1003002100071520_7399897285691179008_n.jpg",565,335,false],"landscape":["https:\/\/arantv.az\/wp-content\/uploads\/2020\/01\/84358272_1003002100071520_7399897285691179008_n.jpg",565,335,false],"portraits":["https:\/\/arantv.az\/wp-content\/uploads\/2020\/01\/84358272_1003002100071520_7399897285691179008_n.jpg",565,335,false],"thumbnail":["https:\/\/arantv.az\/wp-content\/uploads\/2020\/01\/84358272_1003002100071520_7399897285691179008_n-150x150.jpg",150,150,true],"medium":["https:\/\/arantv.az\/wp-content\/uploads\/2020\/01\/84358272_1003002100071520_7399897285691179008_n-300x178.jpg",300,178,true],"large":["https:\/\/arantv.az\/wp-content\/uploads\/2020\/01\/84358272_1003002100071520_7399897285691179008_n.jpg",565,335,false],"1536x1536":["https:\/\/arantv.az\/wp-content\/uploads\/2020\/01\/84358272_1003002100071520_7399897285691179008_n.jpg",565,335,false],"2048x2048":["https:\/\/arantv.az\/wp-content\/uploads\/2020\/01\/84358272_1003002100071520_7399897285691179008_n.jpg",565,335,false],"post-thumbnail":["https:\/\/arantv.az\/wp-content\/uploads\/2020\/01\/84358272_1003002100071520_7399897285691179008_n-240x172.jpg",240,172,true],"advps-thumb-one":["https:\/\/arantv.az\/wp-content\/uploads\/2020\/01\/84358272_1003002100071520_7399897285691179008_n.jpg",565,335,false]},"rttpg_author":{"display_name":"V\u00fcsal Rafiqo\u011flu","author_link":"https:\/\/arantv.az\/?author=2"},"rttpg_comment":0,"rttpg_category":"<a href=\"https:\/\/arantv.az\/?cat=7\" rel=\"category\">D\u00fcnya<\/a>","rttpg_excerpt":"\u0130stanbulda alt\u0131\u00a0g\u0259mid\u0259 yan\u011f\u0131n ba\u015flay\u0131b. \u201cHaber Global\u201d\u0131n m\u0259lumat\u0131na g\u00f6r\u0259, \u0130stanbulun Kartal b\u00f6lg\u0259si adlanan \u0259razisind\u0259 bir g\u0259mid\u0259 ba\u015flayan yan\u011f\u0131n\u00a0daha sonra be\u015f g\u0259miy\u0259 d\u0259 ke\u00e7ib. Yan\u011f\u0131n\u0131 s\u00f6nd\u00fcrm\u0259y\u0259 \u00e7al\u0131\u015fan bir g\u0259mi\u00e7inin a\u011f\u0131r yaraland\u0131\u011f\u0131 bildirilir. Qeyd olunur ki, yan\u011f\u0131ndan \u00f6nc\u0259 \u0259razid\u0259 partlay\u0131\u015f s\u0259sl\u0259ri e\u015fidilib.","_links":{"self":[{"href":"https:\/\/arantv.az\/index.php?rest_route=\/wp\/v2\/posts\/122732"}],"collection":[{"href":"https:\/\/arantv.az\/index.php?rest_route=\/wp\/v2\/posts"}],"about":[{"href":"https:\/\/arantv.az\/index.php?rest_route=\/wp\/v2\/types\/post"}],"author":[{"embeddable":true,"href":"https:\/\/arantv.az\/index.php?rest_route=\/wp\/v2\/users\/2"}],"replies":[{"embeddable":true,"href":"https:\/\/arantv.az\/index.php?rest_route=%2Fwp%2Fv2%2Fcomments&post=122732"}],"version-history":[{"count":0,"href":"https:\/\/arantv.az\/index.php?rest_route=\/wp\/v2\/posts\/122732\/revisions"}],"wp:featuredmedia":[{"embeddable":true,"href":"https:\/\/arantv.az\/index.php?rest_route=\/wp\/v2\/media\/122733"}],"wp:attachment":[{"href":"https:\/\/arantv.az\/index.php?rest_route=%2Fwp%2Fv2%2Fmedia&parent=122732"}],"wp:term":[{"taxonomy":"category","embeddable":true,"href":"https:\/\/arantv.az\/index.php?rest_route=%2Fwp%2Fv2%2Fcategories&post=122732"},{"taxonomy":"post_tag","embeddable":true,"href":"https:\/\/arantv.az\/index.php?rest_route=%2Fwp%2Fv2%2Ftags&post=122732"}],"curies":[{"name":"wp","href":"https:\/\/api.w.org\/{rel}","templated":true}]}}