{"id":122736,"date":"2020-01-25T10:33:56","date_gmt":"2020-01-25T07:33:56","guid":{"rendered":"http:\/\/arantv.az\/?p=122736"},"modified":"2020-01-25T10:33:56","modified_gmt":"2020-01-25T07:33:56","slug":"turkiy%c9%99-daha-bir-guclu-z%c9%99lz%c9%99l%c9%99-il%c9%99-sarsildi","status":"publish","type":"post","link":"https:\/\/arantv.az\/?p=122736","title":{"rendered":"T\u00fcrkiy\u0259 daha bir g\u00fccl\u00fc z\u0259lz\u0259l\u0259 il\u0259 sars\u0131ld\u0131"},"content":{"rendered":"<p>T\u00fcrkiy\u0259d\u0259 z\u0259lz\u0259l\u0259 x\u0259b\u0259rl\u0259ri g\u0259lm\u0259kd\u0259 davam edir. Bel\u0259 ki, yerli vaxtla saat 09:00 rad\u0259l\u0259rind\u0259 daha bir z\u0259lz\u0259l\u0259 qeyd\u0259 al\u0131n\u0131b.<\/p>\n<p>Bu bar\u0259d\u0259 \u201cSon Dakika\u201d x\u0259b\u0259r verib.<\/p>\n<p>Kandili R\u0259s\u0259dxanas\u0131 yeralt\u0131 t\u0259kanlar\u0131n 4,2\u00a0bal g\u00fcc\u00fcnd\u0259 oldu\u011fu b\u0259yan edilib.<\/p>\n<p>Xat\u0131rladaq ki, d\u00fcn\u0259n T\u00fcrkiy\u0259nin Malatya v\u0259 Elaz\u0131\u011f vilay\u0259tl\u0259rind\u0259 g\u00fccl\u00fc z\u0259lz\u0259l\u0259 ba\u015f verib. 6,8 bal g\u00fcc\u00fcnd\u0259 olan t\u0259kanlara g\u00f6r\u0259\u00a0Adana, Diyarbak\u0131r, Qaziantep \u015f\u0259h\u0259rl\u0259rind\u0259 insanlar gec\u0259ni k\u00fc\u00e7\u0259l\u0259rd\u0259 ke\u00e7iribl\u0259r. T\u0259bii f\u0259lak\u0259t n\u0259tic\u0259sind\u0259 bir s\u0131ra ya\u015fay\u0131\u015f binas\u0131 u\u00e7ub. Da\u011f\u0131nt\u0131lar alt\u0131ndan h\u0259l\u0259 d\u0259 insanlar \u00e7\u0131xar\u0131lma\u011fa davam edilir.<\/p>\n<p>Son m\u0259lumatlara g\u00f6r\u0259, yeralt\u0131 t\u0259kanlar n\u0259tic\u0259sind\u0259 20 n\u0259f\u0259r h\u0259lak olub, yaral\u0131lar\u0131n say\u0131 is\u0259 1015-\u0259 y\u00fcks\u0259lib.<\/p>\n","protected":false},"excerpt":{"rendered":"<p>T\u00fcrkiy\u0259d\u0259 z\u0259lz\u0259l\u0259 x\u0259b\u0259rl\u0259ri g\u0259lm\u0259kd\u0259 davam edir. Bel\u0259 ki, yerli vaxtla saat 09:00 rad\u0259l\u0259rind\u0259 daha bir z\u0259lz\u0259l\u0259 qeyd\u0259 al\u0131n\u0131b. Bu bar\u0259d\u0259 \u201cSon Dakika\u201d x\u0259b\u0259r verib. Kandili R\u0259s\u0259dxanas\u0131 yeralt\u0131 t\u0259kanlar\u0131n 4,2\u00a0bal g\u00fcc\u00fcnd\u0259 oldu\u011fu b\u0259yan edilib. Xat\u0131rladaq ki, d\u00fcn\u0259n T\u00fcrkiy\u0259nin Malatya v\u0259 Elaz\u0131\u011f vilay\u0259tl\u0259rind\u0259 g\u00fccl\u00fc z\u0259lz\u0259l\u0259 ba\u015f verib. 6,8 bal g\u00fcc\u00fcnd\u0259 olan t\u0259kanlara g\u00f6r\u0259\u00a0Adana, Diyarbak\u0131r, Qaziantep \u015f\u0259h\u0259rl\u0259rind\u0259 insanlar gec\u0259ni k\u00fc\u00e7\u0259l\u0259rd\u0259 ke\u00e7iribl\u0259r. T\u0259bii f\u0259lak\u0259t n\u0259tic\u0259sind\u0259 bir s\u0131ra ya\u015fay\u0131\u015f binas\u0131 u\u00e7ub. Da\u011f\u0131nt\u0131lar alt\u0131ndan h\u0259l\u0259 d\u0259 insanlar \u00e7\u0131xar\u0131lma\u011fa davam edilir. Son m\u0259lumatlara g\u00f6r\u0259, yeralt\u0131 t\u0259kanlar n\u0259tic\u0259sind\u0259 20 n\u0259f\u0259r h\u0259lak olub, yaral\u0131lar\u0131n say\u0131 is\u0259 1015-\u0259 y\u00fcks\u0259lib.<\/p>\n","protected":false},"author":2,"featured_media":122737,"comment_status":"closed","ping_status":"closed","sticky":false,"template":"","format":"standard","meta":{"om_disable_all_campaigns":false,"_monsterinsights_skip_tracking":false,"_monsterinsights_sitenote_active":false,"_monsterinsights_sitenote_note":"","_monsterinsights_sitenote_category":0},"categories":[7],"tags":[],"aioseo_notices":[],"gutentor_comment":0,"rttpg_featured_image_url":{"full":["https:\/\/arantv.az\/wp-content\/uploads\/2020\/01\/20-kisinin-hayatini-kaybettigi-depremin-yarattigi-12851030_6380_m.jpg",620,402,false],"landscape":["https:\/\/arantv.az\/wp-content\/uploads\/2020\/01\/20-kisinin-hayatini-kaybettigi-depremin-yarattigi-12851030_6380_m.jpg",620,402,false],"portraits":["https:\/\/arantv.az\/wp-content\/uploads\/2020\/01\/20-kisinin-hayatini-kaybettigi-depremin-yarattigi-12851030_6380_m.jpg",620,402,false],"thumbnail":["https:\/\/arantv.az\/wp-content\/uploads\/2020\/01\/20-kisinin-hayatini-kaybettigi-depremin-yarattigi-12851030_6380_m-150x150.jpg",150,150,true],"medium":["https:\/\/arantv.az\/wp-content\/uploads\/2020\/01\/20-kisinin-hayatini-kaybettigi-depremin-yarattigi-12851030_6380_m-300x195.jpg",300,195,true],"large":["https:\/\/arantv.az\/wp-content\/uploads\/2020\/01\/20-kisinin-hayatini-kaybettigi-depremin-yarattigi-12851030_6380_m.jpg",620,402,false],"1536x1536":["https:\/\/arantv.az\/wp-content\/uploads\/2020\/01\/20-kisinin-hayatini-kaybettigi-depremin-yarattigi-12851030_6380_m.jpg",620,402,false],"2048x2048":["https:\/\/arantv.az\/wp-content\/uploads\/2020\/01\/20-kisinin-hayatini-kaybettigi-depremin-yarattigi-12851030_6380_m.jpg",620,402,false],"post-thumbnail":["https:\/\/arantv.az\/wp-content\/uploads\/2020\/01\/20-kisinin-hayatini-kaybettigi-depremin-yarattigi-12851030_6380_m-240x172.jpg",240,172,true],"advps-thumb-one":["https:\/\/arantv.az\/wp-content\/uploads\/2020\/01\/20-kisinin-hayatini-kaybettigi-depremin-yarattigi-12851030_6380_m.jpg",620,402,false]},"rttpg_author":{"display_name":"V\u00fcsal Rafiqo\u011flu","author_link":"https:\/\/arantv.az\/?author=2"},"rttpg_comment":0,"rttpg_category":"<a href=\"https:\/\/arantv.az\/?cat=7\" rel=\"category\">D\u00fcnya<\/a>","rttpg_excerpt":"T\u00fcrkiy\u0259d\u0259 z\u0259lz\u0259l\u0259 x\u0259b\u0259rl\u0259ri g\u0259lm\u0259kd\u0259 davam edir. Bel\u0259 ki, yerli vaxtla saat 09:00 rad\u0259l\u0259rind\u0259 daha bir z\u0259lz\u0259l\u0259 qeyd\u0259 al\u0131n\u0131b. Bu bar\u0259d\u0259 \u201cSon Dakika\u201d x\u0259b\u0259r verib. Kandili R\u0259s\u0259dxanas\u0131 yeralt\u0131 t\u0259kanlar\u0131n 4,2\u00a0bal g\u00fcc\u00fcnd\u0259 oldu\u011fu b\u0259yan edilib. Xat\u0131rladaq ki, d\u00fcn\u0259n T\u00fcrkiy\u0259nin Malatya v\u0259 Elaz\u0131\u011f vilay\u0259tl\u0259rind\u0259 g\u00fccl\u00fc z\u0259lz\u0259l\u0259 ba\u015f verib. 6,8 bal g\u00fcc\u00fcnd\u0259 olan t\u0259kanlara g\u00f6r\u0259\u00a0Adana, Diyarbak\u0131r, Qaziantep \u015f\u0259h\u0259rl\u0259rind\u0259 insanlar&hellip;","_links":{"self":[{"href":"https:\/\/arantv.az\/index.php?rest_route=\/wp\/v2\/posts\/122736"}],"collection":[{"href":"https:\/\/arantv.az\/index.php?rest_route=\/wp\/v2\/posts"}],"about":[{"href":"https:\/\/arantv.az\/index.php?rest_route=\/wp\/v2\/types\/post"}],"author":[{"embeddable":true,"href":"https:\/\/arantv.az\/index.php?rest_route=\/wp\/v2\/users\/2"}],"replies":[{"embeddable":true,"href":"https:\/\/arantv.az\/index.php?rest_route=%2Fwp%2Fv2%2Fcomments&post=122736"}],"version-history":[{"count":0,"href":"https:\/\/arantv.az\/index.php?rest_route=\/wp\/v2\/posts\/122736\/revisions"}],"wp:featuredmedia":[{"embeddable":true,"href":"https:\/\/arantv.az\/index.php?rest_route=\/wp\/v2\/media\/122737"}],"wp:attachment":[{"href":"https:\/\/arantv.az\/index.php?rest_route=%2Fwp%2Fv2%2Fmedia&parent=122736"}],"wp:term":[{"taxonomy":"category","embeddable":true,"href":"https:\/\/arantv.az\/index.php?rest_route=%2Fwp%2Fv2%2Fcategories&post=122736"},{"taxonomy":"post_tag","embeddable":true,"href":"https:\/\/arantv.az\/index.php?rest_route=%2Fwp%2Fv2%2Ftags&post=122736"}],"curies":[{"name":"wp","href":"https:\/\/api.w.org\/{rel}","templated":true}]}}