{"id":122744,"date":"2020-01-25T10:35:19","date_gmt":"2020-01-25T07:35:19","guid":{"rendered":"http:\/\/arantv.az\/?p=122744"},"modified":"2020-01-25T10:35:19","modified_gmt":"2020-01-25T07:35:19","slug":"bakida-itkin-dus%c9%99n-qadin-gurcustanda-tapildi","status":"publish","type":"post","link":"https:\/\/arantv.az\/?p=122744","title":{"rendered":"Bak\u0131da itkin d\u00fc\u015f\u0259n qad\u0131n G\u00fcrc\u00fcstanda tap\u0131ld\u0131"},"content":{"rendered":"<p>Yanvar\u0131n 21-d\u0259 Suraxan\u0131 rayonunda 28 ya\u015fl\u0131 qad\u0131n itkin d\u00fc\u015f\u00fcb.<\/p>\n<p><b>ARANTV.AZ\u00a0<\/b>x\u0259b\u0259r verir ki, rayonun B\u00fclb\u00fcl\u0259 q\u0259s\u0259b\u0259si, Sabir k\u00fc\u00e7\u0259sind\u0259 ya\u015fayan 1992-ci il t\u0259v\u0259ll\u00fcdl\u00fc S.M\u0259cidova evd\u0259n \u00e7\u0131x\u0131b v\u0259 qay\u0131tmay\u0131b.<\/p>\n<p>Faktla ba\u011fl\u0131 h\u00fcquq-m\u00fchafiz\u0259 orqanlar\u0131na onun ail\u0259 \u00fczvl\u0259ri t\u0259r\u0259find\u0259n m\u0259lumat verilib.<\/p>\n<p>M\u0259lumat \u0259sas\u0131nda, Bak\u0131 \u015e\u0259h\u0259r Ba\u015f Polis \u0130dar\u0259sinin Cinay\u0259t Axtar\u0131\u015f \u0130dar\u0259si \u0259m\u0259kda\u015flar\u0131 t\u0259r\u0259find\u0259n apar\u0131lan \u0259m\u0259liyyat-axtar\u0131\u015f t\u0259dbirl\u0259ri n\u0259tic\u0259sind\u0259 m\u00fc\u0259yy\u0259n olunub ki, S.M\u0259cidova G\u00fcrc\u00fcstana gedib.\u00a0Oxu.Az<\/p>\n","protected":false},"excerpt":{"rendered":"<p>Yanvar\u0131n 21-d\u0259 Suraxan\u0131 rayonunda 28 ya\u015fl\u0131 qad\u0131n itkin d\u00fc\u015f\u00fcb. ARANTV.AZ\u00a0x\u0259b\u0259r verir ki, rayonun B\u00fclb\u00fcl\u0259 q\u0259s\u0259b\u0259si, Sabir k\u00fc\u00e7\u0259sind\u0259 ya\u015fayan 1992-ci il t\u0259v\u0259ll\u00fcdl\u00fc S.M\u0259cidova evd\u0259n \u00e7\u0131x\u0131b v\u0259 qay\u0131tmay\u0131b. Faktla ba\u011fl\u0131 h\u00fcquq-m\u00fchafiz\u0259 orqanlar\u0131na onun ail\u0259 \u00fczvl\u0259ri t\u0259r\u0259find\u0259n m\u0259lumat verilib. M\u0259lumat \u0259sas\u0131nda, Bak\u0131 \u015e\u0259h\u0259r Ba\u015f Polis \u0130dar\u0259sinin Cinay\u0259t Axtar\u0131\u015f \u0130dar\u0259si \u0259m\u0259kda\u015flar\u0131 t\u0259r\u0259find\u0259n apar\u0131lan \u0259m\u0259liyyat-axtar\u0131\u015f t\u0259dbirl\u0259ri n\u0259tic\u0259sind\u0259 m\u00fc\u0259yy\u0259n olunub ki, S.M\u0259cidova G\u00fcrc\u00fcstana gedib.\u00a0Oxu.Az<\/p>\n","protected":false},"author":2,"featured_media":122745,"comment_status":"closed","ping_status":"closed","sticky":false,"template":"","format":"standard","meta":{"om_disable_all_campaigns":false,"_monsterinsights_skip_tracking":false,"_monsterinsights_sitenote_active":false,"_monsterinsights_sitenote_note":"","_monsterinsights_sitenote_category":0},"categories":[1],"tags":[],"aioseo_notices":[],"gutentor_comment":0,"rttpg_featured_image_url":{"full":["https:\/\/arantv.az\/wp-content\/uploads\/2020\/01\/q\u00c4\u00b1z.jpg",620,416,false],"landscape":["https:\/\/arantv.az\/wp-content\/uploads\/2020\/01\/q\u00c4\u00b1z.jpg",620,416,false],"portraits":["https:\/\/arantv.az\/wp-content\/uploads\/2020\/01\/q\u00c4\u00b1z.jpg",620,416,false],"thumbnail":["https:\/\/arantv.az\/wp-content\/uploads\/2020\/01\/q\u00c4\u00b1z-150x150.jpg",150,150,true],"medium":["https:\/\/arantv.az\/wp-content\/uploads\/2020\/01\/q\u00c4\u00b1z-300x201.jpg",300,201,true],"large":["https:\/\/arantv.az\/wp-content\/uploads\/2020\/01\/q\u00c4\u00b1z.jpg",620,416,false],"1536x1536":["https:\/\/arantv.az\/wp-content\/uploads\/2020\/01\/q\u00c4\u00b1z.jpg",620,416,false],"2048x2048":["https:\/\/arantv.az\/wp-content\/uploads\/2020\/01\/q\u00c4\u00b1z.jpg",620,416,false],"post-thumbnail":["https:\/\/arantv.az\/wp-content\/uploads\/2020\/01\/q\u00c4\u00b1z-240x172.jpg",240,172,true],"advps-thumb-one":["https:\/\/arantv.az\/wp-content\/uploads\/2020\/01\/q\u00c4\u00b1z.jpg",620,416,false]},"rttpg_author":{"display_name":"V\u00fcsal Rafiqo\u011flu","author_link":"https:\/\/arantv.az\/?author=2"},"rttpg_comment":0,"rttpg_category":"<a href=\"https:\/\/arantv.az\/?cat=1\" rel=\"category\">C\u0259miyy\u0259t<\/a>","rttpg_excerpt":"Yanvar\u0131n 21-d\u0259 Suraxan\u0131 rayonunda 28 ya\u015fl\u0131 qad\u0131n itkin d\u00fc\u015f\u00fcb. ARANTV.AZ\u00a0x\u0259b\u0259r verir ki, rayonun B\u00fclb\u00fcl\u0259 q\u0259s\u0259b\u0259si, Sabir k\u00fc\u00e7\u0259sind\u0259 ya\u015fayan 1992-ci il t\u0259v\u0259ll\u00fcdl\u00fc S.M\u0259cidova evd\u0259n \u00e7\u0131x\u0131b v\u0259 qay\u0131tmay\u0131b. Faktla ba\u011fl\u0131 h\u00fcquq-m\u00fchafiz\u0259 orqanlar\u0131na onun ail\u0259 \u00fczvl\u0259ri t\u0259r\u0259find\u0259n m\u0259lumat verilib. M\u0259lumat \u0259sas\u0131nda, Bak\u0131 \u015e\u0259h\u0259r Ba\u015f Polis \u0130dar\u0259sinin Cinay\u0259t Axtar\u0131\u015f \u0130dar\u0259si \u0259m\u0259kda\u015flar\u0131 t\u0259r\u0259find\u0259n apar\u0131lan \u0259m\u0259liyyat-axtar\u0131\u015f t\u0259dbirl\u0259ri n\u0259tic\u0259sind\u0259 m\u00fc\u0259yy\u0259n olunub ki,&hellip;","_links":{"self":[{"href":"https:\/\/arantv.az\/index.php?rest_route=\/wp\/v2\/posts\/122744"}],"collection":[{"href":"https:\/\/arantv.az\/index.php?rest_route=\/wp\/v2\/posts"}],"about":[{"href":"https:\/\/arantv.az\/index.php?rest_route=\/wp\/v2\/types\/post"}],"author":[{"embeddable":true,"href":"https:\/\/arantv.az\/index.php?rest_route=\/wp\/v2\/users\/2"}],"replies":[{"embeddable":true,"href":"https:\/\/arantv.az\/index.php?rest_route=%2Fwp%2Fv2%2Fcomments&post=122744"}],"version-history":[{"count":0,"href":"https:\/\/arantv.az\/index.php?rest_route=\/wp\/v2\/posts\/122744\/revisions"}],"wp:featuredmedia":[{"embeddable":true,"href":"https:\/\/arantv.az\/index.php?rest_route=\/wp\/v2\/media\/122745"}],"wp:attachment":[{"href":"https:\/\/arantv.az\/index.php?rest_route=%2Fwp%2Fv2%2Fmedia&parent=122744"}],"wp:term":[{"taxonomy":"category","embeddable":true,"href":"https:\/\/arantv.az\/index.php?rest_route=%2Fwp%2Fv2%2Fcategories&post=122744"},{"taxonomy":"post_tag","embeddable":true,"href":"https:\/\/arantv.az\/index.php?rest_route=%2Fwp%2Fv2%2Ftags&post=122744"}],"curies":[{"name":"wp","href":"https:\/\/api.w.org\/{rel}","templated":true}]}}