{"id":122768,"date":"2020-01-25T10:53:55","date_gmt":"2020-01-25T07:53:55","guid":{"rendered":"http:\/\/arantv.az\/?p=122768"},"modified":"2020-01-25T10:53:55","modified_gmt":"2020-01-25T07:53:55","slug":"turkiy%c9%99d%c9%99-bas-vermis-z%c9%99lz%c9%99l%c9%99-az%c9%99rbaycana-t%c9%99sir-ed%c9%99-bil%c9%99rmi-r%c9%99smi","status":"publish","type":"post","link":"https:\/\/arantv.az\/?p=122768","title":{"rendered":"T\u00fcrkiy\u0259d\u0259 ba\u015f vermi\u015f z\u0259lz\u0259l\u0259 Az\u0259rbaycana t\u0259sir ed\u0259 bil\u0259rmi? &#8211; R\u018fSM\u0130"},"content":{"rendered":"<p>T\u00fcrkiy\u0259nin Elaz\u0131\u011f v\u0259 Malatya vilay\u0259tl\u0259rind\u0259 ba\u015f vermi\u015f g\u00fccl\u00fc z\u0259lz\u0259l\u0259 h\u0259l\u0259 bir m\u00fcdd\u0259t davam ed\u0259 bil\u0259r. Amma yeralt\u0131 t\u0259kanlar\u0131n Az\u0259rbaycana he\u00e7 bir t\u0259siri g\u00f6zl\u0259nilmir.<\/p>\n<p>Bu bar\u0259d\u0259 Oxu.Az-a Az\u0259rbaycan Milli Elml\u0259r Akademiyas\u0131 (AMEA) n\u0259zdind\u0259 Respublika Seysmoloji Xidm\u0259t M\u0259rk\u0259zinin ba\u015f direktoru Qurban Yetirmi\u015fli Elaz\u0131\u011f v\u0259 Malatya vilay\u0259tl\u0259rind\u0259 ba\u015f vermi\u015f g\u00fccl\u00fc yeralt\u0131 t\u0259kanlarla ba\u011fl\u0131 a\u00e7\u0131qlamas\u0131nda bildirib.<\/p>\n<p>O qeyd edib ki, T\u00fcrkiy\u0259nin Elaz\u0131\u011f v\u0259 Malatya vilay\u0259tl\u0259rind\u0259 6,8 bal g\u00fcc\u00fcnd\u0259 qeyd\u0259 al\u0131nan yeralt\u0131 t\u0259kanlar kifay\u0259t q\u0259d\u0259r t\u0259hl\u00fck\u0259li olsa da, Az\u0259rbaycana t\u0259sir g\u00f6st\u0259rm\u0259y\u0259c\u0259k:<\/p>\n<p>\u201cT\u0259\u0259ss\u00fcf edirik ki, T\u00fcrkiy\u0259d\u0259 bu c\u00fcr a\u011f\u0131r z\u0259lz\u0259l\u0259 ba\u015f verdi. T\u0259bii ki, yeralt\u0131 t\u0259kanlar\u0131n davam edib-etm\u0259y\u0259c\u0259yi il\u0259 ba\u011fl\u0131 fikirl\u0259r s\u00f6yl\u0259m\u0259k \u00fc\u00e7\u00fcn hadis\u0259 yerin\u0259 bax\u0131\u015f ke\u00e7irilm\u0259lidir. 6,8 bal g\u00fcc\u00fcnd\u0259 z\u0259lz\u0259l\u0259 \u00e7ox g\u00fccl\u00fcd\u00fcr.<\/p>\n<p>N\u00f6vb\u0259ti d\u0259f\u0259 d\u0259 yeralt\u0131 t\u0259kanlar qeyd\u0259 al\u0131nd\u0131. \u00dcmumilikd\u0259, b\u00fct\u00fcn g\u00fccl\u00fc t\u0259kanlardan sonra bir ne\u00e7\u0259 d\u0259f\u0259 nisb\u0259t\u0259n z\u0259if avto\u015foklar ba\u015f ver\u0259 bilir. Amma yeralt\u0131 t\u0259kanlar\u0131n Az\u0259rbaycana he\u00e7 bir t\u0259siri g\u00f6zl\u0259nilmir\u201d.<\/p>\n<p>Xat\u0131rladaq ki, d\u00fcn\u0259n T\u00fcrkiy\u0259nin Elaz\u0131\u011f\u00a0v\u0259 Malatya\u00a0vilay\u0259tl\u0259rind\u0259 g\u00fccl\u00fc z\u0259lz\u0259l\u0259 ba\u015f verib. 6,8 bal g\u00fcc\u00fcnd\u0259 olan t\u0259kanlara g\u00f6r\u0259 Adana, Diyarbak\u0131r, Qaziantep \u015f\u0259h\u0259rl\u0259rind\u0259 insanlar gec\u0259ni k\u00fc\u00e7\u0259l\u0259rd\u0259 ke\u00e7iribl\u0259r. T\u0259bii f\u0259lak\u0259t n\u0259tic\u0259sind\u0259 bir s\u0131r aya\u015fay\u0131\u015f binas\u0131 u\u00e7ub. Da\u011f\u0131nt\u0131lar alt\u0131ndan qalan insanlar\u0131n\u00a0\u00e7\u0131xar\u0131lmas\u0131 davam etdirilir.<\/p>\n<p>Son m\u0259lumatlara g\u00f6r\u0259, yeralt\u0131 t\u0259kanlar n\u0259tic\u0259sind\u0259 20 n\u0259f\u0259r h\u0259lak olub, yaral\u0131lar\u0131n say\u0131 is\u0259 1015-\u0259 y\u00fcks\u0259lib.<\/p>\n","protected":false},"excerpt":{"rendered":"<p>T\u00fcrkiy\u0259nin Elaz\u0131\u011f v\u0259 Malatya vilay\u0259tl\u0259rind\u0259 ba\u015f vermi\u015f g\u00fccl\u00fc z\u0259lz\u0259l\u0259 h\u0259l\u0259 bir m\u00fcdd\u0259t davam ed\u0259 bil\u0259r. Amma yeralt\u0131 t\u0259kanlar\u0131n Az\u0259rbaycana he\u00e7 bir t\u0259siri g\u00f6zl\u0259nilmir. Bu bar\u0259d\u0259 Oxu.Az-a Az\u0259rbaycan Milli Elml\u0259r Akademiyas\u0131 (AMEA) n\u0259zdind\u0259 Respublika Seysmoloji Xidm\u0259t M\u0259rk\u0259zinin ba\u015f direktoru Qurban Yetirmi\u015fli Elaz\u0131\u011f v\u0259 Malatya vilay\u0259tl\u0259rind\u0259 ba\u015f vermi\u015f g\u00fccl\u00fc yeralt\u0131 t\u0259kanlarla ba\u011fl\u0131 a\u00e7\u0131qlamas\u0131nda bildirib. O qeyd edib ki, T\u00fcrkiy\u0259nin Elaz\u0131\u011f v\u0259 Malatya vilay\u0259tl\u0259rind\u0259 6,8 bal g\u00fcc\u00fcnd\u0259 qeyd\u0259 al\u0131nan yeralt\u0131 t\u0259kanlar kifay\u0259t q\u0259d\u0259r t\u0259hl\u00fck\u0259li olsa da, Az\u0259rbaycana t\u0259sir g\u00f6st\u0259rm\u0259y\u0259c\u0259k: \u201cT\u0259\u0259ss\u00fcf edirik ki, T\u00fcrkiy\u0259d\u0259 bu c\u00fcr a\u011f\u0131r z\u0259lz\u0259l\u0259 ba\u015f verdi. T\u0259bii ki, yeralt\u0131 t\u0259kanlar\u0131n&hellip;<\/p>\n","protected":false},"author":2,"featured_media":122769,"comment_status":"closed","ping_status":"closed","sticky":false,"template":"","format":"standard","meta":{"om_disable_all_campaigns":false,"_monsterinsights_skip_tracking":false,"_monsterinsights_sitenote_active":false,"_monsterinsights_sitenote_note":"","_monsterinsights_sitenote_category":0},"categories":[1],"tags":[],"aioseo_notices":[],"gutentor_comment":0,"rttpg_featured_image_url":{"full":["https:\/\/arantv.az\/wp-content\/uploads\/2020\/01\/zelzele.jpg",620,335,false],"landscape":["https:\/\/arantv.az\/wp-content\/uploads\/2020\/01\/zelzele.jpg",620,335,false],"portraits":["https:\/\/arantv.az\/wp-content\/uploads\/2020\/01\/zelzele.jpg",620,335,false],"thumbnail":["https:\/\/arantv.az\/wp-content\/uploads\/2020\/01\/zelzele-150x150.jpg",150,150,true],"medium":["https:\/\/arantv.az\/wp-content\/uploads\/2020\/01\/zelzele-300x162.jpg",300,162,true],"large":["https:\/\/arantv.az\/wp-content\/uploads\/2020\/01\/zelzele.jpg",620,335,false],"1536x1536":["https:\/\/arantv.az\/wp-content\/uploads\/2020\/01\/zelzele.jpg",620,335,false],"2048x2048":["https:\/\/arantv.az\/wp-content\/uploads\/2020\/01\/zelzele.jpg",620,335,false],"post-thumbnail":["https:\/\/arantv.az\/wp-content\/uploads\/2020\/01\/zelzele-240x172.jpg",240,172,true],"advps-thumb-one":["https:\/\/arantv.az\/wp-content\/uploads\/2020\/01\/zelzele.jpg",620,335,false]},"rttpg_author":{"display_name":"V\u00fcsal Rafiqo\u011flu","author_link":"https:\/\/arantv.az\/?author=2"},"rttpg_comment":0,"rttpg_category":"<a href=\"https:\/\/arantv.az\/?cat=1\" rel=\"category\">C\u0259miyy\u0259t<\/a>","rttpg_excerpt":"T\u00fcrkiy\u0259nin Elaz\u0131\u011f v\u0259 Malatya vilay\u0259tl\u0259rind\u0259 ba\u015f vermi\u015f g\u00fccl\u00fc z\u0259lz\u0259l\u0259 h\u0259l\u0259 bir m\u00fcdd\u0259t davam ed\u0259 bil\u0259r. Amma yeralt\u0131 t\u0259kanlar\u0131n Az\u0259rbaycana he\u00e7 bir t\u0259siri g\u00f6zl\u0259nilmir. Bu bar\u0259d\u0259 Oxu.Az-a Az\u0259rbaycan Milli Elml\u0259r Akademiyas\u0131 (AMEA) n\u0259zdind\u0259 Respublika Seysmoloji Xidm\u0259t M\u0259rk\u0259zinin ba\u015f direktoru Qurban Yetirmi\u015fli Elaz\u0131\u011f v\u0259 Malatya vilay\u0259tl\u0259rind\u0259 ba\u015f vermi\u015f g\u00fccl\u00fc yeralt\u0131 t\u0259kanlarla ba\u011fl\u0131 a\u00e7\u0131qlamas\u0131nda bildirib. O qeyd edib&hellip;","_links":{"self":[{"href":"https:\/\/arantv.az\/index.php?rest_route=\/wp\/v2\/posts\/122768"}],"collection":[{"href":"https:\/\/arantv.az\/index.php?rest_route=\/wp\/v2\/posts"}],"about":[{"href":"https:\/\/arantv.az\/index.php?rest_route=\/wp\/v2\/types\/post"}],"author":[{"embeddable":true,"href":"https:\/\/arantv.az\/index.php?rest_route=\/wp\/v2\/users\/2"}],"replies":[{"embeddable":true,"href":"https:\/\/arantv.az\/index.php?rest_route=%2Fwp%2Fv2%2Fcomments&post=122768"}],"version-history":[{"count":0,"href":"https:\/\/arantv.az\/index.php?rest_route=\/wp\/v2\/posts\/122768\/revisions"}],"wp:featuredmedia":[{"embeddable":true,"href":"https:\/\/arantv.az\/index.php?rest_route=\/wp\/v2\/media\/122769"}],"wp:attachment":[{"href":"https:\/\/arantv.az\/index.php?rest_route=%2Fwp%2Fv2%2Fmedia&parent=122768"}],"wp:term":[{"taxonomy":"category","embeddable":true,"href":"https:\/\/arantv.az\/index.php?rest_route=%2Fwp%2Fv2%2Fcategories&post=122768"},{"taxonomy":"post_tag","embeddable":true,"href":"https:\/\/arantv.az\/index.php?rest_route=%2Fwp%2Fv2%2Ftags&post=122768"}],"curies":[{"name":"wp","href":"https:\/\/api.w.org\/{rel}","templated":true}]}}