{"id":122772,"date":"2020-01-25T10:54:39","date_gmt":"2020-01-25T07:54:39","guid":{"rendered":"http:\/\/arantv.az\/?p=122772"},"modified":"2020-01-25T10:54:39","modified_gmt":"2020-01-25T07:54:39","slug":"putinin-kom%c9%99kcisi-ukraynaya-gor%c9%99-v%c9%99zif%c9%99sind%c9%99n-istefa-verdi","status":"publish","type":"post","link":"https:\/\/arantv.az\/?p=122772","title":{"rendered":"Putinin k\u00f6m\u0259k\u00e7isi Ukraynaya g\u00f6r\u0259 v\u0259zif\u0259sind\u0259n istefa verdi"},"content":{"rendered":"<p>Rusiya Prezidenti Vladimir Putinin k\u00f6m\u0259k\u00e7isi Vladislav Surkov d\u00f6vl\u0259t qullu\u011fundan istefa verib.<\/p>\n<p>\u201c\u0130nterfaks\u201d\u0131n m\u0259lumat\u0131na g\u00f6r\u0259, bu bar\u0259d\u0259 Siyasi Konyuktura M\u0259rk\u0259zinin direktoru Aleksey \u00c7esnakov a\u00e7\u0131qlama verib.<\/p>\n<p>Onun s\u00f6zl\u0259rin\u0259 g\u00f6r\u0259, q\u0259rar Ukrayna istiqam\u0259tind\u0259 kursun d\u0259yi\u015fm\u0259si il\u0259 \u0259laq\u0259dar verilib.<\/p>\n<p>V.Surkov bu add\u0131m\u0131n s\u0259b\u0259bl\u0259ri v\u0259 g\u0259l\u0259c\u0259k planlar\u0131 bar\u0259d\u0259 bir ay \u0259rzind\u0259 m\u0259lumat ver\u0259c\u0259yini deyib.<\/p>\n<p>\u201cN\u00f6vb\u0259ti ay \u0259rzind\u0259 o, meditasiya il\u0259 m\u0259\u015f\u011ful olacaq\u201d, &#8211; dey\u0259 A.\u00c7esnakov \u00f6z \u201cTelegram\u201d kanal\u0131nda bildirib.<\/p>\n<p>Qeyd ed\u0259k ki, V.Surkov 2013-c\u00fc ild\u0259n\u00a0Rusiya Prezidentinin k\u00f6m\u0259k\u00e7isi idi. O, Ukraynan\u0131n \u015f\u0259rqind\u0259ki m\u00fcnaqi\u015f\u0259nin nizamlanmas\u0131 m\u0259s\u0259l\u0259l\u0259rin\u0259 n\u0259zar\u0259t edib.<\/p>\n","protected":false},"excerpt":{"rendered":"<p>Rusiya Prezidenti Vladimir Putinin k\u00f6m\u0259k\u00e7isi Vladislav Surkov d\u00f6vl\u0259t qullu\u011fundan istefa verib. \u201c\u0130nterfaks\u201d\u0131n m\u0259lumat\u0131na g\u00f6r\u0259, bu bar\u0259d\u0259 Siyasi Konyuktura M\u0259rk\u0259zinin direktoru Aleksey \u00c7esnakov a\u00e7\u0131qlama verib. Onun s\u00f6zl\u0259rin\u0259 g\u00f6r\u0259, q\u0259rar Ukrayna istiqam\u0259tind\u0259 kursun d\u0259yi\u015fm\u0259si il\u0259 \u0259laq\u0259dar verilib. V.Surkov bu add\u0131m\u0131n s\u0259b\u0259bl\u0259ri v\u0259 g\u0259l\u0259c\u0259k planlar\u0131 bar\u0259d\u0259 bir ay \u0259rzind\u0259 m\u0259lumat ver\u0259c\u0259yini deyib. \u201cN\u00f6vb\u0259ti ay \u0259rzind\u0259 o, meditasiya il\u0259 m\u0259\u015f\u011ful olacaq\u201d, &#8211; dey\u0259 A.\u00c7esnakov \u00f6z \u201cTelegram\u201d kanal\u0131nda bildirib. Qeyd ed\u0259k ki, V.Surkov 2013-c\u00fc ild\u0259n\u00a0Rusiya Prezidentinin k\u00f6m\u0259k\u00e7isi idi. O, Ukraynan\u0131n \u015f\u0259rqind\u0259ki m\u00fcnaqi\u015f\u0259nin nizamlanmas\u0131 m\u0259s\u0259l\u0259l\u0259rin\u0259 n\u0259zar\u0259t edib.<\/p>\n","protected":false},"author":2,"featured_media":122773,"comment_status":"closed","ping_status":"closed","sticky":false,"template":"","format":"standard","meta":{"om_disable_all_campaigns":false,"_monsterinsights_skip_tracking":false,"_monsterinsights_sitenote_active":false,"_monsterinsights_sitenote_note":"","_monsterinsights_sitenote_category":0},"categories":[7],"tags":[],"aioseo_notices":[],"gutentor_comment":0,"rttpg_featured_image_url":{"full":["https:\/\/arantv.az\/wp-content\/uploads\/2020\/01\/755744170791229.jpg",620,384,false],"landscape":["https:\/\/arantv.az\/wp-content\/uploads\/2020\/01\/755744170791229.jpg",620,384,false],"portraits":["https:\/\/arantv.az\/wp-content\/uploads\/2020\/01\/755744170791229.jpg",620,384,false],"thumbnail":["https:\/\/arantv.az\/wp-content\/uploads\/2020\/01\/755744170791229-150x150.jpg",150,150,true],"medium":["https:\/\/arantv.az\/wp-content\/uploads\/2020\/01\/755744170791229-300x186.jpg",300,186,true],"large":["https:\/\/arantv.az\/wp-content\/uploads\/2020\/01\/755744170791229.jpg",620,384,false],"1536x1536":["https:\/\/arantv.az\/wp-content\/uploads\/2020\/01\/755744170791229.jpg",620,384,false],"2048x2048":["https:\/\/arantv.az\/wp-content\/uploads\/2020\/01\/755744170791229.jpg",620,384,false],"post-thumbnail":["https:\/\/arantv.az\/wp-content\/uploads\/2020\/01\/755744170791229-240x172.jpg",240,172,true],"advps-thumb-one":["https:\/\/arantv.az\/wp-content\/uploads\/2020\/01\/755744170791229.jpg",620,384,false]},"rttpg_author":{"display_name":"V\u00fcsal Rafiqo\u011flu","author_link":"https:\/\/arantv.az\/?author=2"},"rttpg_comment":0,"rttpg_category":"<a href=\"https:\/\/arantv.az\/?cat=7\" rel=\"category\">D\u00fcnya<\/a>","rttpg_excerpt":"Rusiya Prezidenti Vladimir Putinin k\u00f6m\u0259k\u00e7isi Vladislav Surkov d\u00f6vl\u0259t qullu\u011fundan istefa verib. \u201c\u0130nterfaks\u201d\u0131n m\u0259lumat\u0131na g\u00f6r\u0259, bu bar\u0259d\u0259 Siyasi Konyuktura M\u0259rk\u0259zinin direktoru Aleksey \u00c7esnakov a\u00e7\u0131qlama verib. Onun s\u00f6zl\u0259rin\u0259 g\u00f6r\u0259, q\u0259rar Ukrayna istiqam\u0259tind\u0259 kursun d\u0259yi\u015fm\u0259si il\u0259 \u0259laq\u0259dar verilib. V.Surkov bu add\u0131m\u0131n s\u0259b\u0259bl\u0259ri v\u0259 g\u0259l\u0259c\u0259k planlar\u0131 bar\u0259d\u0259 bir ay \u0259rzind\u0259 m\u0259lumat ver\u0259c\u0259yini deyib. \u201cN\u00f6vb\u0259ti ay \u0259rzind\u0259 o, meditasiya il\u0259&hellip;","_links":{"self":[{"href":"https:\/\/arantv.az\/index.php?rest_route=\/wp\/v2\/posts\/122772"}],"collection":[{"href":"https:\/\/arantv.az\/index.php?rest_route=\/wp\/v2\/posts"}],"about":[{"href":"https:\/\/arantv.az\/index.php?rest_route=\/wp\/v2\/types\/post"}],"author":[{"embeddable":true,"href":"https:\/\/arantv.az\/index.php?rest_route=\/wp\/v2\/users\/2"}],"replies":[{"embeddable":true,"href":"https:\/\/arantv.az\/index.php?rest_route=%2Fwp%2Fv2%2Fcomments&post=122772"}],"version-history":[{"count":0,"href":"https:\/\/arantv.az\/index.php?rest_route=\/wp\/v2\/posts\/122772\/revisions"}],"wp:featuredmedia":[{"embeddable":true,"href":"https:\/\/arantv.az\/index.php?rest_route=\/wp\/v2\/media\/122773"}],"wp:attachment":[{"href":"https:\/\/arantv.az\/index.php?rest_route=%2Fwp%2Fv2%2Fmedia&parent=122772"}],"wp:term":[{"taxonomy":"category","embeddable":true,"href":"https:\/\/arantv.az\/index.php?rest_route=%2Fwp%2Fv2%2Fcategories&post=122772"},{"taxonomy":"post_tag","embeddable":true,"href":"https:\/\/arantv.az\/index.php?rest_route=%2Fwp%2Fv2%2Ftags&post=122772"}],"curies":[{"name":"wp","href":"https:\/\/api.w.org\/{rel}","templated":true}]}}