{"id":122788,"date":"2020-01-25T11:24:20","date_gmt":"2020-01-25T08:24:20","guid":{"rendered":"http:\/\/arantv.az\/?p=122788"},"modified":"2020-01-25T11:24:20","modified_gmt":"2020-01-25T08:24:20","slug":"hamil%c9%99-qadin-dagintilar-altindan-sag-cixarildi-video","status":"publish","type":"post","link":"https:\/\/arantv.az\/?p=122788","title":{"rendered":"Hamil\u0259 qad\u0131n da\u011f\u0131nt\u0131lar alt\u0131ndan sa\u011f \u00e7\u0131xar\u0131ld\u0131 &#8211; V\u0130DEO"},"content":{"rendered":"<p>T\u00fcrkiy\u0259nin Elaz\u0131\u011f vilay\u0259tind\u0259 ba\u015f vermi\u015f g\u00fccl\u00fc z\u0259lz\u0259l\u0259d\u0259n sonra da\u011f\u0131nt\u0131lar alt\u0131nda qalm\u0131\u015f alt\u0131 ayl\u0131q hamil\u0259 qad\u0131n xilas edilib.<\/p>\n<p>Sondakika.com m\u0259lumat verir ki, P\u0131nar Di\u015fli adl\u0131 qad\u0131n da\u011f\u0131nt\u0131lar alt\u0131ndan \u00e7\u0131xar\u0131l\u0131b v\u0259 h\u0259kiml\u0259rin n\u0259zar\u0259tin\u0259 g\u00f6t\u00fcr\u00fcl\u00fcb.<\/p>\n<p>Xat\u0131rladaq ki, d\u00fcn\u0259n T\u00fcrkiy\u0259nin Elaz\u0131\u011f v\u0259 Malatya vilay\u0259tl\u0259rind\u0259 g\u00fccl\u00fc z\u0259lz\u0259l\u0259 ba\u015f verib. 6,8 bal g\u00fcc\u00fcnd\u0259 olan t\u0259kanlara g\u00f6r\u0259 Adana, Diyarbak\u0131r, Qaziantep \u015f\u0259h\u0259rl\u0259rind\u0259 insanlar gec\u0259ni k\u00fc\u00e7\u0259l\u0259rd\u0259 ke\u00e7iribl\u0259r. T\u0259bii f\u0259lak\u0259t n\u0259tic\u0259sind\u0259 bir s\u0131r aya\u015fay\u0131\u015f binas\u0131 u\u00e7ub. Da\u011f\u0131nt\u0131lar alt\u0131ndan qalan insanlar\u0131n \u00e7\u0131xar\u0131lmas\u0131 davam etdirilir.<\/p>\n<p>Son m\u0259lumatlara g\u00f6r\u0259, yeralt\u0131 t\u0259kanlar n\u0259tic\u0259sind\u0259 20 n\u0259f\u0259r h\u0259lak olub, yaral\u0131lar\u0131n say\u0131 is\u0259 1015-\u0259 y\u00fcks\u0259lib.<\/p>\n<div><iframe loading=\"lazy\" src=\"https:\/\/player.baku.tv\/embed\/13433\" width=\"560\" height=\"315\" frameborder=\"0\" allowfullscreen=\"allowfullscreen\" data-mce-fragment=\"1\"><\/iframe><\/div>\n<p>&nbsp;<\/p>\n","protected":false},"excerpt":{"rendered":"<p>T\u00fcrkiy\u0259nin Elaz\u0131\u011f vilay\u0259tind\u0259 ba\u015f vermi\u015f g\u00fccl\u00fc z\u0259lz\u0259l\u0259d\u0259n sonra da\u011f\u0131nt\u0131lar alt\u0131nda qalm\u0131\u015f alt\u0131 ayl\u0131q hamil\u0259 qad\u0131n xilas edilib. Sondakika.com m\u0259lumat verir ki, P\u0131nar Di\u015fli adl\u0131 qad\u0131n da\u011f\u0131nt\u0131lar alt\u0131ndan \u00e7\u0131xar\u0131l\u0131b v\u0259 h\u0259kiml\u0259rin n\u0259zar\u0259tin\u0259 g\u00f6t\u00fcr\u00fcl\u00fcb. Xat\u0131rladaq ki, d\u00fcn\u0259n T\u00fcrkiy\u0259nin Elaz\u0131\u011f v\u0259 Malatya vilay\u0259tl\u0259rind\u0259 g\u00fccl\u00fc z\u0259lz\u0259l\u0259 ba\u015f verib. 6,8 bal g\u00fcc\u00fcnd\u0259 olan t\u0259kanlara g\u00f6r\u0259 Adana, Diyarbak\u0131r, Qaziantep \u015f\u0259h\u0259rl\u0259rind\u0259 insanlar gec\u0259ni k\u00fc\u00e7\u0259l\u0259rd\u0259 ke\u00e7iribl\u0259r. T\u0259bii f\u0259lak\u0259t n\u0259tic\u0259sind\u0259 bir s\u0131r aya\u015fay\u0131\u015f binas\u0131 u\u00e7ub. Da\u011f\u0131nt\u0131lar alt\u0131ndan qalan insanlar\u0131n \u00e7\u0131xar\u0131lmas\u0131 davam etdirilir. Son m\u0259lumatlara g\u00f6r\u0259, yeralt\u0131 t\u0259kanlar n\u0259tic\u0259sind\u0259 20 n\u0259f\u0259r h\u0259lak olub, yaral\u0131lar\u0131n say\u0131 is\u0259 1015-\u0259 y\u00fcks\u0259lib. &nbsp;<\/p>\n","protected":false},"author":2,"featured_media":122789,"comment_status":"closed","ping_status":"closed","sticky":false,"template":"","format":"standard","meta":{"om_disable_all_campaigns":false,"_monsterinsights_skip_tracking":false,"_monsterinsights_sitenote_active":false,"_monsterinsights_sitenote_note":"","_monsterinsights_sitenote_category":0},"categories":[7],"tags":[],"aioseo_notices":[],"gutentor_comment":0,"rttpg_featured_image_url":{"full":["https:\/\/arantv.az\/wp-content\/uploads\/2020\/01\/son-dakika-elazig-da-6-aylik-hamile-bir-kadin-12851069_4232_o.jpg",620,329,false],"landscape":["https:\/\/arantv.az\/wp-content\/uploads\/2020\/01\/son-dakika-elazig-da-6-aylik-hamile-bir-kadin-12851069_4232_o.jpg",620,329,false],"portraits":["https:\/\/arantv.az\/wp-content\/uploads\/2020\/01\/son-dakika-elazig-da-6-aylik-hamile-bir-kadin-12851069_4232_o.jpg",620,329,false],"thumbnail":["https:\/\/arantv.az\/wp-content\/uploads\/2020\/01\/son-dakika-elazig-da-6-aylik-hamile-bir-kadin-12851069_4232_o-150x150.jpg",150,150,true],"medium":["https:\/\/arantv.az\/wp-content\/uploads\/2020\/01\/son-dakika-elazig-da-6-aylik-hamile-bir-kadin-12851069_4232_o-300x159.jpg",300,159,true],"large":["https:\/\/arantv.az\/wp-content\/uploads\/2020\/01\/son-dakika-elazig-da-6-aylik-hamile-bir-kadin-12851069_4232_o.jpg",620,329,false],"1536x1536":["https:\/\/arantv.az\/wp-content\/uploads\/2020\/01\/son-dakika-elazig-da-6-aylik-hamile-bir-kadin-12851069_4232_o.jpg",620,329,false],"2048x2048":["https:\/\/arantv.az\/wp-content\/uploads\/2020\/01\/son-dakika-elazig-da-6-aylik-hamile-bir-kadin-12851069_4232_o.jpg",620,329,false],"post-thumbnail":["https:\/\/arantv.az\/wp-content\/uploads\/2020\/01\/son-dakika-elazig-da-6-aylik-hamile-bir-kadin-12851069_4232_o-240x172.jpg",240,172,true],"advps-thumb-one":["https:\/\/arantv.az\/wp-content\/uploads\/2020\/01\/son-dakika-elazig-da-6-aylik-hamile-bir-kadin-12851069_4232_o.jpg",620,329,false]},"rttpg_author":{"display_name":"V\u00fcsal Rafiqo\u011flu","author_link":"https:\/\/arantv.az\/?author=2"},"rttpg_comment":0,"rttpg_category":"<a href=\"https:\/\/arantv.az\/?cat=7\" rel=\"category\">D\u00fcnya<\/a>","rttpg_excerpt":"T\u00fcrkiy\u0259nin Elaz\u0131\u011f vilay\u0259tind\u0259 ba\u015f vermi\u015f g\u00fccl\u00fc z\u0259lz\u0259l\u0259d\u0259n sonra da\u011f\u0131nt\u0131lar alt\u0131nda qalm\u0131\u015f alt\u0131 ayl\u0131q hamil\u0259 qad\u0131n xilas edilib. Sondakika.com m\u0259lumat verir ki, P\u0131nar Di\u015fli adl\u0131 qad\u0131n da\u011f\u0131nt\u0131lar alt\u0131ndan \u00e7\u0131xar\u0131l\u0131b v\u0259 h\u0259kiml\u0259rin n\u0259zar\u0259tin\u0259 g\u00f6t\u00fcr\u00fcl\u00fcb. Xat\u0131rladaq ki, d\u00fcn\u0259n T\u00fcrkiy\u0259nin Elaz\u0131\u011f v\u0259 Malatya vilay\u0259tl\u0259rind\u0259 g\u00fccl\u00fc z\u0259lz\u0259l\u0259 ba\u015f verib. 6,8 bal g\u00fcc\u00fcnd\u0259 olan t\u0259kanlara g\u00f6r\u0259 Adana, Diyarbak\u0131r, Qaziantep \u015f\u0259h\u0259rl\u0259rind\u0259 insanlar&hellip;","_links":{"self":[{"href":"https:\/\/arantv.az\/index.php?rest_route=\/wp\/v2\/posts\/122788"}],"collection":[{"href":"https:\/\/arantv.az\/index.php?rest_route=\/wp\/v2\/posts"}],"about":[{"href":"https:\/\/arantv.az\/index.php?rest_route=\/wp\/v2\/types\/post"}],"author":[{"embeddable":true,"href":"https:\/\/arantv.az\/index.php?rest_route=\/wp\/v2\/users\/2"}],"replies":[{"embeddable":true,"href":"https:\/\/arantv.az\/index.php?rest_route=%2Fwp%2Fv2%2Fcomments&post=122788"}],"version-history":[{"count":0,"href":"https:\/\/arantv.az\/index.php?rest_route=\/wp\/v2\/posts\/122788\/revisions"}],"wp:featuredmedia":[{"embeddable":true,"href":"https:\/\/arantv.az\/index.php?rest_route=\/wp\/v2\/media\/122789"}],"wp:attachment":[{"href":"https:\/\/arantv.az\/index.php?rest_route=%2Fwp%2Fv2%2Fmedia&parent=122788"}],"wp:term":[{"taxonomy":"category","embeddable":true,"href":"https:\/\/arantv.az\/index.php?rest_route=%2Fwp%2Fv2%2Fcategories&post=122788"},{"taxonomy":"post_tag","embeddable":true,"href":"https:\/\/arantv.az\/index.php?rest_route=%2Fwp%2Fv2%2Ftags&post=122788"}],"curies":[{"name":"wp","href":"https:\/\/api.w.org\/{rel}","templated":true}]}}