{"id":122792,"date":"2020-01-25T11:25:31","date_gmt":"2020-01-25T08:25:31","guid":{"rendered":"http:\/\/arantv.az\/?p=122792"},"modified":"2020-01-25T11:25:31","modified_gmt":"2020-01-25T08:25:31","slug":"parlament-seckil%c9%99rind%c9%99-namiz%c9%99dl%c9%99rin-sayi-m%c9%99lum-oldu-%c9%99n-cox-namiz%c9%99d-hansi-dair%c9%99d%c9%99ndir","status":"publish","type":"post","link":"https:\/\/arantv.az\/?p=122792","title":{"rendered":"Parlament se\u00e7kil\u0259rind\u0259 namiz\u0259dl\u0259rin say\u0131 m\u0259lum oldu &#8211; \u018fn \u00e7ox namiz\u0259d hans\u0131 dair\u0259d\u0259ndir?"},"content":{"rendered":"<p><strong>Az\u0259rbaycanda fevral\u0131n 9-da ke\u00e7iril\u0259c\u0259k n\u00f6vb\u0259d\u0259nk\u0259nar parlament se\u00e7kil\u0259rind\u0259 qeyd\u0259 al\u0131nm\u0131\u015f namiz\u0259dl\u0259rin bu g\u00fcn\u0259 olan say\u0131 m\u0259lum olub.<\/strong><\/p>\n<p><strong>ARANTV.AZ<\/strong>\u00a0\u00a0<a href=\"https:\/\/az.trend.az\/\" target=\"_blank\" rel=\"noopener\">Trend<\/a>-\u0259 istinad\u0259n x\u0259b\u0259r verir ki, haz\u0131rda qeyd\u0259 al\u0131nm\u0131\u015f namiz\u0259dl\u0259rin say\u0131 1399 n\u0259f\u0259rdir. \u00dcmumilikd\u0259, se\u00e7kil\u0259rd\u0259 i\u015ftirak etm\u0259k \u00fc\u00e7\u00fcn 2431 n\u0259f\u0259r m\u00fcraci\u0259t etmi\u015fdi. Lakin namiz\u0259dl\u0259rd\u0259n 1032 n\u0259f\u0259ri se\u00e7ki prosesinin m\u00fcxt\u0259lif m\u0259rh\u0259l\u0259l\u0259rind\u0259 k\u00f6n\u00fcll\u00fc olaraq se\u00e7kil\u0259rd\u0259 i\u015ftirak etm\u0259kd\u0259n imtina edib.<\/p>\n<p>Se\u00e7kil\u0259rd\u0259 \u0259n \u00e7ox namiz\u0259din qeyd\u0259 al\u0131nd\u0131\u011f\u0131 dair\u0259 16 sayl\u0131 Yasamal ikinci se\u00e7ki dair\u0259sidir. H\u0259min dair\u0259 \u00fczr\u0259 25 namiz\u0259d var.<\/p>\n<p>\u018fn az namiz\u0259din qeyd\u0259 al\u0131nd\u0131\u011f\u0131 dair\u0259l\u0259r is\u0259 1 sayl\u0131 \u015e\u0259rur-S\u0259d\u0259r\u0259k, 2 sayl\u0131 \u015e\u0259rur, 3 sayl\u0131 Bab\u0259k-K\u0259ng\u0259rli-Nax\u00e7\u0131van, 4 sayl\u0131 Nax\u00e7\u0131van \u015f\u0259h\u0259r se\u00e7ki dair\u0259l\u0259ridir. H\u0259min dair\u0259l\u0259rin h\u0259r biri \u00fczr\u0259 3 namiz\u0259d qeyd\u0259 al\u0131n\u0131b.<\/p>\n<p>Qeyd ed\u0259k ki, fevral\u0131n 9-da Az\u0259rbaycanda n\u00f6vb\u0259d\u0259nk\u0259nar parlament se\u00e7kil\u0259ri ke\u00e7iril\u0259c\u0259k.<\/p>\n","protected":false},"excerpt":{"rendered":"<p>Az\u0259rbaycanda fevral\u0131n 9-da ke\u00e7iril\u0259c\u0259k n\u00f6vb\u0259d\u0259nk\u0259nar parlament se\u00e7kil\u0259rind\u0259 qeyd\u0259 al\u0131nm\u0131\u015f namiz\u0259dl\u0259rin bu g\u00fcn\u0259 olan say\u0131 m\u0259lum olub. ARANTV.AZ\u00a0\u00a0Trend-\u0259 istinad\u0259n x\u0259b\u0259r verir ki, haz\u0131rda qeyd\u0259 al\u0131nm\u0131\u015f namiz\u0259dl\u0259rin say\u0131 1399 n\u0259f\u0259rdir. \u00dcmumilikd\u0259, se\u00e7kil\u0259rd\u0259 i\u015ftirak etm\u0259k \u00fc\u00e7\u00fcn 2431 n\u0259f\u0259r m\u00fcraci\u0259t etmi\u015fdi. Lakin namiz\u0259dl\u0259rd\u0259n 1032 n\u0259f\u0259ri se\u00e7ki prosesinin m\u00fcxt\u0259lif m\u0259rh\u0259l\u0259l\u0259rind\u0259 k\u00f6n\u00fcll\u00fc olaraq se\u00e7kil\u0259rd\u0259 i\u015ftirak etm\u0259kd\u0259n imtina edib. Se\u00e7kil\u0259rd\u0259 \u0259n \u00e7ox namiz\u0259din qeyd\u0259 al\u0131nd\u0131\u011f\u0131 dair\u0259 16 sayl\u0131 Yasamal ikinci se\u00e7ki dair\u0259sidir. H\u0259min dair\u0259 \u00fczr\u0259 25 namiz\u0259d var. \u018fn az namiz\u0259din qeyd\u0259 al\u0131nd\u0131\u011f\u0131 dair\u0259l\u0259r is\u0259 1 sayl\u0131 \u015e\u0259rur-S\u0259d\u0259r\u0259k, 2 sayl\u0131 \u015e\u0259rur, 3 sayl\u0131 Bab\u0259k-K\u0259ng\u0259rli-Nax\u00e7\u0131van, 4 sayl\u0131 Nax\u00e7\u0131van&hellip;<\/p>\n","protected":false},"author":2,"featured_media":122793,"comment_status":"closed","ping_status":"closed","sticky":false,"template":"","format":"standard","meta":{"om_disable_all_campaigns":false,"_monsterinsights_skip_tracking":false,"_monsterinsights_sitenote_active":false,"_monsterinsights_sitenote_note":"","_monsterinsights_sitenote_category":0},"categories":[1],"tags":[],"aioseo_notices":[],"gutentor_comment":0,"rttpg_featured_image_url":{"full":["https:\/\/arantv.az\/wp-content\/uploads\/2020\/01\/820668.jpg",800,600,false],"landscape":["https:\/\/arantv.az\/wp-content\/uploads\/2020\/01\/820668.jpg",800,600,false],"portraits":["https:\/\/arantv.az\/wp-content\/uploads\/2020\/01\/820668.jpg",800,600,false],"thumbnail":["https:\/\/arantv.az\/wp-content\/uploads\/2020\/01\/820668-150x150.jpg",150,150,true],"medium":["https:\/\/arantv.az\/wp-content\/uploads\/2020\/01\/820668-300x225.jpg",300,225,true],"large":["https:\/\/arantv.az\/wp-content\/uploads\/2020\/01\/820668.jpg",640,480,false],"1536x1536":["https:\/\/arantv.az\/wp-content\/uploads\/2020\/01\/820668.jpg",800,600,false],"2048x2048":["https:\/\/arantv.az\/wp-content\/uploads\/2020\/01\/820668.jpg",800,600,false],"post-thumbnail":["https:\/\/arantv.az\/wp-content\/uploads\/2020\/01\/820668-240x172.jpg",240,172,true],"advps-thumb-one":["https:\/\/arantv.az\/wp-content\/uploads\/2020\/01\/820668.jpg",800,600,false]},"rttpg_author":{"display_name":"V\u00fcsal Rafiqo\u011flu","author_link":"https:\/\/arantv.az\/?author=2"},"rttpg_comment":0,"rttpg_category":"<a href=\"https:\/\/arantv.az\/?cat=1\" rel=\"category\">C\u0259miyy\u0259t<\/a>","rttpg_excerpt":"Az\u0259rbaycanda fevral\u0131n 9-da ke\u00e7iril\u0259c\u0259k n\u00f6vb\u0259d\u0259nk\u0259nar parlament se\u00e7kil\u0259rind\u0259 qeyd\u0259 al\u0131nm\u0131\u015f namiz\u0259dl\u0259rin bu g\u00fcn\u0259 olan say\u0131 m\u0259lum olub. ARANTV.AZ\u00a0\u00a0Trend-\u0259 istinad\u0259n x\u0259b\u0259r verir ki, haz\u0131rda qeyd\u0259 al\u0131nm\u0131\u015f namiz\u0259dl\u0259rin say\u0131 1399 n\u0259f\u0259rdir. \u00dcmumilikd\u0259, se\u00e7kil\u0259rd\u0259 i\u015ftirak etm\u0259k \u00fc\u00e7\u00fcn 2431 n\u0259f\u0259r m\u00fcraci\u0259t etmi\u015fdi. Lakin namiz\u0259dl\u0259rd\u0259n 1032 n\u0259f\u0259ri se\u00e7ki prosesinin m\u00fcxt\u0259lif m\u0259rh\u0259l\u0259l\u0259rind\u0259 k\u00f6n\u00fcll\u00fc olaraq se\u00e7kil\u0259rd\u0259 i\u015ftirak etm\u0259kd\u0259n imtina edib. Se\u00e7kil\u0259rd\u0259 \u0259n \u00e7ox&hellip;","_links":{"self":[{"href":"https:\/\/arantv.az\/index.php?rest_route=\/wp\/v2\/posts\/122792"}],"collection":[{"href":"https:\/\/arantv.az\/index.php?rest_route=\/wp\/v2\/posts"}],"about":[{"href":"https:\/\/arantv.az\/index.php?rest_route=\/wp\/v2\/types\/post"}],"author":[{"embeddable":true,"href":"https:\/\/arantv.az\/index.php?rest_route=\/wp\/v2\/users\/2"}],"replies":[{"embeddable":true,"href":"https:\/\/arantv.az\/index.php?rest_route=%2Fwp%2Fv2%2Fcomments&post=122792"}],"version-history":[{"count":0,"href":"https:\/\/arantv.az\/index.php?rest_route=\/wp\/v2\/posts\/122792\/revisions"}],"wp:featuredmedia":[{"embeddable":true,"href":"https:\/\/arantv.az\/index.php?rest_route=\/wp\/v2\/media\/122793"}],"wp:attachment":[{"href":"https:\/\/arantv.az\/index.php?rest_route=%2Fwp%2Fv2%2Fmedia&parent=122792"}],"wp:term":[{"taxonomy":"category","embeddable":true,"href":"https:\/\/arantv.az\/index.php?rest_route=%2Fwp%2Fv2%2Fcategories&post=122792"},{"taxonomy":"post_tag","embeddable":true,"href":"https:\/\/arantv.az\/index.php?rest_route=%2Fwp%2Fv2%2Ftags&post=122792"}],"curies":[{"name":"wp","href":"https:\/\/api.w.org\/{rel}","templated":true}]}}