{"id":122800,"date":"2020-01-25T11:29:34","date_gmt":"2020-01-25T08:29:34","guid":{"rendered":"http:\/\/arantv.az\/?p=122800"},"modified":"2020-01-25T11:29:34","modified_gmt":"2020-01-25T08:29:34","slug":"sumqayit-v%c9%99-g%c9%99nc%c9%99d%c9%99-%c9%99lav%c9%99-asan-xidm%c9%99t-m%c9%99rk%c9%99zi-tikil%c9%99c%c9%99k","status":"publish","type":"post","link":"https:\/\/arantv.az\/?p=122800","title":{"rendered":"Sumqay\u0131t v\u0259 G\u0259nc\u0259d\u0259 \u0259lav\u0259 &#8220;ASAN xidm\u0259t&#8221; m\u0259rk\u0259zi tikil\u0259c\u0259k"},"content":{"rendered":"<p><strong>&#8220;Sumqay\u0131t v\u0259 G\u0259nc\u0259d\u0259 \u0259lav\u0259 ASAN xidm\u0259t m\u0259rk\u0259zinin tikintisin\u0259 ba\u015flan\u0131lacaq&#8221;.<\/strong><\/p>\n<p><b>ARANTV.AZ\u00a0<\/b> x\u0259b\u0259r verir ki, bunu Az\u0259rbaycan Prezidenti yan\u0131nda V\u0259t\u0259nda\u015flara Xidm\u0259t v\u0259 Sosial \u0130nnovasiyalar \u00fczr\u0259 D\u00f6vl\u0259t Agentliyinin s\u0259dri \u00dclvi Mehdiyev bildirib.<\/p>\n<div id=\"AdviadNativeVideo0\" class=\"AdviadNativeVideo\"><\/div>\n<p>Onun s\u00f6zl\u0259rin\u0259 g\u00f6r\u0259, bu il K\u00fcrd\u0259mir, A\u011fcab\u0259di, Tovuz, Balak\u0259n v\u0259 Bak\u0131 \u015f\u0259h\u0259rind\u0259 &#8220;ASAN xidm\u0259t&#8221; m\u0259rk\u0259zl\u0259rinin a\u00e7\u0131lmas\u0131 n\u0259z\u0259rd\u0259 tutulur: &#8220;Eyni zamanda Salyan v\u0259 L\u0259nk\u0259randa da &#8220;ASAN xidm\u0259t&#8221; m\u0259rk\u0259zl\u0259ri tikil\u0259c\u0259k&#8221;.Unikal.org<\/p>\n","protected":false},"excerpt":{"rendered":"<p>&#8220;Sumqay\u0131t v\u0259 G\u0259nc\u0259d\u0259 \u0259lav\u0259 ASAN xidm\u0259t m\u0259rk\u0259zinin tikintisin\u0259 ba\u015flan\u0131lacaq&#8221;. ARANTV.AZ\u00a0 x\u0259b\u0259r verir ki, bunu Az\u0259rbaycan Prezidenti yan\u0131nda V\u0259t\u0259nda\u015flara Xidm\u0259t v\u0259 Sosial \u0130nnovasiyalar \u00fczr\u0259 D\u00f6vl\u0259t Agentliyinin s\u0259dri \u00dclvi Mehdiyev bildirib. Onun s\u00f6zl\u0259rin\u0259 g\u00f6r\u0259, bu il K\u00fcrd\u0259mir, A\u011fcab\u0259di, Tovuz, Balak\u0259n v\u0259 Bak\u0131 \u015f\u0259h\u0259rind\u0259 &#8220;ASAN xidm\u0259t&#8221; m\u0259rk\u0259zl\u0259rinin a\u00e7\u0131lmas\u0131 n\u0259z\u0259rd\u0259 tutulur: &#8220;Eyni zamanda Salyan v\u0259 L\u0259nk\u0259randa da &#8220;ASAN xidm\u0259t&#8221; m\u0259rk\u0259zl\u0259ri tikil\u0259c\u0259k&#8221;.Unikal.org<\/p>\n","protected":false},"author":2,"featured_media":122801,"comment_status":"closed","ping_status":"closed","sticky":false,"template":"","format":"standard","meta":{"om_disable_all_campaigns":false,"_monsterinsights_skip_tracking":false,"_monsterinsights_sitenote_active":false,"_monsterinsights_sitenote_note":"","_monsterinsights_sitenote_category":0},"categories":[1],"tags":[],"aioseo_notices":[],"gutentor_comment":0,"rttpg_featured_image_url":{"full":["https:\/\/arantv.az\/wp-content\/uploads\/2020\/01\/1579940649.0a52379d-d92b-4fa6-9c76-f949555a993f_640.jpg",600,400,false],"landscape":["https:\/\/arantv.az\/wp-content\/uploads\/2020\/01\/1579940649.0a52379d-d92b-4fa6-9c76-f949555a993f_640.jpg",600,400,false],"portraits":["https:\/\/arantv.az\/wp-content\/uploads\/2020\/01\/1579940649.0a52379d-d92b-4fa6-9c76-f949555a993f_640.jpg",600,400,false],"thumbnail":["https:\/\/arantv.az\/wp-content\/uploads\/2020\/01\/1579940649.0a52379d-d92b-4fa6-9c76-f949555a993f_640-150x150.jpg",150,150,true],"medium":["https:\/\/arantv.az\/wp-content\/uploads\/2020\/01\/1579940649.0a52379d-d92b-4fa6-9c76-f949555a993f_640-300x200.jpg",300,200,true],"large":["https:\/\/arantv.az\/wp-content\/uploads\/2020\/01\/1579940649.0a52379d-d92b-4fa6-9c76-f949555a993f_640.jpg",600,400,false],"1536x1536":["https:\/\/arantv.az\/wp-content\/uploads\/2020\/01\/1579940649.0a52379d-d92b-4fa6-9c76-f949555a993f_640.jpg",600,400,false],"2048x2048":["https:\/\/arantv.az\/wp-content\/uploads\/2020\/01\/1579940649.0a52379d-d92b-4fa6-9c76-f949555a993f_640.jpg",600,400,false],"post-thumbnail":["https:\/\/arantv.az\/wp-content\/uploads\/2020\/01\/1579940649.0a52379d-d92b-4fa6-9c76-f949555a993f_640-240x172.jpg",240,172,true],"advps-thumb-one":["https:\/\/arantv.az\/wp-content\/uploads\/2020\/01\/1579940649.0a52379d-d92b-4fa6-9c76-f949555a993f_640.jpg",600,400,false]},"rttpg_author":{"display_name":"V\u00fcsal Rafiqo\u011flu","author_link":"https:\/\/arantv.az\/?author=2"},"rttpg_comment":0,"rttpg_category":"<a href=\"https:\/\/arantv.az\/?cat=1\" rel=\"category\">C\u0259miyy\u0259t<\/a>","rttpg_excerpt":"&#8220;Sumqay\u0131t v\u0259 G\u0259nc\u0259d\u0259 \u0259lav\u0259 ASAN xidm\u0259t m\u0259rk\u0259zinin tikintisin\u0259 ba\u015flan\u0131lacaq&#8221;. ARANTV.AZ\u00a0 x\u0259b\u0259r verir ki, bunu Az\u0259rbaycan Prezidenti yan\u0131nda V\u0259t\u0259nda\u015flara Xidm\u0259t v\u0259 Sosial \u0130nnovasiyalar \u00fczr\u0259 D\u00f6vl\u0259t Agentliyinin s\u0259dri \u00dclvi Mehdiyev bildirib. Onun s\u00f6zl\u0259rin\u0259 g\u00f6r\u0259, bu il K\u00fcrd\u0259mir, A\u011fcab\u0259di, Tovuz, Balak\u0259n v\u0259 Bak\u0131 \u015f\u0259h\u0259rind\u0259 &#8220;ASAN xidm\u0259t&#8221; m\u0259rk\u0259zl\u0259rinin a\u00e7\u0131lmas\u0131 n\u0259z\u0259rd\u0259 tutulur: &#8220;Eyni zamanda Salyan v\u0259 L\u0259nk\u0259randa da &#8220;ASAN xidm\u0259t&#8221;&hellip;","_links":{"self":[{"href":"https:\/\/arantv.az\/index.php?rest_route=\/wp\/v2\/posts\/122800"}],"collection":[{"href":"https:\/\/arantv.az\/index.php?rest_route=\/wp\/v2\/posts"}],"about":[{"href":"https:\/\/arantv.az\/index.php?rest_route=\/wp\/v2\/types\/post"}],"author":[{"embeddable":true,"href":"https:\/\/arantv.az\/index.php?rest_route=\/wp\/v2\/users\/2"}],"replies":[{"embeddable":true,"href":"https:\/\/arantv.az\/index.php?rest_route=%2Fwp%2Fv2%2Fcomments&post=122800"}],"version-history":[{"count":0,"href":"https:\/\/arantv.az\/index.php?rest_route=\/wp\/v2\/posts\/122800\/revisions"}],"wp:featuredmedia":[{"embeddable":true,"href":"https:\/\/arantv.az\/index.php?rest_route=\/wp\/v2\/media\/122801"}],"wp:attachment":[{"href":"https:\/\/arantv.az\/index.php?rest_route=%2Fwp%2Fv2%2Fmedia&parent=122800"}],"wp:term":[{"taxonomy":"category","embeddable":true,"href":"https:\/\/arantv.az\/index.php?rest_route=%2Fwp%2Fv2%2Fcategories&post=122800"},{"taxonomy":"post_tag","embeddable":true,"href":"https:\/\/arantv.az\/index.php?rest_route=%2Fwp%2Fv2%2Ftags&post=122800"}],"curies":[{"name":"wp","href":"https:\/\/api.w.org\/{rel}","templated":true}]}}