{"id":122812,"date":"2020-01-25T11:35:20","date_gmt":"2020-01-25T08:35:20","guid":{"rendered":"http:\/\/arantv.az\/?p=122812"},"modified":"2020-01-25T11:35:20","modified_gmt":"2020-01-25T08:35:20","slug":"z%c9%99lz%c9%99l%c9%99-ani-musahid%c9%99-kameralarinda-anbaan-video","status":"publish","type":"post","link":"https:\/\/arantv.az\/?p=122812","title":{"rendered":"Z\u0259lz\u0259l\u0259 an\u0131 m\u00fc\u015fahid\u0259 kameralar\u0131nda &#8211; ANBAAN V\u0130DEO"},"content":{"rendered":"<article class=\"news\">\n<div class=\"news-inner\">\n<p>T\u00fcrkiy\u0259nin Elaz\u0131\u011f vilay\u0259tind\u0259 \u00f6t\u0259n gec\u0259 ba\u015f vermi\u015f g\u00fccl\u00fc z\u0259lz\u0259l\u0259nin g\u00f6r\u00fcnt\u00fcl\u0259ri \u0259rzaq ma\u011fazas\u0131n\u0131n m\u00fc\u015fahid\u0259 kameralar\u0131 t\u0259r\u0259find\u0259n qeyd\u0259 al\u0131n\u0131b.<\/p>\n<p>\u201cTwitter\u201dd\u0259 yay\u0131mlanan g\u00f6r\u00fcnt\u00fcl\u0259rd\u0259 6.8 bal g\u00fcc\u00fcnd\u0259ki z\u0259lz\u0259l\u0259nin \u0259rzaq ma\u011fazas\u0131na ciddi ziyan vurdu\u011fu \u0259ks olunub.<\/p>\n<p>Xat\u0131rladaq ki, d\u00fcn\u0259n T\u00fcrkiy\u0259nin Elaz\u0131\u011f v\u0259 Malatya vilay\u0259tl\u0259rind\u0259 g\u00fccl\u00fc z\u0259lz\u0259l\u0259 ba\u015f verib. 6,8 bal g\u00fcc\u00fcnd\u0259 olan t\u0259kanlara g\u00f6r\u0259 Adana, Diyarbak\u0131r, Qaziantep \u015f\u0259h\u0259rl\u0259rind\u0259 insanlar gec\u0259ni k\u00fc\u00e7\u0259l\u0259rd\u0259 ke\u00e7iribl\u0259r. T\u0259bii f\u0259lak\u0259t n\u0259tic\u0259sind\u0259 bir s\u0131r aya\u015fay\u0131\u015f binas\u0131 u\u00e7ub. Da\u011f\u0131nt\u0131lar alt\u0131ndan qalan insanlar\u0131n \u00e7\u0131xar\u0131lmas\u0131 davam etdirilir.<\/p>\n<p>Son m\u0259lumatlara g\u00f6r\u0259, yeralt\u0131 t\u0259kanlar n\u0259tic\u0259sind\u0259 20 n\u0259f\u0259r h\u0259lak olub, yaral\u0131lar\u0131n say\u0131 is\u0259 1015-\u0259 y\u00fcks\u0259lib.<\/p>\n<div><iframe loading=\"lazy\" src=\"https:\/\/player.baku.tv\/embed\/13435\" width=\"560\" height=\"315\" frameborder=\"0\" allowfullscreen=\"allowfullscreen\" data-mce-fragment=\"1\"><\/iframe><\/div>\n<\/div>\n<\/article>\n<section class=\"related-news\">\n<div class=\"l-center\">\n<h2><\/h2>\n<\/div>\n<\/section>\n","protected":false},"excerpt":{"rendered":"<p>T\u00fcrkiy\u0259nin Elaz\u0131\u011f vilay\u0259tind\u0259 \u00f6t\u0259n gec\u0259 ba\u015f vermi\u015f g\u00fccl\u00fc z\u0259lz\u0259l\u0259nin g\u00f6r\u00fcnt\u00fcl\u0259ri \u0259rzaq ma\u011fazas\u0131n\u0131n m\u00fc\u015fahid\u0259 kameralar\u0131 t\u0259r\u0259find\u0259n qeyd\u0259 al\u0131n\u0131b. \u201cTwitter\u201dd\u0259 yay\u0131mlanan g\u00f6r\u00fcnt\u00fcl\u0259rd\u0259 6.8 bal g\u00fcc\u00fcnd\u0259ki z\u0259lz\u0259l\u0259nin \u0259rzaq ma\u011fazas\u0131na ciddi ziyan vurdu\u011fu \u0259ks olunub. Xat\u0131rladaq ki, d\u00fcn\u0259n T\u00fcrkiy\u0259nin Elaz\u0131\u011f v\u0259 Malatya vilay\u0259tl\u0259rind\u0259 g\u00fccl\u00fc z\u0259lz\u0259l\u0259 ba\u015f verib. 6,8 bal g\u00fcc\u00fcnd\u0259 olan t\u0259kanlara g\u00f6r\u0259 Adana, Diyarbak\u0131r, Qaziantep \u015f\u0259h\u0259rl\u0259rind\u0259 insanlar gec\u0259ni k\u00fc\u00e7\u0259l\u0259rd\u0259 ke\u00e7iribl\u0259r. T\u0259bii f\u0259lak\u0259t n\u0259tic\u0259sind\u0259 bir s\u0131r aya\u015fay\u0131\u015f binas\u0131 u\u00e7ub. Da\u011f\u0131nt\u0131lar alt\u0131ndan qalan insanlar\u0131n \u00e7\u0131xar\u0131lmas\u0131 davam etdirilir. Son m\u0259lumatlara g\u00f6r\u0259, yeralt\u0131 t\u0259kanlar n\u0259tic\u0259sind\u0259 20 n\u0259f\u0259r h\u0259lak olub, yaral\u0131lar\u0131n say\u0131 is\u0259 1015-\u0259 y\u00fcks\u0259lib.<\/p>\n","protected":false},"author":2,"featured_media":122813,"comment_status":"closed","ping_status":"closed","sticky":false,"template":"","format":"standard","meta":{"om_disable_all_campaigns":false,"_monsterinsights_skip_tracking":false,"_monsterinsights_sitenote_active":false,"_monsterinsights_sitenote_note":"","_monsterinsights_sitenote_category":0},"categories":[7],"tags":[],"aioseo_notices":[],"gutentor_comment":0,"rttpg_featured_image_url":{"full":["https:\/\/arantv.az\/wp-content\/uploads\/2020\/01\/82916154_178900819842818_2460771043745202176_n.jpg",620,349,false],"landscape":["https:\/\/arantv.az\/wp-content\/uploads\/2020\/01\/82916154_178900819842818_2460771043745202176_n.jpg",620,349,false],"portraits":["https:\/\/arantv.az\/wp-content\/uploads\/2020\/01\/82916154_178900819842818_2460771043745202176_n.jpg",620,349,false],"thumbnail":["https:\/\/arantv.az\/wp-content\/uploads\/2020\/01\/82916154_178900819842818_2460771043745202176_n-150x150.jpg",150,150,true],"medium":["https:\/\/arantv.az\/wp-content\/uploads\/2020\/01\/82916154_178900819842818_2460771043745202176_n-300x169.jpg",300,169,true],"large":["https:\/\/arantv.az\/wp-content\/uploads\/2020\/01\/82916154_178900819842818_2460771043745202176_n.jpg",620,349,false],"1536x1536":["https:\/\/arantv.az\/wp-content\/uploads\/2020\/01\/82916154_178900819842818_2460771043745202176_n.jpg",620,349,false],"2048x2048":["https:\/\/arantv.az\/wp-content\/uploads\/2020\/01\/82916154_178900819842818_2460771043745202176_n.jpg",620,349,false],"post-thumbnail":["https:\/\/arantv.az\/wp-content\/uploads\/2020\/01\/82916154_178900819842818_2460771043745202176_n-240x172.jpg",240,172,true],"advps-thumb-one":["https:\/\/arantv.az\/wp-content\/uploads\/2020\/01\/82916154_178900819842818_2460771043745202176_n.jpg",620,349,false]},"rttpg_author":{"display_name":"V\u00fcsal Rafiqo\u011flu","author_link":"https:\/\/arantv.az\/?author=2"},"rttpg_comment":0,"rttpg_category":"<a href=\"https:\/\/arantv.az\/?cat=7\" rel=\"category\">D\u00fcnya<\/a>","rttpg_excerpt":"T\u00fcrkiy\u0259nin Elaz\u0131\u011f vilay\u0259tind\u0259 \u00f6t\u0259n gec\u0259 ba\u015f vermi\u015f g\u00fccl\u00fc z\u0259lz\u0259l\u0259nin g\u00f6r\u00fcnt\u00fcl\u0259ri \u0259rzaq ma\u011fazas\u0131n\u0131n m\u00fc\u015fahid\u0259 kameralar\u0131 t\u0259r\u0259find\u0259n qeyd\u0259 al\u0131n\u0131b. \u201cTwitter\u201dd\u0259 yay\u0131mlanan g\u00f6r\u00fcnt\u00fcl\u0259rd\u0259 6.8 bal g\u00fcc\u00fcnd\u0259ki z\u0259lz\u0259l\u0259nin \u0259rzaq ma\u011fazas\u0131na ciddi ziyan vurdu\u011fu \u0259ks olunub. Xat\u0131rladaq ki, d\u00fcn\u0259n T\u00fcrkiy\u0259nin Elaz\u0131\u011f v\u0259 Malatya vilay\u0259tl\u0259rind\u0259 g\u00fccl\u00fc z\u0259lz\u0259l\u0259 ba\u015f verib. 6,8 bal g\u00fcc\u00fcnd\u0259 olan t\u0259kanlara g\u00f6r\u0259 Adana, Diyarbak\u0131r, Qaziantep \u015f\u0259h\u0259rl\u0259rind\u0259 insanlar gec\u0259ni&hellip;","_links":{"self":[{"href":"https:\/\/arantv.az\/index.php?rest_route=\/wp\/v2\/posts\/122812"}],"collection":[{"href":"https:\/\/arantv.az\/index.php?rest_route=\/wp\/v2\/posts"}],"about":[{"href":"https:\/\/arantv.az\/index.php?rest_route=\/wp\/v2\/types\/post"}],"author":[{"embeddable":true,"href":"https:\/\/arantv.az\/index.php?rest_route=\/wp\/v2\/users\/2"}],"replies":[{"embeddable":true,"href":"https:\/\/arantv.az\/index.php?rest_route=%2Fwp%2Fv2%2Fcomments&post=122812"}],"version-history":[{"count":0,"href":"https:\/\/arantv.az\/index.php?rest_route=\/wp\/v2\/posts\/122812\/revisions"}],"wp:featuredmedia":[{"embeddable":true,"href":"https:\/\/arantv.az\/index.php?rest_route=\/wp\/v2\/media\/122813"}],"wp:attachment":[{"href":"https:\/\/arantv.az\/index.php?rest_route=%2Fwp%2Fv2%2Fmedia&parent=122812"}],"wp:term":[{"taxonomy":"category","embeddable":true,"href":"https:\/\/arantv.az\/index.php?rest_route=%2Fwp%2Fv2%2Fcategories&post=122812"},{"taxonomy":"post_tag","embeddable":true,"href":"https:\/\/arantv.az\/index.php?rest_route=%2Fwp%2Fv2%2Ftags&post=122812"}],"curies":[{"name":"wp","href":"https:\/\/api.w.org\/{rel}","templated":true}]}}