{"id":122816,"date":"2020-01-25T11:37:51","date_gmt":"2020-01-25T08:37:51","guid":{"rendered":"http:\/\/arantv.az\/?p=122816"},"modified":"2020-01-25T11:37:51","modified_gmt":"2020-01-25T08:37:51","slug":"ilham-%c9%99liyev-turkiy%c9%99li-h%c9%99mkarina-bassagligi-verib","status":"publish","type":"post","link":"https:\/\/arantv.az\/?p=122816","title":{"rendered":"\u0130lham \u018fliyev t\u00fcrkiy\u0259li h\u0259mkar\u0131na ba\u015fsa\u011fl\u0131\u011f\u0131 verib"},"content":{"rendered":"<p>Az\u0259rbaycan Prezidenti \u0130lham \u018fliyev T\u00fcrkiy\u0259 Prezidenti R\u0259c\u0259b Tayyib \u018frdo\u011fana ba\u015fsa\u011fl\u0131\u011f\u0131 m\u0259ktubu g\u00f6nd\u0259rib.<\/p>\n<p><strong>ARANTV.AZ<\/strong> x\u0259b\u0259r verir ki, d\u00f6vl\u0259timizin ba\u015f\u00e7\u0131s\u0131 Elaz\u0131\u011fda ba\u015f vermi\u015f g\u00fccl\u00fc z\u0259lz\u0259l\u0259 n\u0259tic\u0259sind\u0259 \u00e7oxsayl\u0131 insan t\u0259l\u0259fat\u0131 v\u0259 da\u011f\u0131nt\u0131lar bar\u0259d\u0259 x\u0259b\u0259rin onu son d\u0259r\u0259c\u0259 sars\u0131td\u0131\u011f\u0131n\u0131 bildirib.<\/p>\n<p>\u201cBu a\u011f\u0131r m\u0259qamda h\u0259r c\u00fcr yard\u0131m g\u00f6st\u0259rm\u0259y\u0259 haz\u0131r oldu\u011fumuzu bildirir, Siz\u0259, h\u0259lak olanlar\u0131n ail\u0259l\u0259rin\u0259 v\u0259 yax\u0131nlar\u0131na, qarda\u015f T\u00fcrkiy\u0259 xalq\u0131na \u00f6z ad\u0131mdan v\u0259 Az\u0259rbaycan xalq\u0131 ad\u0131ndan d\u0259rin h\u00fcznl\u0259 ba\u015fsa\u011fl\u0131\u011f\u0131 verir, yaralananlara v\u0259 x\u0259sar\u0259t alanlara \u015f\u0259fa dil\u0259yir\u0259m\u201d, &#8211; dey\u0259 Prezident \u0130lham \u018fliyev qeyd edib.AZ\u018fRTAC<\/p>\n","protected":false},"excerpt":{"rendered":"<p>Az\u0259rbaycan Prezidenti \u0130lham \u018fliyev T\u00fcrkiy\u0259 Prezidenti R\u0259c\u0259b Tayyib \u018frdo\u011fana ba\u015fsa\u011fl\u0131\u011f\u0131 m\u0259ktubu g\u00f6nd\u0259rib. ARANTV.AZ x\u0259b\u0259r verir ki, d\u00f6vl\u0259timizin ba\u015f\u00e7\u0131s\u0131 Elaz\u0131\u011fda ba\u015f vermi\u015f g\u00fccl\u00fc z\u0259lz\u0259l\u0259 n\u0259tic\u0259sind\u0259 \u00e7oxsayl\u0131 insan t\u0259l\u0259fat\u0131 v\u0259 da\u011f\u0131nt\u0131lar bar\u0259d\u0259 x\u0259b\u0259rin onu son d\u0259r\u0259c\u0259 sars\u0131td\u0131\u011f\u0131n\u0131 bildirib. \u201cBu a\u011f\u0131r m\u0259qamda h\u0259r c\u00fcr yard\u0131m g\u00f6st\u0259rm\u0259y\u0259 haz\u0131r oldu\u011fumuzu bildirir, Siz\u0259, h\u0259lak olanlar\u0131n ail\u0259l\u0259rin\u0259 v\u0259 yax\u0131nlar\u0131na, qarda\u015f T\u00fcrkiy\u0259 xalq\u0131na \u00f6z ad\u0131mdan v\u0259 Az\u0259rbaycan xalq\u0131 ad\u0131ndan d\u0259rin h\u00fcznl\u0259 ba\u015fsa\u011fl\u0131\u011f\u0131 verir, yaralananlara v\u0259 x\u0259sar\u0259t alanlara \u015f\u0259fa dil\u0259yir\u0259m\u201d, &#8211; dey\u0259 Prezident \u0130lham \u018fliyev qeyd edib.AZ\u018fRTAC<\/p>\n","protected":false},"author":2,"featured_media":122817,"comment_status":"closed","ping_status":"closed","sticky":false,"template":"","format":"standard","meta":{"om_disable_all_campaigns":false,"_monsterinsights_skip_tracking":false,"_monsterinsights_sitenote_active":false,"_monsterinsights_sitenote_note":"","_monsterinsights_sitenote_category":0},"categories":[4],"tags":[],"aioseo_notices":[],"gutentor_comment":0,"rttpg_featured_image_url":{"full":["https:\/\/arantv.az\/wp-content\/uploads\/2020\/01\/pozdrav3-1.jpg",620,465,false],"landscape":["https:\/\/arantv.az\/wp-content\/uploads\/2020\/01\/pozdrav3-1.jpg",620,465,false],"portraits":["https:\/\/arantv.az\/wp-content\/uploads\/2020\/01\/pozdrav3-1.jpg",620,465,false],"thumbnail":["https:\/\/arantv.az\/wp-content\/uploads\/2020\/01\/pozdrav3-1-150x150.jpg",150,150,true],"medium":["https:\/\/arantv.az\/wp-content\/uploads\/2020\/01\/pozdrav3-1-300x225.jpg",300,225,true],"large":["https:\/\/arantv.az\/wp-content\/uploads\/2020\/01\/pozdrav3-1.jpg",620,465,false],"1536x1536":["https:\/\/arantv.az\/wp-content\/uploads\/2020\/01\/pozdrav3-1.jpg",620,465,false],"2048x2048":["https:\/\/arantv.az\/wp-content\/uploads\/2020\/01\/pozdrav3-1.jpg",620,465,false],"post-thumbnail":["https:\/\/arantv.az\/wp-content\/uploads\/2020\/01\/pozdrav3-1-240x172.jpg",240,172,true],"advps-thumb-one":["https:\/\/arantv.az\/wp-content\/uploads\/2020\/01\/pozdrav3-1.jpg",620,465,false]},"rttpg_author":{"display_name":"V\u00fcsal Rafiqo\u011flu","author_link":"https:\/\/arantv.az\/?author=2"},"rttpg_comment":0,"rttpg_category":"<a href=\"https:\/\/arantv.az\/?cat=4\" rel=\"category\">Siyas\u0259t<\/a>","rttpg_excerpt":"Az\u0259rbaycan Prezidenti \u0130lham \u018fliyev T\u00fcrkiy\u0259 Prezidenti R\u0259c\u0259b Tayyib \u018frdo\u011fana ba\u015fsa\u011fl\u0131\u011f\u0131 m\u0259ktubu g\u00f6nd\u0259rib. ARANTV.AZ x\u0259b\u0259r verir ki, d\u00f6vl\u0259timizin ba\u015f\u00e7\u0131s\u0131 Elaz\u0131\u011fda ba\u015f vermi\u015f g\u00fccl\u00fc z\u0259lz\u0259l\u0259 n\u0259tic\u0259sind\u0259 \u00e7oxsayl\u0131 insan t\u0259l\u0259fat\u0131 v\u0259 da\u011f\u0131nt\u0131lar bar\u0259d\u0259 x\u0259b\u0259rin onu son d\u0259r\u0259c\u0259 sars\u0131td\u0131\u011f\u0131n\u0131 bildirib. \u201cBu a\u011f\u0131r m\u0259qamda h\u0259r c\u00fcr yard\u0131m g\u00f6st\u0259rm\u0259y\u0259 haz\u0131r oldu\u011fumuzu bildirir, Siz\u0259, h\u0259lak olanlar\u0131n ail\u0259l\u0259rin\u0259 v\u0259 yax\u0131nlar\u0131na, qarda\u015f T\u00fcrkiy\u0259 xalq\u0131na&hellip;","_links":{"self":[{"href":"https:\/\/arantv.az\/index.php?rest_route=\/wp\/v2\/posts\/122816"}],"collection":[{"href":"https:\/\/arantv.az\/index.php?rest_route=\/wp\/v2\/posts"}],"about":[{"href":"https:\/\/arantv.az\/index.php?rest_route=\/wp\/v2\/types\/post"}],"author":[{"embeddable":true,"href":"https:\/\/arantv.az\/index.php?rest_route=\/wp\/v2\/users\/2"}],"replies":[{"embeddable":true,"href":"https:\/\/arantv.az\/index.php?rest_route=%2Fwp%2Fv2%2Fcomments&post=122816"}],"version-history":[{"count":0,"href":"https:\/\/arantv.az\/index.php?rest_route=\/wp\/v2\/posts\/122816\/revisions"}],"wp:featuredmedia":[{"embeddable":true,"href":"https:\/\/arantv.az\/index.php?rest_route=\/wp\/v2\/media\/122817"}],"wp:attachment":[{"href":"https:\/\/arantv.az\/index.php?rest_route=%2Fwp%2Fv2%2Fmedia&parent=122816"}],"wp:term":[{"taxonomy":"category","embeddable":true,"href":"https:\/\/arantv.az\/index.php?rest_route=%2Fwp%2Fv2%2Fcategories&post=122816"},{"taxonomy":"post_tag","embeddable":true,"href":"https:\/\/arantv.az\/index.php?rest_route=%2Fwp%2Fv2%2Ftags&post=122816"}],"curies":[{"name":"wp","href":"https:\/\/api.w.org\/{rel}","templated":true}]}}