{"id":122820,"date":"2020-01-25T11:43:37","date_gmt":"2020-01-25T08:43:37","guid":{"rendered":"http:\/\/arantv.az\/?p=122820"},"modified":"2020-01-25T11:43:37","modified_gmt":"2020-01-25T08:43:37","slug":"parlament-seckil%c9%99rin%c9%99-as-pa-dan-g%c9%99l%c9%99n-musahid%c9%99cil%c9%99rin-sayi-bilindi","status":"publish","type":"post","link":"https:\/\/arantv.az\/?p=122820","title":{"rendered":"Parlament se\u00e7kil\u0259rin\u0259 A\u015e PA-dan g\u0259l\u0259n m\u00fc\u015fahid\u0259\u00e7il\u0259rin say\u0131 bilindi"},"content":{"rendered":"<p><strong>Az\u0259rbaycanda fevral\u0131n 9-da ke\u00e7iril\u0259c\u0259k parlament se\u00e7kil\u0259rind\u0259 s\u0259sverm\u0259 prosesini izl\u0259m\u0259k \u00fc\u00e7\u00fcn Avropa \u015euras\u0131 Parlament Assambleyas\u0131n\u0131n (A\u015e PA) 32 \u00fczv\u00fcnd\u0259n ibar\u0259t n\u00fcmay\u0259nd\u0259 hey\u0259ti \u00f6lk\u0259miz\u0259 g\u0259l\u0259c\u0259k.<\/strong><\/p>\n<p><strong>ARANTV.AZ<\/strong>\u00a0\u00a0<a href=\"https:\/\/az.trend.az\/\" target=\"_blank\" rel=\"noopener\">Trend<\/a>-\u0259 istinad\u0259n x\u0259b\u0259r verir ki, bu bar\u0259d\u0259 A\u015e PA-n\u0131n se\u00e7kiqaba\u011f\u0131 n\u00fcmay\u0259nd\u0259 hey\u0259ti yanvar\u0131n 22-23-d\u0259 \u00f6lk\u0259miz\u0259 edil\u0259n s\u0259f\u0259rd\u0259n sonra b\u0259yan edib.<\/p>\n<p>B\u0259yanatda deyilir: &#8220;D\u00f6vl\u0259t qurumlar\u0131n\u0131n n\u00fcmay\u0259nd\u0259l\u0259ri se\u00e7kil\u0259rin A\u015e PA n\u00fcmay\u0259nd\u0259 hey\u0259ti t\u0259r\u0259find\u0259n izl\u0259nm\u0259sini alq\u0131\u015flad\u0131lar v\u0259 se\u00e7kil\u0259rin \u015f\u0259ffaf, azad v\u0259 \u0259dal\u0259tli \u015f\u0259raitd\u0259 ke\u00e7irilm\u0259si \u00fczr\u0259 siyasi irad\u0259nin oldu\u011funu vur\u011fulad\u0131lar&#8221;.<\/p>\n<p>N\u00fcmay\u0259nd\u0259 hey\u0259tind\u0259n qeyd edilib ki, se\u00e7kil\u0259r v\u0259 onlar\u0131n m\u00fc\u015fahid\u0259si yaln\u0131z s\u0259sverm\u0259 g\u00fcn\u00fcn\u0259 aid deyil, b\u00fct\u00fcn se\u00e7ki prosesini qiym\u0259tl\u0259ndirm\u0259k \u00fc\u00e7\u00fcn t\u0259hlil olunmal\u0131 v\u0259 qiym\u0259tl\u0259ndirilm\u0259li olan bir ne\u00e7\u0259 m\u0259rh\u0259l\u0259d\u0259n ibar\u0259t prosesdir.<\/p>\n","protected":false},"excerpt":{"rendered":"<p>Az\u0259rbaycanda fevral\u0131n 9-da ke\u00e7iril\u0259c\u0259k parlament se\u00e7kil\u0259rind\u0259 s\u0259sverm\u0259 prosesini izl\u0259m\u0259k \u00fc\u00e7\u00fcn Avropa \u015euras\u0131 Parlament Assambleyas\u0131n\u0131n (A\u015e PA) 32 \u00fczv\u00fcnd\u0259n ibar\u0259t n\u00fcmay\u0259nd\u0259 hey\u0259ti \u00f6lk\u0259miz\u0259 g\u0259l\u0259c\u0259k. ARANTV.AZ\u00a0\u00a0Trend-\u0259 istinad\u0259n x\u0259b\u0259r verir ki, bu bar\u0259d\u0259 A\u015e PA-n\u0131n se\u00e7kiqaba\u011f\u0131 n\u00fcmay\u0259nd\u0259 hey\u0259ti yanvar\u0131n 22-23-d\u0259 \u00f6lk\u0259miz\u0259 edil\u0259n s\u0259f\u0259rd\u0259n sonra b\u0259yan edib. B\u0259yanatda deyilir: &#8220;D\u00f6vl\u0259t qurumlar\u0131n\u0131n n\u00fcmay\u0259nd\u0259l\u0259ri se\u00e7kil\u0259rin A\u015e PA n\u00fcmay\u0259nd\u0259 hey\u0259ti t\u0259r\u0259find\u0259n izl\u0259nm\u0259sini alq\u0131\u015flad\u0131lar v\u0259 se\u00e7kil\u0259rin \u015f\u0259ffaf, azad v\u0259 \u0259dal\u0259tli \u015f\u0259raitd\u0259 ke\u00e7irilm\u0259si \u00fczr\u0259 siyasi irad\u0259nin oldu\u011funu vur\u011fulad\u0131lar&#8221;. N\u00fcmay\u0259nd\u0259 hey\u0259tind\u0259n qeyd edilib ki, se\u00e7kil\u0259r v\u0259 onlar\u0131n m\u00fc\u015fahid\u0259si yaln\u0131z s\u0259sverm\u0259 g\u00fcn\u00fcn\u0259 aid deyil, b\u00fct\u00fcn se\u00e7ki prosesini qiym\u0259tl\u0259ndirm\u0259k \u00fc\u00e7\u00fcn t\u0259hlil olunmal\u0131&hellip;<\/p>\n","protected":false},"author":2,"featured_media":122821,"comment_status":"closed","ping_status":"closed","sticky":false,"template":"","format":"standard","meta":{"om_disable_all_campaigns":false,"_monsterinsights_skip_tracking":false,"_monsterinsights_sitenote_active":false,"_monsterinsights_sitenote_note":"","_monsterinsights_sitenote_category":0},"categories":[4],"tags":[],"aioseo_notices":[],"gutentor_comment":0,"rttpg_featured_image_url":{"full":["https:\/\/arantv.az\/wp-content\/uploads\/2020\/01\/820659.jpg",800,600,false],"landscape":["https:\/\/arantv.az\/wp-content\/uploads\/2020\/01\/820659.jpg",800,600,false],"portraits":["https:\/\/arantv.az\/wp-content\/uploads\/2020\/01\/820659.jpg",800,600,false],"thumbnail":["https:\/\/arantv.az\/wp-content\/uploads\/2020\/01\/820659-150x150.jpg",150,150,true],"medium":["https:\/\/arantv.az\/wp-content\/uploads\/2020\/01\/820659-300x225.jpg",300,225,true],"large":["https:\/\/arantv.az\/wp-content\/uploads\/2020\/01\/820659.jpg",640,480,false],"1536x1536":["https:\/\/arantv.az\/wp-content\/uploads\/2020\/01\/820659.jpg",800,600,false],"2048x2048":["https:\/\/arantv.az\/wp-content\/uploads\/2020\/01\/820659.jpg",800,600,false],"post-thumbnail":["https:\/\/arantv.az\/wp-content\/uploads\/2020\/01\/820659-240x172.jpg",240,172,true],"advps-thumb-one":["https:\/\/arantv.az\/wp-content\/uploads\/2020\/01\/820659.jpg",800,600,false]},"rttpg_author":{"display_name":"V\u00fcsal Rafiqo\u011flu","author_link":"https:\/\/arantv.az\/?author=2"},"rttpg_comment":0,"rttpg_category":"<a href=\"https:\/\/arantv.az\/?cat=4\" rel=\"category\">Siyas\u0259t<\/a>","rttpg_excerpt":"Az\u0259rbaycanda fevral\u0131n 9-da ke\u00e7iril\u0259c\u0259k parlament se\u00e7kil\u0259rind\u0259 s\u0259sverm\u0259 prosesini izl\u0259m\u0259k \u00fc\u00e7\u00fcn Avropa \u015euras\u0131 Parlament Assambleyas\u0131n\u0131n (A\u015e PA) 32 \u00fczv\u00fcnd\u0259n ibar\u0259t n\u00fcmay\u0259nd\u0259 hey\u0259ti \u00f6lk\u0259miz\u0259 g\u0259l\u0259c\u0259k. ARANTV.AZ\u00a0\u00a0Trend-\u0259 istinad\u0259n x\u0259b\u0259r verir ki, bu bar\u0259d\u0259 A\u015e PA-n\u0131n se\u00e7kiqaba\u011f\u0131 n\u00fcmay\u0259nd\u0259 hey\u0259ti yanvar\u0131n 22-23-d\u0259 \u00f6lk\u0259miz\u0259 edil\u0259n s\u0259f\u0259rd\u0259n sonra b\u0259yan edib. B\u0259yanatda deyilir: &#8220;D\u00f6vl\u0259t qurumlar\u0131n\u0131n n\u00fcmay\u0259nd\u0259l\u0259ri se\u00e7kil\u0259rin A\u015e PA n\u00fcmay\u0259nd\u0259 hey\u0259ti t\u0259r\u0259find\u0259n izl\u0259nm\u0259sini&hellip;","_links":{"self":[{"href":"https:\/\/arantv.az\/index.php?rest_route=\/wp\/v2\/posts\/122820"}],"collection":[{"href":"https:\/\/arantv.az\/index.php?rest_route=\/wp\/v2\/posts"}],"about":[{"href":"https:\/\/arantv.az\/index.php?rest_route=\/wp\/v2\/types\/post"}],"author":[{"embeddable":true,"href":"https:\/\/arantv.az\/index.php?rest_route=\/wp\/v2\/users\/2"}],"replies":[{"embeddable":true,"href":"https:\/\/arantv.az\/index.php?rest_route=%2Fwp%2Fv2%2Fcomments&post=122820"}],"version-history":[{"count":0,"href":"https:\/\/arantv.az\/index.php?rest_route=\/wp\/v2\/posts\/122820\/revisions"}],"wp:featuredmedia":[{"embeddable":true,"href":"https:\/\/arantv.az\/index.php?rest_route=\/wp\/v2\/media\/122821"}],"wp:attachment":[{"href":"https:\/\/arantv.az\/index.php?rest_route=%2Fwp%2Fv2%2Fmedia&parent=122820"}],"wp:term":[{"taxonomy":"category","embeddable":true,"href":"https:\/\/arantv.az\/index.php?rest_route=%2Fwp%2Fv2%2Fcategories&post=122820"},{"taxonomy":"post_tag","embeddable":true,"href":"https:\/\/arantv.az\/index.php?rest_route=%2Fwp%2Fv2%2Ftags&post=122820"}],"curies":[{"name":"wp","href":"https:\/\/api.w.org\/{rel}","templated":true}]}}