{"id":122849,"date":"2020-01-25T11:58:20","date_gmt":"2020-01-25T08:58:20","guid":{"rendered":"http:\/\/arantv.az\/?p=122849"},"modified":"2020-01-25T11:58:20","modified_gmt":"2020-01-25T08:58:20","slug":"rusiyanin-bu-bazarinda-guclu-yangin-oldu-video","status":"publish","type":"post","link":"https:\/\/arantv.az\/?p=122849","title":{"rendered":"Rusiyan\u0131n bu bazar\u0131nda g\u00fccl\u00fc yan\u011f\u0131n oldu &#8211; V\u0130DEO"},"content":{"rendered":"<p>Vladivostokda yerl\u0259\u015f\u0259n \u0259rzaq bazar\u0131nda yan\u011f\u0131n hadis\u0259si ba\u015f verib.<\/p>\n<p>REN TV \u00f6lk\u0259nin F\u00f6vq\u0259lad\u0259 Hallar Nazirliyin\u0259 istinad\u0259n m\u0259lumat verir ki, yan\u011f\u0131n bazar\u0131n anbar\u0131nda meydana g\u0259lib.<\/p>\n<article class=\"news\">\n<div class=\"news-inner\">\n<p>Alov min kvadrat metr sah\u0259ni \u0259hat\u0259 edib.<\/p>\n<p>R\u0259smi m\u0259lumata \u0259sas\u0259n, yan\u011f\u0131n n\u0259tic\u0259sind\u0259 \u00f6l\u0259n v\u0259 x\u0259sar\u0259t alan olmay\u0131b.<\/p>\n<div><iframe loading=\"lazy\" src=\"https:\/\/ren.tv\/video\/embed\/652538#autoplay=1;\" width=\"560\" height=\"315\" frameborder=\"0\" allowfullscreen=\"allowfullscreen\" data-mce-fragment=\"1\"><\/iframe><\/div>\n<\/div>\n<\/article>\n<h2 class=\"news-share-title\"><\/h2>\n","protected":false},"excerpt":{"rendered":"<p>Vladivostokda yerl\u0259\u015f\u0259n \u0259rzaq bazar\u0131nda yan\u011f\u0131n hadis\u0259si ba\u015f verib. REN TV \u00f6lk\u0259nin F\u00f6vq\u0259lad\u0259 Hallar Nazirliyin\u0259 istinad\u0259n m\u0259lumat verir ki, yan\u011f\u0131n bazar\u0131n anbar\u0131nda meydana g\u0259lib. Alov min kvadrat metr sah\u0259ni \u0259hat\u0259 edib. R\u0259smi m\u0259lumata \u0259sas\u0259n, yan\u011f\u0131n n\u0259tic\u0259sind\u0259 \u00f6l\u0259n v\u0259 x\u0259sar\u0259t alan olmay\u0131b.<\/p>\n","protected":false},"author":2,"featured_media":122850,"comment_status":"closed","ping_status":"closed","sticky":false,"template":"","format":"standard","meta":{"om_disable_all_campaigns":false,"_monsterinsights_skip_tracking":false,"_monsterinsights_sitenote_active":false,"_monsterinsights_sitenote_note":"","_monsterinsights_sitenote_category":0},"categories":[7],"tags":[],"aioseo_notices":[],"gutentor_comment":0,"rttpg_featured_image_url":{"full":["https:\/\/arantv.az\/wp-content\/uploads\/2020\/01\/7833d33b77f2b785a2784c64b46f8a5d7d15724b.jpg",620,349,false],"landscape":["https:\/\/arantv.az\/wp-content\/uploads\/2020\/01\/7833d33b77f2b785a2784c64b46f8a5d7d15724b.jpg",620,349,false],"portraits":["https:\/\/arantv.az\/wp-content\/uploads\/2020\/01\/7833d33b77f2b785a2784c64b46f8a5d7d15724b.jpg",620,349,false],"thumbnail":["https:\/\/arantv.az\/wp-content\/uploads\/2020\/01\/7833d33b77f2b785a2784c64b46f8a5d7d15724b-150x150.jpg",150,150,true],"medium":["https:\/\/arantv.az\/wp-content\/uploads\/2020\/01\/7833d33b77f2b785a2784c64b46f8a5d7d15724b-300x169.jpg",300,169,true],"large":["https:\/\/arantv.az\/wp-content\/uploads\/2020\/01\/7833d33b77f2b785a2784c64b46f8a5d7d15724b.jpg",620,349,false],"1536x1536":["https:\/\/arantv.az\/wp-content\/uploads\/2020\/01\/7833d33b77f2b785a2784c64b46f8a5d7d15724b.jpg",620,349,false],"2048x2048":["https:\/\/arantv.az\/wp-content\/uploads\/2020\/01\/7833d33b77f2b785a2784c64b46f8a5d7d15724b.jpg",620,349,false],"post-thumbnail":["https:\/\/arantv.az\/wp-content\/uploads\/2020\/01\/7833d33b77f2b785a2784c64b46f8a5d7d15724b-240x172.jpg",240,172,true],"advps-thumb-one":["https:\/\/arantv.az\/wp-content\/uploads\/2020\/01\/7833d33b77f2b785a2784c64b46f8a5d7d15724b.jpg",620,349,false]},"rttpg_author":{"display_name":"V\u00fcsal Rafiqo\u011flu","author_link":"https:\/\/arantv.az\/?author=2"},"rttpg_comment":0,"rttpg_category":"<a href=\"https:\/\/arantv.az\/?cat=7\" rel=\"category\">D\u00fcnya<\/a>","rttpg_excerpt":"Vladivostokda yerl\u0259\u015f\u0259n \u0259rzaq bazar\u0131nda yan\u011f\u0131n hadis\u0259si ba\u015f verib. REN TV \u00f6lk\u0259nin F\u00f6vq\u0259lad\u0259 Hallar Nazirliyin\u0259 istinad\u0259n m\u0259lumat verir ki, yan\u011f\u0131n bazar\u0131n anbar\u0131nda meydana g\u0259lib. Alov min kvadrat metr sah\u0259ni \u0259hat\u0259 edib. R\u0259smi m\u0259lumata \u0259sas\u0259n, yan\u011f\u0131n n\u0259tic\u0259sind\u0259 \u00f6l\u0259n v\u0259 x\u0259sar\u0259t alan olmay\u0131b.","_links":{"self":[{"href":"https:\/\/arantv.az\/index.php?rest_route=\/wp\/v2\/posts\/122849"}],"collection":[{"href":"https:\/\/arantv.az\/index.php?rest_route=\/wp\/v2\/posts"}],"about":[{"href":"https:\/\/arantv.az\/index.php?rest_route=\/wp\/v2\/types\/post"}],"author":[{"embeddable":true,"href":"https:\/\/arantv.az\/index.php?rest_route=\/wp\/v2\/users\/2"}],"replies":[{"embeddable":true,"href":"https:\/\/arantv.az\/index.php?rest_route=%2Fwp%2Fv2%2Fcomments&post=122849"}],"version-history":[{"count":0,"href":"https:\/\/arantv.az\/index.php?rest_route=\/wp\/v2\/posts\/122849\/revisions"}],"wp:featuredmedia":[{"embeddable":true,"href":"https:\/\/arantv.az\/index.php?rest_route=\/wp\/v2\/media\/122850"}],"wp:attachment":[{"href":"https:\/\/arantv.az\/index.php?rest_route=%2Fwp%2Fv2%2Fmedia&parent=122849"}],"wp:term":[{"taxonomy":"category","embeddable":true,"href":"https:\/\/arantv.az\/index.php?rest_route=%2Fwp%2Fv2%2Fcategories&post=122849"},{"taxonomy":"post_tag","embeddable":true,"href":"https:\/\/arantv.az\/index.php?rest_route=%2Fwp%2Fv2%2Ftags&post=122849"}],"curies":[{"name":"wp","href":"https:\/\/api.w.org\/{rel}","templated":true}]}}