{"id":122872,"date":"2020-01-25T13:12:14","date_gmt":"2020-01-25T10:12:14","guid":{"rendered":"http:\/\/arantv.az\/?p=122872"},"modified":"2020-01-25T13:12:14","modified_gmt":"2020-01-25T10:12:14","slug":"bir-evd%c9%99n-uc-usagin-meyiti-tapildi","status":"publish","type":"post","link":"https:\/\/arantv.az\/?p=122872","title":{"rendered":"Bir evd\u0259n \u00fc\u00e7 u\u015fa\u011f\u0131n meyiti tap\u0131ld\u0131"},"content":{"rendered":"<p>\u0130rlandiyan\u0131n paytaxt\u0131 Dublind\u0259 bir evd\u0259 \u00fc\u00e7 u\u015faq \u00f6l\u00fc v\u0259ziyy\u0259td\u0259 tap\u0131l\u0131b.<\/p>\n<p>\u201cDaily Mail\u201d n\u0259\u015fri x\u0259b\u0259r verir ki, tap\u0131lan iki o\u011flan v\u0259 bir q\u0131z u\u015fa\u011f\u0131n\u0131n \u00f6l\u00fcm s\u0259b\u0259bi m\u0259lum deyil.<\/p>\n<p>Hadis\u0259 Dublinin Nyukasl q\u0259s\u0259b\u0259sind\u0259 ba\u015f verib. Yerli sakinl\u0259r ax\u015fam vaxt\u0131 k\u00fc\u00e7\u0259d\u0259 m\u00fc\u0259mmal\u0131 h\u0259r\u0259k\u0259tl\u0259r ed\u0259n qad\u0131n\u0131n g\u0259zdiyini m\u00fc\u015fahid\u0259 edibl\u0259r. O, \u0259trafda olan \u015f\u0259xsl\u0259r\u0259 evind\u0259 n\u0259l\u0259rins\u0259 ba\u015f verdiyini deyib.<\/p>\n<p>M\u0259nzil\u0259 yollanan polisl\u0259r d\u00f6rd, s\u0259kkiz v\u0259 10 ya\u015f\u0131nda olan u\u015faqlar\u0131n meyitl\u0259rini a\u015fkar edibl\u0259r. Ehtimal olunur ki, u\u015faqlar z\u0259h\u0259rl\u0259n\u0259r\u0259k \u00f6l\u00fcbl\u0259r.<\/p>\n<p>40 ya\u015fl\u0131 qad\u0131n x\u0259st\u0259xanaya \u00e7atd\u0131r\u0131l\u0131b. Onun polis\u0259 hans\u0131 ifad\u0259 verm\u0259si haqq\u0131nda m\u0259lumat yoxdur.<\/p>\n","protected":false},"excerpt":{"rendered":"<p>\u0130rlandiyan\u0131n paytaxt\u0131 Dublind\u0259 bir evd\u0259 \u00fc\u00e7 u\u015faq \u00f6l\u00fc v\u0259ziyy\u0259td\u0259 tap\u0131l\u0131b. \u201cDaily Mail\u201d n\u0259\u015fri x\u0259b\u0259r verir ki, tap\u0131lan iki o\u011flan v\u0259 bir q\u0131z u\u015fa\u011f\u0131n\u0131n \u00f6l\u00fcm s\u0259b\u0259bi m\u0259lum deyil. Hadis\u0259 Dublinin Nyukasl q\u0259s\u0259b\u0259sind\u0259 ba\u015f verib. Yerli sakinl\u0259r ax\u015fam vaxt\u0131 k\u00fc\u00e7\u0259d\u0259 m\u00fc\u0259mmal\u0131 h\u0259r\u0259k\u0259tl\u0259r ed\u0259n qad\u0131n\u0131n g\u0259zdiyini m\u00fc\u015fahid\u0259 edibl\u0259r. O, \u0259trafda olan \u015f\u0259xsl\u0259r\u0259 evind\u0259 n\u0259l\u0259rins\u0259 ba\u015f verdiyini deyib. M\u0259nzil\u0259 yollanan polisl\u0259r d\u00f6rd, s\u0259kkiz v\u0259 10 ya\u015f\u0131nda olan u\u015faqlar\u0131n meyitl\u0259rini a\u015fkar edibl\u0259r. Ehtimal olunur ki, u\u015faqlar z\u0259h\u0259rl\u0259n\u0259r\u0259k \u00f6l\u00fcbl\u0259r. 40 ya\u015fl\u0131 qad\u0131n x\u0259st\u0259xanaya \u00e7atd\u0131r\u0131l\u0131b. Onun polis\u0259 hans\u0131 ifad\u0259 verm\u0259si haqq\u0131nda m\u0259lumat yoxdur.<\/p>\n","protected":false},"author":2,"featured_media":122873,"comment_status":"closed","ping_status":"closed","sticky":false,"template":"","format":"standard","meta":{"om_disable_all_campaigns":false,"_monsterinsights_skip_tracking":false,"_monsterinsights_sitenote_active":false,"_monsterinsights_sitenote_note":"","_monsterinsights_sitenote_category":0},"categories":[7],"tags":[],"aioseo_notices":[],"gutentor_comment":0,"rttpg_featured_image_url":{"full":["https:\/\/arantv.az\/wp-content\/uploads\/2020\/01\/as1.jpg",620,382,false],"landscape":["https:\/\/arantv.az\/wp-content\/uploads\/2020\/01\/as1.jpg",620,382,false],"portraits":["https:\/\/arantv.az\/wp-content\/uploads\/2020\/01\/as1.jpg",620,382,false],"thumbnail":["https:\/\/arantv.az\/wp-content\/uploads\/2020\/01\/as1-150x150.jpg",150,150,true],"medium":["https:\/\/arantv.az\/wp-content\/uploads\/2020\/01\/as1-300x185.jpg",300,185,true],"large":["https:\/\/arantv.az\/wp-content\/uploads\/2020\/01\/as1.jpg",620,382,false],"1536x1536":["https:\/\/arantv.az\/wp-content\/uploads\/2020\/01\/as1.jpg",620,382,false],"2048x2048":["https:\/\/arantv.az\/wp-content\/uploads\/2020\/01\/as1.jpg",620,382,false],"post-thumbnail":["https:\/\/arantv.az\/wp-content\/uploads\/2020\/01\/as1-240x172.jpg",240,172,true],"advps-thumb-one":["https:\/\/arantv.az\/wp-content\/uploads\/2020\/01\/as1.jpg",620,382,false]},"rttpg_author":{"display_name":"V\u00fcsal Rafiqo\u011flu","author_link":"https:\/\/arantv.az\/?author=2"},"rttpg_comment":0,"rttpg_category":"<a href=\"https:\/\/arantv.az\/?cat=7\" rel=\"category\">D\u00fcnya<\/a>","rttpg_excerpt":"\u0130rlandiyan\u0131n paytaxt\u0131 Dublind\u0259 bir evd\u0259 \u00fc\u00e7 u\u015faq \u00f6l\u00fc v\u0259ziyy\u0259td\u0259 tap\u0131l\u0131b. \u201cDaily Mail\u201d n\u0259\u015fri x\u0259b\u0259r verir ki, tap\u0131lan iki o\u011flan v\u0259 bir q\u0131z u\u015fa\u011f\u0131n\u0131n \u00f6l\u00fcm s\u0259b\u0259bi m\u0259lum deyil. Hadis\u0259 Dublinin Nyukasl q\u0259s\u0259b\u0259sind\u0259 ba\u015f verib. Yerli sakinl\u0259r ax\u015fam vaxt\u0131 k\u00fc\u00e7\u0259d\u0259 m\u00fc\u0259mmal\u0131 h\u0259r\u0259k\u0259tl\u0259r ed\u0259n qad\u0131n\u0131n g\u0259zdiyini m\u00fc\u015fahid\u0259 edibl\u0259r. O, \u0259trafda olan \u015f\u0259xsl\u0259r\u0259 evind\u0259 n\u0259l\u0259rins\u0259 ba\u015f verdiyini deyib. M\u0259nzil\u0259&hellip;","_links":{"self":[{"href":"https:\/\/arantv.az\/index.php?rest_route=\/wp\/v2\/posts\/122872"}],"collection":[{"href":"https:\/\/arantv.az\/index.php?rest_route=\/wp\/v2\/posts"}],"about":[{"href":"https:\/\/arantv.az\/index.php?rest_route=\/wp\/v2\/types\/post"}],"author":[{"embeddable":true,"href":"https:\/\/arantv.az\/index.php?rest_route=\/wp\/v2\/users\/2"}],"replies":[{"embeddable":true,"href":"https:\/\/arantv.az\/index.php?rest_route=%2Fwp%2Fv2%2Fcomments&post=122872"}],"version-history":[{"count":0,"href":"https:\/\/arantv.az\/index.php?rest_route=\/wp\/v2\/posts\/122872\/revisions"}],"wp:featuredmedia":[{"embeddable":true,"href":"https:\/\/arantv.az\/index.php?rest_route=\/wp\/v2\/media\/122873"}],"wp:attachment":[{"href":"https:\/\/arantv.az\/index.php?rest_route=%2Fwp%2Fv2%2Fmedia&parent=122872"}],"wp:term":[{"taxonomy":"category","embeddable":true,"href":"https:\/\/arantv.az\/index.php?rest_route=%2Fwp%2Fv2%2Fcategories&post=122872"},{"taxonomy":"post_tag","embeddable":true,"href":"https:\/\/arantv.az\/index.php?rest_route=%2Fwp%2Fv2%2Ftags&post=122872"}],"curies":[{"name":"wp","href":"https:\/\/api.w.org\/{rel}","templated":true}]}}