{"id":122878,"date":"2020-01-25T13:13:10","date_gmt":"2020-01-25T10:13:10","guid":{"rendered":"http:\/\/arantv.az\/?p=122878"},"modified":"2020-01-25T13:13:10","modified_gmt":"2020-01-25T10:13:10","slug":"cavad-z%c9%99rif-t%c9%99yyar%c9%99ni-vuran-s%c9%99xs-h%c9%99bsd%c9%99dir","status":"publish","type":"post","link":"https:\/\/arantv.az\/?p=122878","title":{"rendered":"Cavad Z\u0259rif: T\u0259yyar\u0259ni vuran \u015f\u0259xs h\u0259bsd\u0259dir"},"content":{"rendered":"<p>\u0130randa Ukrayna Beyn\u0259lxalq Hava Yollar\u0131na m\u0259xsus t\u0259yyar\u0259ni vuran \u015f\u0259xs h\u0259bsd\u0259dir.<\/p>\n<p>TASS-\u0131n m\u0259lumat\u0131na g\u00f6r\u0259,\u00a0\u0130ran\u0131n Xarici \u0130\u015fl\u0259r naziri M\u0259h\u0259mm\u0259d Cavad Z\u0259rif bu bar\u0259d\u0259 a\u00e7\u0131qlama verib.<\/p>\n<p>\u201c\u0130randa Ukrayna t\u0259yyar\u0259sini s\u0259hv\u0259n vuran \u015f\u0259xs bu g\u00fcn h\u0259bsd\u0259dir\u201d, &#8211; dey\u0259 o\u00a0bildirib. S\u00f6hb\u0259tin m\u0259hz kimd\u0259n getdiyini is\u0259 nazir a\u00e7\u0131qlamay\u0131b.<\/p>\n<p>Xat\u0131rladaq ki, yanvar\u0131n 8-d\u0259 MAU aiva\u015firk\u0259tin\u0259 m\u0259xsus \u201cBoeing 737-800\u201d t\u0259yyar\u0259si Tehranda q\u0259zaya u\u011fram\u0131\u015fd\u0131. Hadis\u0259 n\u0259tic\u0259sind\u0259 176 n\u0259f\u0259r h\u0259yat\u0131n\u0131 itirib. Yanvar\u0131n 11-d\u0259 \u0130ran t\u0259yyar\u0259nin \u201cs\u0259hv\u0259n\u201d vuruldu\u011funu etiraf etdi. \u201cThe New York Times\u201d t\u0259yyar\u0259nin iki raketl\u0259 vuruldu\u011funu bildirib. Yanvar\u0131n 14-d\u0259 t\u0259yyar\u0259nin vurulmas\u0131nda \u0259li olan ilk \u015f\u0259xsl\u0259r h\u0259bs edilib.<\/p>\n","protected":false},"excerpt":{"rendered":"<p>\u0130randa Ukrayna Beyn\u0259lxalq Hava Yollar\u0131na m\u0259xsus t\u0259yyar\u0259ni vuran \u015f\u0259xs h\u0259bsd\u0259dir. TASS-\u0131n m\u0259lumat\u0131na g\u00f6r\u0259,\u00a0\u0130ran\u0131n Xarici \u0130\u015fl\u0259r naziri M\u0259h\u0259mm\u0259d Cavad Z\u0259rif bu bar\u0259d\u0259 a\u00e7\u0131qlama verib. \u201c\u0130randa Ukrayna t\u0259yyar\u0259sini s\u0259hv\u0259n vuran \u015f\u0259xs bu g\u00fcn h\u0259bsd\u0259dir\u201d, &#8211; dey\u0259 o\u00a0bildirib. S\u00f6hb\u0259tin m\u0259hz kimd\u0259n getdiyini is\u0259 nazir a\u00e7\u0131qlamay\u0131b. Xat\u0131rladaq ki, yanvar\u0131n 8-d\u0259 MAU aiva\u015firk\u0259tin\u0259 m\u0259xsus \u201cBoeing 737-800\u201d t\u0259yyar\u0259si Tehranda q\u0259zaya u\u011fram\u0131\u015fd\u0131. Hadis\u0259 n\u0259tic\u0259sind\u0259 176 n\u0259f\u0259r h\u0259yat\u0131n\u0131 itirib. Yanvar\u0131n 11-d\u0259 \u0130ran t\u0259yyar\u0259nin \u201cs\u0259hv\u0259n\u201d vuruldu\u011funu etiraf etdi. \u201cThe New York Times\u201d t\u0259yyar\u0259nin iki raketl\u0259 vuruldu\u011funu bildirib. Yanvar\u0131n 14-d\u0259 t\u0259yyar\u0259nin vurulmas\u0131nda \u0259li olan ilk \u015f\u0259xsl\u0259r h\u0259bs edilib.<\/p>\n","protected":false},"author":2,"featured_media":122879,"comment_status":"closed","ping_status":"closed","sticky":false,"template":"","format":"standard","meta":{"om_disable_all_campaigns":false,"_monsterinsights_skip_tracking":false,"_monsterinsights_sitenote_active":false,"_monsterinsights_sitenote_note":"","_monsterinsights_sitenote_category":0},"categories":[7],"tags":[],"aioseo_notices":[],"gutentor_comment":0,"rttpg_featured_image_url":{"full":["https:\/\/arantv.az\/wp-content\/uploads\/2020\/01\/reuters_russia_iran_Javad-Zarif_02Sept19.jpg",620,376,false],"landscape":["https:\/\/arantv.az\/wp-content\/uploads\/2020\/01\/reuters_russia_iran_Javad-Zarif_02Sept19.jpg",620,376,false],"portraits":["https:\/\/arantv.az\/wp-content\/uploads\/2020\/01\/reuters_russia_iran_Javad-Zarif_02Sept19.jpg",620,376,false],"thumbnail":["https:\/\/arantv.az\/wp-content\/uploads\/2020\/01\/reuters_russia_iran_Javad-Zarif_02Sept19-150x150.jpg",150,150,true],"medium":["https:\/\/arantv.az\/wp-content\/uploads\/2020\/01\/reuters_russia_iran_Javad-Zarif_02Sept19-300x182.jpg",300,182,true],"large":["https:\/\/arantv.az\/wp-content\/uploads\/2020\/01\/reuters_russia_iran_Javad-Zarif_02Sept19.jpg",620,376,false],"1536x1536":["https:\/\/arantv.az\/wp-content\/uploads\/2020\/01\/reuters_russia_iran_Javad-Zarif_02Sept19.jpg",620,376,false],"2048x2048":["https:\/\/arantv.az\/wp-content\/uploads\/2020\/01\/reuters_russia_iran_Javad-Zarif_02Sept19.jpg",620,376,false],"post-thumbnail":["https:\/\/arantv.az\/wp-content\/uploads\/2020\/01\/reuters_russia_iran_Javad-Zarif_02Sept19-240x172.jpg",240,172,true],"advps-thumb-one":["https:\/\/arantv.az\/wp-content\/uploads\/2020\/01\/reuters_russia_iran_Javad-Zarif_02Sept19.jpg",620,376,false]},"rttpg_author":{"display_name":"V\u00fcsal Rafiqo\u011flu","author_link":"https:\/\/arantv.az\/?author=2"},"rttpg_comment":0,"rttpg_category":"<a href=\"https:\/\/arantv.az\/?cat=7\" rel=\"category\">D\u00fcnya<\/a>","rttpg_excerpt":"\u0130randa Ukrayna Beyn\u0259lxalq Hava Yollar\u0131na m\u0259xsus t\u0259yyar\u0259ni vuran \u015f\u0259xs h\u0259bsd\u0259dir. TASS-\u0131n m\u0259lumat\u0131na g\u00f6r\u0259,\u00a0\u0130ran\u0131n Xarici \u0130\u015fl\u0259r naziri M\u0259h\u0259mm\u0259d Cavad Z\u0259rif bu bar\u0259d\u0259 a\u00e7\u0131qlama verib. \u201c\u0130randa Ukrayna t\u0259yyar\u0259sini s\u0259hv\u0259n vuran \u015f\u0259xs bu g\u00fcn h\u0259bsd\u0259dir\u201d, &#8211; dey\u0259 o\u00a0bildirib. S\u00f6hb\u0259tin m\u0259hz kimd\u0259n getdiyini is\u0259 nazir a\u00e7\u0131qlamay\u0131b. Xat\u0131rladaq ki, yanvar\u0131n 8-d\u0259 MAU aiva\u015firk\u0259tin\u0259 m\u0259xsus \u201cBoeing 737-800\u201d t\u0259yyar\u0259si Tehranda q\u0259zaya u\u011fram\u0131\u015fd\u0131.&hellip;","_links":{"self":[{"href":"https:\/\/arantv.az\/index.php?rest_route=\/wp\/v2\/posts\/122878"}],"collection":[{"href":"https:\/\/arantv.az\/index.php?rest_route=\/wp\/v2\/posts"}],"about":[{"href":"https:\/\/arantv.az\/index.php?rest_route=\/wp\/v2\/types\/post"}],"author":[{"embeddable":true,"href":"https:\/\/arantv.az\/index.php?rest_route=\/wp\/v2\/users\/2"}],"replies":[{"embeddable":true,"href":"https:\/\/arantv.az\/index.php?rest_route=%2Fwp%2Fv2%2Fcomments&post=122878"}],"version-history":[{"count":0,"href":"https:\/\/arantv.az\/index.php?rest_route=\/wp\/v2\/posts\/122878\/revisions"}],"wp:featuredmedia":[{"embeddable":true,"href":"https:\/\/arantv.az\/index.php?rest_route=\/wp\/v2\/media\/122879"}],"wp:attachment":[{"href":"https:\/\/arantv.az\/index.php?rest_route=%2Fwp%2Fv2%2Fmedia&parent=122878"}],"wp:term":[{"taxonomy":"category","embeddable":true,"href":"https:\/\/arantv.az\/index.php?rest_route=%2Fwp%2Fv2%2Fcategories&post=122878"},{"taxonomy":"post_tag","embeddable":true,"href":"https:\/\/arantv.az\/index.php?rest_route=%2Fwp%2Fv2%2Ftags&post=122878"}],"curies":[{"name":"wp","href":"https:\/\/api.w.org\/{rel}","templated":true}]}}