{"id":122886,"date":"2020-01-25T13:15:04","date_gmt":"2020-01-25T10:15:04","guid":{"rendered":"http:\/\/arantv.az\/?p=122886"},"modified":"2020-01-25T13:15:04","modified_gmt":"2020-01-25T10:15:04","slug":"turkiy%c9%99d%c9%99-bas-ver%c9%99n-z%c9%99lz%c9%99l%c9%99-f%c9%99l%c9%99stind%c9%99-bel%c9%99-hiss-edildi-video","status":"publish","type":"post","link":"https:\/\/arantv.az\/?p=122886","title":{"rendered":"T\u00fcrkiy\u0259d\u0259 ba\u015f ver\u0259n z\u0259lz\u0259l\u0259 F\u0259l\u0259stind\u0259 bel\u0259 hiss edildi &#8211; V\u0130DEO"},"content":{"rendered":"<p>T\u00fcrkiy\u0259nin Elaz\u0131\u011f vilay\u0259tind\u0259 meydana g\u0259l\u0259n d\u0259h\u015f\u0259tli z\u0259lz\u0259l\u0259 Yax\u0131n \u015e\u0259rq \u00f6lk\u0259l\u0259rind\u0259 d\u0259 hiss edilib.<\/p>\n<p>Bu bar\u0259d\u0259 \u201cHaberGlobal\u201d m\u0259lumat yay\u0131b.<\/p>\n<p>X\u0259b\u0259rd\u0259 bildirilir ki, z\u0259lz\u0259l\u0259 \u0259traf vilay\u0259tl\u0259rd\u0259n ba\u015fqa, Suriya, \u0130raq, G\u00fcrc\u00fcstan v\u0259 Livanda hiss olunub.\u00a0F\u0259l\u0259stinin \u015fimal v\u0259 m\u0259rk\u0259zi b\u00f6lg\u0259l\u0259rind\u0259 is\u0259 ba\u015f ver\u0259n t\u0259kanlara g\u00f6r\u0259 sakinl\u0259r k\u00fc\u00e7\u0259y\u0259 ax\u0131\u015f\u0131blar.<\/p>\n<div><iframe loading=\"lazy\" src=\"https:\/\/player.baku.tv\/embed\/13438\" width=\"560\" height=\"315\" frameborder=\"0\" allowfullscreen=\"allowfullscreen\" data-mce-fragment=\"1\"><\/iframe><\/div>\n<p>Xat\u0131rladaq ki, d\u00fcn\u0259n T\u00fcrkiy\u0259nin Elaz\u0131\u011f v\u0259 Malatya vilay\u0259tl\u0259rind\u0259 g\u00fccl\u00fc z\u0259lz\u0259l\u0259 ba\u015f verib. 6,8 bal g\u00fcc\u00fcnd\u0259 olan t\u0259kanlara g\u00f6r\u0259 Adana, Diyarbak\u0131r, Qaziantep \u015f\u0259h\u0259rl\u0259rind\u0259 insanlar gec\u0259ni k\u00fc\u00e7\u0259l\u0259rd\u0259 ke\u00e7iribl\u0259r. T\u0259bii f\u0259lak\u0259t n\u0259tic\u0259sind\u0259 bir s\u0131ra ya\u015fay\u0131\u015f binas\u0131 u\u00e7ub. Da\u011f\u0131nt\u0131lar alt\u0131nda\u00a0qalan insanlar\u0131n \u00e7\u0131xar\u0131lmas\u0131 davam etdirilir.<\/p>\n<p>Son m\u0259lumatlara g\u00f6r\u0259, yeralt\u0131 t\u0259kanlar n\u0259tic\u0259sind\u0259 20 n\u0259f\u0259r h\u0259lak olub, yaral\u0131lar\u0131n say\u0131 is\u0259 1015-\u0259 y\u00fcks\u0259lib.<\/p>\n","protected":false},"excerpt":{"rendered":"<p>T\u00fcrkiy\u0259nin Elaz\u0131\u011f vilay\u0259tind\u0259 meydana g\u0259l\u0259n d\u0259h\u015f\u0259tli z\u0259lz\u0259l\u0259 Yax\u0131n \u015e\u0259rq \u00f6lk\u0259l\u0259rind\u0259 d\u0259 hiss edilib. Bu bar\u0259d\u0259 \u201cHaberGlobal\u201d m\u0259lumat yay\u0131b. X\u0259b\u0259rd\u0259 bildirilir ki, z\u0259lz\u0259l\u0259 \u0259traf vilay\u0259tl\u0259rd\u0259n ba\u015fqa, Suriya, \u0130raq, G\u00fcrc\u00fcstan v\u0259 Livanda hiss olunub.\u00a0F\u0259l\u0259stinin \u015fimal v\u0259 m\u0259rk\u0259zi b\u00f6lg\u0259l\u0259rind\u0259 is\u0259 ba\u015f ver\u0259n t\u0259kanlara g\u00f6r\u0259 sakinl\u0259r k\u00fc\u00e7\u0259y\u0259 ax\u0131\u015f\u0131blar. Xat\u0131rladaq ki, d\u00fcn\u0259n T\u00fcrkiy\u0259nin Elaz\u0131\u011f v\u0259 Malatya vilay\u0259tl\u0259rind\u0259 g\u00fccl\u00fc z\u0259lz\u0259l\u0259 ba\u015f verib. 6,8 bal g\u00fcc\u00fcnd\u0259 olan t\u0259kanlara g\u00f6r\u0259 Adana, Diyarbak\u0131r, Qaziantep \u015f\u0259h\u0259rl\u0259rind\u0259 insanlar gec\u0259ni k\u00fc\u00e7\u0259l\u0259rd\u0259 ke\u00e7iribl\u0259r. T\u0259bii f\u0259lak\u0259t n\u0259tic\u0259sind\u0259 bir s\u0131ra ya\u015fay\u0131\u015f binas\u0131 u\u00e7ub. Da\u011f\u0131nt\u0131lar alt\u0131nda\u00a0qalan insanlar\u0131n \u00e7\u0131xar\u0131lmas\u0131 davam etdirilir. Son m\u0259lumatlara g\u00f6r\u0259, yeralt\u0131 t\u0259kanlar n\u0259tic\u0259sind\u0259&hellip;<\/p>\n","protected":false},"author":2,"featured_media":122887,"comment_status":"closed","ping_status":"closed","sticky":false,"template":"","format":"standard","meta":{"om_disable_all_campaigns":false,"_monsterinsights_skip_tracking":false,"_monsterinsights_sitenote_active":false,"_monsterinsights_sitenote_note":"","_monsterinsights_sitenote_category":0},"categories":[7],"tags":[],"aioseo_notices":[],"gutentor_comment":0,"rttpg_featured_image_url":{"full":["https:\/\/arantv.az\/wp-content\/uploads\/2020\/01\/elazig-deprem.jpg",620,353,false],"landscape":["https:\/\/arantv.az\/wp-content\/uploads\/2020\/01\/elazig-deprem.jpg",620,353,false],"portraits":["https:\/\/arantv.az\/wp-content\/uploads\/2020\/01\/elazig-deprem.jpg",620,353,false],"thumbnail":["https:\/\/arantv.az\/wp-content\/uploads\/2020\/01\/elazig-deprem-150x150.jpg",150,150,true],"medium":["https:\/\/arantv.az\/wp-content\/uploads\/2020\/01\/elazig-deprem-300x171.jpg",300,171,true],"large":["https:\/\/arantv.az\/wp-content\/uploads\/2020\/01\/elazig-deprem.jpg",620,353,false],"1536x1536":["https:\/\/arantv.az\/wp-content\/uploads\/2020\/01\/elazig-deprem.jpg",620,353,false],"2048x2048":["https:\/\/arantv.az\/wp-content\/uploads\/2020\/01\/elazig-deprem.jpg",620,353,false],"post-thumbnail":["https:\/\/arantv.az\/wp-content\/uploads\/2020\/01\/elazig-deprem-240x172.jpg",240,172,true],"advps-thumb-one":["https:\/\/arantv.az\/wp-content\/uploads\/2020\/01\/elazig-deprem.jpg",620,353,false]},"rttpg_author":{"display_name":"V\u00fcsal Rafiqo\u011flu","author_link":"https:\/\/arantv.az\/?author=2"},"rttpg_comment":0,"rttpg_category":"<a href=\"https:\/\/arantv.az\/?cat=7\" rel=\"category\">D\u00fcnya<\/a>","rttpg_excerpt":"T\u00fcrkiy\u0259nin Elaz\u0131\u011f vilay\u0259tind\u0259 meydana g\u0259l\u0259n d\u0259h\u015f\u0259tli z\u0259lz\u0259l\u0259 Yax\u0131n \u015e\u0259rq \u00f6lk\u0259l\u0259rind\u0259 d\u0259 hiss edilib. Bu bar\u0259d\u0259 \u201cHaberGlobal\u201d m\u0259lumat yay\u0131b. X\u0259b\u0259rd\u0259 bildirilir ki, z\u0259lz\u0259l\u0259 \u0259traf vilay\u0259tl\u0259rd\u0259n ba\u015fqa, Suriya, \u0130raq, G\u00fcrc\u00fcstan v\u0259 Livanda hiss olunub.\u00a0F\u0259l\u0259stinin \u015fimal v\u0259 m\u0259rk\u0259zi b\u00f6lg\u0259l\u0259rind\u0259 is\u0259 ba\u015f ver\u0259n t\u0259kanlara g\u00f6r\u0259 sakinl\u0259r k\u00fc\u00e7\u0259y\u0259 ax\u0131\u015f\u0131blar. Xat\u0131rladaq ki, d\u00fcn\u0259n T\u00fcrkiy\u0259nin Elaz\u0131\u011f v\u0259 Malatya vilay\u0259tl\u0259rind\u0259 g\u00fccl\u00fc z\u0259lz\u0259l\u0259 ba\u015f&hellip;","_links":{"self":[{"href":"https:\/\/arantv.az\/index.php?rest_route=\/wp\/v2\/posts\/122886"}],"collection":[{"href":"https:\/\/arantv.az\/index.php?rest_route=\/wp\/v2\/posts"}],"about":[{"href":"https:\/\/arantv.az\/index.php?rest_route=\/wp\/v2\/types\/post"}],"author":[{"embeddable":true,"href":"https:\/\/arantv.az\/index.php?rest_route=\/wp\/v2\/users\/2"}],"replies":[{"embeddable":true,"href":"https:\/\/arantv.az\/index.php?rest_route=%2Fwp%2Fv2%2Fcomments&post=122886"}],"version-history":[{"count":0,"href":"https:\/\/arantv.az\/index.php?rest_route=\/wp\/v2\/posts\/122886\/revisions"}],"wp:featuredmedia":[{"embeddable":true,"href":"https:\/\/arantv.az\/index.php?rest_route=\/wp\/v2\/media\/122887"}],"wp:attachment":[{"href":"https:\/\/arantv.az\/index.php?rest_route=%2Fwp%2Fv2%2Fmedia&parent=122886"}],"wp:term":[{"taxonomy":"category","embeddable":true,"href":"https:\/\/arantv.az\/index.php?rest_route=%2Fwp%2Fv2%2Fcategories&post=122886"},{"taxonomy":"post_tag","embeddable":true,"href":"https:\/\/arantv.az\/index.php?rest_route=%2Fwp%2Fv2%2Ftags&post=122886"}],"curies":[{"name":"wp","href":"https:\/\/api.w.org\/{rel}","templated":true}]}}