{"id":122894,"date":"2020-01-25T13:16:26","date_gmt":"2020-01-25T10:16:26","guid":{"rendered":"http:\/\/arantv.az\/?p=122894"},"modified":"2020-01-25T13:16:26","modified_gmt":"2020-01-25T10:16:26","slug":"az%c9%99rbaycan-r%c9%99smil%c9%99ri-turkiy%c9%99y%c9%99-yardim-ucun-danisiqlar-aparirlar","status":"publish","type":"post","link":"https:\/\/arantv.az\/?p=122894","title":{"rendered":"Az\u0259rbaycan r\u0259smil\u0259ri T\u00fcrkiy\u0259y\u0259 yard\u0131m \u00fc\u00e7\u00fcn dan\u0131\u015f\u0131qlar apar\u0131rlar"},"content":{"rendered":"<p>T\u00fcrkiy\u0259d\u0259 &#8211; Elaz\u0131\u011f v\u0259 Malatyada ba\u015f vermi\u015f z\u0259lz\u0259l\u0259 il\u0259 \u0259laq\u0259dar yard\u0131m g\u00f6st\u0259rilm\u0259si v\u0259 texniki probleml\u0259rin h\u0259ll etm\u0259k \u00fc\u00e7\u00fcn Az\u0259rbaycan r\u0259smil\u0259ri T\u00fcrkiy\u0259d\u0259n olan h\u0259mkarlar\u0131 il\u0259 dan\u0131\u015f\u0131qlar apar\u0131rlar.<\/p>\n<p>Bu bar\u0259d\u0259 Oxu.Az-a Az\u0259rbaycan\u0131n Nazirl\u0259r Kabinetind\u0259n m\u0259lumat verilib.<\/p>\n<p>Qeyd olunub ki, m\u0259sl\u0259h\u0259tl\u0259\u015fm\u0259l\u0259r m\u00fcxt\u0259lif s\u0259viyy\u0259l\u0259rd\u0259, h\u0259m T\u00fcrkiy\u0259nin Az\u0259rbaycandak\u0131 s\u0259firliyi vasit\u0259sil\u0259, h\u0259m d\u0259 birba\u015fa apar\u0131l\u0131r.<\/p>\n","protected":false},"excerpt":{"rendered":"<p>T\u00fcrkiy\u0259d\u0259 &#8211; Elaz\u0131\u011f v\u0259 Malatyada ba\u015f vermi\u015f z\u0259lz\u0259l\u0259 il\u0259 \u0259laq\u0259dar yard\u0131m g\u00f6st\u0259rilm\u0259si v\u0259 texniki probleml\u0259rin h\u0259ll etm\u0259k \u00fc\u00e7\u00fcn Az\u0259rbaycan r\u0259smil\u0259ri T\u00fcrkiy\u0259d\u0259n olan h\u0259mkarlar\u0131 il\u0259 dan\u0131\u015f\u0131qlar apar\u0131rlar. Bu bar\u0259d\u0259 Oxu.Az-a Az\u0259rbaycan\u0131n Nazirl\u0259r Kabinetind\u0259n m\u0259lumat verilib. Qeyd olunub ki, m\u0259sl\u0259h\u0259tl\u0259\u015fm\u0259l\u0259r m\u00fcxt\u0259lif s\u0259viyy\u0259l\u0259rd\u0259, h\u0259m T\u00fcrkiy\u0259nin Az\u0259rbaycandak\u0131 s\u0259firliyi vasit\u0259sil\u0259, h\u0259m d\u0259 birba\u015fa apar\u0131l\u0131r.<\/p>\n","protected":false},"author":2,"featured_media":122895,"comment_status":"closed","ping_status":"closed","sticky":false,"template":"","format":"standard","meta":{"om_disable_all_campaigns":false,"_monsterinsights_skip_tracking":false,"_monsterinsights_sitenote_active":false,"_monsterinsights_sitenote_note":"","_monsterinsights_sitenote_category":0},"categories":[1],"tags":[],"aioseo_notices":[],"gutentor_comment":0,"rttpg_featured_image_url":{"full":["https:\/\/arantv.az\/wp-content\/uploads\/2020\/01\/elazigda-68-buyuklugunde-133_2-41.jpg",620,349,false],"landscape":["https:\/\/arantv.az\/wp-content\/uploads\/2020\/01\/elazigda-68-buyuklugunde-133_2-41.jpg",620,349,false],"portraits":["https:\/\/arantv.az\/wp-content\/uploads\/2020\/01\/elazigda-68-buyuklugunde-133_2-41.jpg",620,349,false],"thumbnail":["https:\/\/arantv.az\/wp-content\/uploads\/2020\/01\/elazigda-68-buyuklugunde-133_2-41-150x150.jpg",150,150,true],"medium":["https:\/\/arantv.az\/wp-content\/uploads\/2020\/01\/elazigda-68-buyuklugunde-133_2-41-300x169.jpg",300,169,true],"large":["https:\/\/arantv.az\/wp-content\/uploads\/2020\/01\/elazigda-68-buyuklugunde-133_2-41.jpg",620,349,false],"1536x1536":["https:\/\/arantv.az\/wp-content\/uploads\/2020\/01\/elazigda-68-buyuklugunde-133_2-41.jpg",620,349,false],"2048x2048":["https:\/\/arantv.az\/wp-content\/uploads\/2020\/01\/elazigda-68-buyuklugunde-133_2-41.jpg",620,349,false],"post-thumbnail":["https:\/\/arantv.az\/wp-content\/uploads\/2020\/01\/elazigda-68-buyuklugunde-133_2-41-240x172.jpg",240,172,true],"advps-thumb-one":["https:\/\/arantv.az\/wp-content\/uploads\/2020\/01\/elazigda-68-buyuklugunde-133_2-41.jpg",620,349,false]},"rttpg_author":{"display_name":"V\u00fcsal Rafiqo\u011flu","author_link":"https:\/\/arantv.az\/?author=2"},"rttpg_comment":0,"rttpg_category":"<a href=\"https:\/\/arantv.az\/?cat=1\" rel=\"category\">C\u0259miyy\u0259t<\/a>","rttpg_excerpt":"T\u00fcrkiy\u0259d\u0259 &#8211; Elaz\u0131\u011f v\u0259 Malatyada ba\u015f vermi\u015f z\u0259lz\u0259l\u0259 il\u0259 \u0259laq\u0259dar yard\u0131m g\u00f6st\u0259rilm\u0259si v\u0259 texniki probleml\u0259rin h\u0259ll etm\u0259k \u00fc\u00e7\u00fcn Az\u0259rbaycan r\u0259smil\u0259ri T\u00fcrkiy\u0259d\u0259n olan h\u0259mkarlar\u0131 il\u0259 dan\u0131\u015f\u0131qlar apar\u0131rlar. Bu bar\u0259d\u0259 Oxu.Az-a Az\u0259rbaycan\u0131n Nazirl\u0259r Kabinetind\u0259n m\u0259lumat verilib. Qeyd olunub ki, m\u0259sl\u0259h\u0259tl\u0259\u015fm\u0259l\u0259r m\u00fcxt\u0259lif s\u0259viyy\u0259l\u0259rd\u0259, h\u0259m T\u00fcrkiy\u0259nin Az\u0259rbaycandak\u0131 s\u0259firliyi vasit\u0259sil\u0259, h\u0259m d\u0259 birba\u015fa apar\u0131l\u0131r.","_links":{"self":[{"href":"https:\/\/arantv.az\/index.php?rest_route=\/wp\/v2\/posts\/122894"}],"collection":[{"href":"https:\/\/arantv.az\/index.php?rest_route=\/wp\/v2\/posts"}],"about":[{"href":"https:\/\/arantv.az\/index.php?rest_route=\/wp\/v2\/types\/post"}],"author":[{"embeddable":true,"href":"https:\/\/arantv.az\/index.php?rest_route=\/wp\/v2\/users\/2"}],"replies":[{"embeddable":true,"href":"https:\/\/arantv.az\/index.php?rest_route=%2Fwp%2Fv2%2Fcomments&post=122894"}],"version-history":[{"count":0,"href":"https:\/\/arantv.az\/index.php?rest_route=\/wp\/v2\/posts\/122894\/revisions"}],"wp:featuredmedia":[{"embeddable":true,"href":"https:\/\/arantv.az\/index.php?rest_route=\/wp\/v2\/media\/122895"}],"wp:attachment":[{"href":"https:\/\/arantv.az\/index.php?rest_route=%2Fwp%2Fv2%2Fmedia&parent=122894"}],"wp:term":[{"taxonomy":"category","embeddable":true,"href":"https:\/\/arantv.az\/index.php?rest_route=%2Fwp%2Fv2%2Fcategories&post=122894"},{"taxonomy":"post_tag","embeddable":true,"href":"https:\/\/arantv.az\/index.php?rest_route=%2Fwp%2Fv2%2Ftags&post=122894"}],"curies":[{"name":"wp","href":"https:\/\/api.w.org\/{rel}","templated":true}]}}