{"id":122922,"date":"2020-01-25T14:01:37","date_gmt":"2020-01-25T11:01:37","guid":{"rendered":"http:\/\/arantv.az\/?p=122922"},"modified":"2020-01-25T14:01:37","modified_gmt":"2020-01-25T11:01:37","slug":"ilham-%c9%99liyev-turkiy%c9%99d%c9%99-az%c9%99rbaycanli-t%c9%99l%c9%99b%c9%99l%c9%99rin-z%c9%99lz%c9%99l%c9%99-zonasindan-t%c9%99xliy%c9%99si-haqda-tapsiriq-verdi","status":"publish","type":"post","link":"https:\/\/arantv.az\/?p=122922","title":{"rendered":"\u0130lham \u018fliyev T\u00fcrkiy\u0259d\u0259 az\u0259rbaycanl\u0131 t\u0259l\u0259b\u0259l\u0259rin z\u0259lz\u0259l\u0259 zonas\u0131ndan t\u0259xliy\u0259si haqda tap\u015f\u0131r\u0131q verdi"},"content":{"rendered":"<p>Az\u0259rbaycan Respublikas\u0131n\u0131n Prezidenti \u0130lham \u018fliyevin tap\u015f\u0131r\u0131\u011f\u0131na \u0259sas\u0259n m\u00fcvafiq qurumlar t\u0259r\u0259find\u0259n T\u00fcrkiy\u0259d\u0259 ba\u015f vermi\u015f z\u0259lz\u0259l\u0259 zonas\u0131nda t\u0259hsil alan az\u0259rbaycanl\u0131 t\u0259l\u0259b\u0259l\u0259rin t\u0259xliy\u0259 olunmas\u0131 istiqam\u0259tind\u0259 t\u0259dbirl\u0259r g\u00f6r\u00fcl\u00fcr.<\/p>\n<div id=\"AdviadNativeVideo0\" class=\"AdviadNativeVideo\"><\/div>\n<p>Bu bar\u0259d\u0259\u00a0Oxu.Az-a Nazirl\u0259r Kabinetinin m\u0259tbuat xidm\u0259tind\u0259n m\u0259lumat verilib.<\/p>\n<p>Qeyd ed\u0259k ki, yanvar\u0131n 24-d\u0259 ax\u015fam saatlar\u0131nda T\u00fcrkiy\u0259nin Elaz\u0131\u011f vilay\u0259tinin Sivric\u0259 rayonunda 6,8 bal g\u00fcc\u00fcnd\u0259 z\u0259lz\u0259l\u0259 olub. Z\u0259lz\u0259l\u0259 n\u0259tic\u0259sind\u0259 22 n\u0259f\u0259rin \u00f6ld\u00fcy\u00fc, 1031 n\u0259f\u0259rin yaraland\u0131\u011f\u0131 a\u00e7\u0131qlan\u0131b.<\/p>\n","protected":false},"excerpt":{"rendered":"<p>Az\u0259rbaycan Respublikas\u0131n\u0131n Prezidenti \u0130lham \u018fliyevin tap\u015f\u0131r\u0131\u011f\u0131na \u0259sas\u0259n m\u00fcvafiq qurumlar t\u0259r\u0259find\u0259n T\u00fcrkiy\u0259d\u0259 ba\u015f vermi\u015f z\u0259lz\u0259l\u0259 zonas\u0131nda t\u0259hsil alan az\u0259rbaycanl\u0131 t\u0259l\u0259b\u0259l\u0259rin t\u0259xliy\u0259 olunmas\u0131 istiqam\u0259tind\u0259 t\u0259dbirl\u0259r g\u00f6r\u00fcl\u00fcr. Bu bar\u0259d\u0259\u00a0Oxu.Az-a Nazirl\u0259r Kabinetinin m\u0259tbuat xidm\u0259tind\u0259n m\u0259lumat verilib. Qeyd ed\u0259k ki, yanvar\u0131n 24-d\u0259 ax\u015fam saatlar\u0131nda T\u00fcrkiy\u0259nin Elaz\u0131\u011f vilay\u0259tinin Sivric\u0259 rayonunda 6,8 bal g\u00fcc\u00fcnd\u0259 z\u0259lz\u0259l\u0259 olub. Z\u0259lz\u0259l\u0259 n\u0259tic\u0259sind\u0259 22 n\u0259f\u0259rin \u00f6ld\u00fcy\u00fc, 1031 n\u0259f\u0259rin yaraland\u0131\u011f\u0131 a\u00e7\u0131qlan\u0131b.<\/p>\n","protected":false},"author":2,"featured_media":122923,"comment_status":"closed","ping_status":"closed","sticky":false,"template":"","format":"standard","meta":{"om_disable_all_campaigns":false,"_monsterinsights_skip_tracking":false,"_monsterinsights_sitenote_active":false,"_monsterinsights_sitenote_note":"","_monsterinsights_sitenote_category":0},"categories":[4],"tags":[],"aioseo_notices":[],"gutentor_comment":0,"rttpg_featured_image_url":{"full":["https:\/\/arantv.az\/wp-content\/uploads\/2020\/01\/1579949154219_VliKypFx.jpg",620,413,false],"landscape":["https:\/\/arantv.az\/wp-content\/uploads\/2020\/01\/1579949154219_VliKypFx.jpg",620,413,false],"portraits":["https:\/\/arantv.az\/wp-content\/uploads\/2020\/01\/1579949154219_VliKypFx.jpg",620,413,false],"thumbnail":["https:\/\/arantv.az\/wp-content\/uploads\/2020\/01\/1579949154219_VliKypFx-150x150.jpg",150,150,true],"medium":["https:\/\/arantv.az\/wp-content\/uploads\/2020\/01\/1579949154219_VliKypFx-300x200.jpg",300,200,true],"large":["https:\/\/arantv.az\/wp-content\/uploads\/2020\/01\/1579949154219_VliKypFx.jpg",620,413,false],"1536x1536":["https:\/\/arantv.az\/wp-content\/uploads\/2020\/01\/1579949154219_VliKypFx.jpg",620,413,false],"2048x2048":["https:\/\/arantv.az\/wp-content\/uploads\/2020\/01\/1579949154219_VliKypFx.jpg",620,413,false],"post-thumbnail":["https:\/\/arantv.az\/wp-content\/uploads\/2020\/01\/1579949154219_VliKypFx-240x172.jpg",240,172,true],"advps-thumb-one":["https:\/\/arantv.az\/wp-content\/uploads\/2020\/01\/1579949154219_VliKypFx.jpg",620,413,false]},"rttpg_author":{"display_name":"V\u00fcsal Rafiqo\u011flu","author_link":"https:\/\/arantv.az\/?author=2"},"rttpg_comment":0,"rttpg_category":"<a href=\"https:\/\/arantv.az\/?cat=4\" rel=\"category\">Siyas\u0259t<\/a>","rttpg_excerpt":"Az\u0259rbaycan Respublikas\u0131n\u0131n Prezidenti \u0130lham \u018fliyevin tap\u015f\u0131r\u0131\u011f\u0131na \u0259sas\u0259n m\u00fcvafiq qurumlar t\u0259r\u0259find\u0259n T\u00fcrkiy\u0259d\u0259 ba\u015f vermi\u015f z\u0259lz\u0259l\u0259 zonas\u0131nda t\u0259hsil alan az\u0259rbaycanl\u0131 t\u0259l\u0259b\u0259l\u0259rin t\u0259xliy\u0259 olunmas\u0131 istiqam\u0259tind\u0259 t\u0259dbirl\u0259r g\u00f6r\u00fcl\u00fcr. Bu bar\u0259d\u0259\u00a0Oxu.Az-a Nazirl\u0259r Kabinetinin m\u0259tbuat xidm\u0259tind\u0259n m\u0259lumat verilib. Qeyd ed\u0259k ki, yanvar\u0131n 24-d\u0259 ax\u015fam saatlar\u0131nda T\u00fcrkiy\u0259nin Elaz\u0131\u011f vilay\u0259tinin Sivric\u0259 rayonunda 6,8 bal g\u00fcc\u00fcnd\u0259 z\u0259lz\u0259l\u0259 olub. Z\u0259lz\u0259l\u0259 n\u0259tic\u0259sind\u0259 22 n\u0259f\u0259rin \u00f6ld\u00fcy\u00fc, 1031&hellip;","_links":{"self":[{"href":"https:\/\/arantv.az\/index.php?rest_route=\/wp\/v2\/posts\/122922"}],"collection":[{"href":"https:\/\/arantv.az\/index.php?rest_route=\/wp\/v2\/posts"}],"about":[{"href":"https:\/\/arantv.az\/index.php?rest_route=\/wp\/v2\/types\/post"}],"author":[{"embeddable":true,"href":"https:\/\/arantv.az\/index.php?rest_route=\/wp\/v2\/users\/2"}],"replies":[{"embeddable":true,"href":"https:\/\/arantv.az\/index.php?rest_route=%2Fwp%2Fv2%2Fcomments&post=122922"}],"version-history":[{"count":0,"href":"https:\/\/arantv.az\/index.php?rest_route=\/wp\/v2\/posts\/122922\/revisions"}],"wp:featuredmedia":[{"embeddable":true,"href":"https:\/\/arantv.az\/index.php?rest_route=\/wp\/v2\/media\/122923"}],"wp:attachment":[{"href":"https:\/\/arantv.az\/index.php?rest_route=%2Fwp%2Fv2%2Fmedia&parent=122922"}],"wp:term":[{"taxonomy":"category","embeddable":true,"href":"https:\/\/arantv.az\/index.php?rest_route=%2Fwp%2Fv2%2Fcategories&post=122922"},{"taxonomy":"post_tag","embeddable":true,"href":"https:\/\/arantv.az\/index.php?rest_route=%2Fwp%2Fv2%2Ftags&post=122922"}],"curies":[{"name":"wp","href":"https:\/\/api.w.org\/{rel}","templated":true}]}}