{"id":122930,"date":"2020-01-25T14:48:16","date_gmt":"2020-01-25T11:48:16","guid":{"rendered":"http:\/\/arantv.az\/?p=122930"},"modified":"2020-01-25T14:48:16","modified_gmt":"2020-01-25T11:48:16","slug":"az%c9%99rbaycanda-usagin-it-disl%c9%99m%c9%99sind%c9%99n-olm%c9%99sinin-t%c9%99f%c9%99rruati-iyn%c9%99-vurulub-poliklinikaya-aparilmayib","status":"publish","type":"post","link":"https:\/\/arantv.az\/?p=122930","title":{"rendered":"Az\u0259rbaycanda u\u015fa\u011f\u0131n it di\u015fl\u0259m\u0259sind\u0259n \u00f6lm\u0259sinin t\u0259f\u0259rr\u00fcat\u0131: \u0130yn\u0259 vurulub, poliklinikaya apar\u0131lmay\u0131b"},"content":{"rendered":"<p>Tibbi \u018frazi B\u00f6lm\u0259l\u0259rini \u0130dar\u0259etm\u0259 Birliyi (T\u018fB\u0130B) it di\u015fl\u0259m\u0259sind\u0259n sonra \u00f6l\u0259n \u015fagirdl\u0259 ba\u011fl\u0131 a\u00e7\u0131qlama verib.<\/p>\n<p>Qurumdan Oxu.Az-a bildirilib ki, d\u00f6rd\u00fcnc\u00fc sinif \u015fagirdi \u00d6m\u0259rov Polad dekabr ay\u0131n\u0131n 29-u saat 12:30-da 3 sayl\u0131 \u015e\u0259h\u0259r Klinik X\u0259st\u0259xanas\u0131na yerl\u0259\u015fdirilib. \u0130t di\u015fl\u0259diyi yara c\u0259rrahi i\u015fl\u0259nib, antirabik vaksin vurulub v\u0259 qohumlar\u0131na izah olunub ki, poliklinikaya m\u00fcraci\u0259t etsinl\u0259r, el\u0259c\u0259 d\u0259 yaral\u0131ya dig\u0259r iyn\u0259l\u0259r vurulsun:<\/p>\n<p>\u201cHadis\u0259 bar\u0259d\u0259 X\u0259z\u0259r rayonu Gigiyena v\u0259 Epidemiologiya M\u0259rk\u0259zi v\u0259 26 sayl\u0131 poliklinikaya m\u0259lumat verilib. U\u015fa\u011f\u0131n valideynl\u0259rin\u0259 d\u0259f\u0259l\u0259rl\u0259 izah edilib ki, m\u00fctl\u0259q qaydada dig\u0259r iyn\u0259l\u0259r vurulmal\u0131d\u0131r. Bu g\u00fcn ald\u0131\u011f\u0131m\u0131z m\u0259lumata g\u00f6r\u0259, iki d\u0259f\u0259 ya\u015fay\u0131\u015f \u00fczr\u0259 iyn\u0259 vurdurublar, daha sonra is\u0259 poliklinikaya getm\u0259yibl\u0259r\u201d.<\/p>\n","protected":false},"excerpt":{"rendered":"<p>Tibbi \u018frazi B\u00f6lm\u0259l\u0259rini \u0130dar\u0259etm\u0259 Birliyi (T\u018fB\u0130B) it di\u015fl\u0259m\u0259sind\u0259n sonra \u00f6l\u0259n \u015fagirdl\u0259 ba\u011fl\u0131 a\u00e7\u0131qlama verib. Qurumdan Oxu.Az-a bildirilib ki, d\u00f6rd\u00fcnc\u00fc sinif \u015fagirdi \u00d6m\u0259rov Polad dekabr ay\u0131n\u0131n 29-u saat 12:30-da 3 sayl\u0131 \u015e\u0259h\u0259r Klinik X\u0259st\u0259xanas\u0131na yerl\u0259\u015fdirilib. \u0130t di\u015fl\u0259diyi yara c\u0259rrahi i\u015fl\u0259nib, antirabik vaksin vurulub v\u0259 qohumlar\u0131na izah olunub ki, poliklinikaya m\u00fcraci\u0259t etsinl\u0259r, el\u0259c\u0259 d\u0259 yaral\u0131ya dig\u0259r iyn\u0259l\u0259r vurulsun: \u201cHadis\u0259 bar\u0259d\u0259 X\u0259z\u0259r rayonu Gigiyena v\u0259 Epidemiologiya M\u0259rk\u0259zi v\u0259 26 sayl\u0131 poliklinikaya m\u0259lumat verilib. U\u015fa\u011f\u0131n valideynl\u0259rin\u0259 d\u0259f\u0259l\u0259rl\u0259 izah edilib ki, m\u00fctl\u0259q qaydada dig\u0259r iyn\u0259l\u0259r vurulmal\u0131d\u0131r. Bu g\u00fcn ald\u0131\u011f\u0131m\u0131z m\u0259lumata g\u00f6r\u0259, iki d\u0259f\u0259 ya\u015fay\u0131\u015f \u00fczr\u0259&hellip;<\/p>\n","protected":false},"author":2,"featured_media":122931,"comment_status":"closed","ping_status":"closed","sticky":false,"template":"","format":"standard","meta":{"om_disable_all_campaigns":false,"_monsterinsights_skip_tracking":false,"_monsterinsights_sitenote_active":false,"_monsterinsights_sitenote_note":"","_monsterinsights_sitenote_category":0},"categories":[1],"tags":[],"aioseo_notices":[],"gutentor_comment":0,"rttpg_featured_image_url":{"full":["https:\/\/arantv.az\/wp-content\/uploads\/2020\/01\/b37aad2f262e7216c4ae36af33caa670.jpg",620,349,false],"landscape":["https:\/\/arantv.az\/wp-content\/uploads\/2020\/01\/b37aad2f262e7216c4ae36af33caa670.jpg",620,349,false],"portraits":["https:\/\/arantv.az\/wp-content\/uploads\/2020\/01\/b37aad2f262e7216c4ae36af33caa670.jpg",620,349,false],"thumbnail":["https:\/\/arantv.az\/wp-content\/uploads\/2020\/01\/b37aad2f262e7216c4ae36af33caa670-150x150.jpg",150,150,true],"medium":["https:\/\/arantv.az\/wp-content\/uploads\/2020\/01\/b37aad2f262e7216c4ae36af33caa670-300x169.jpg",300,169,true],"large":["https:\/\/arantv.az\/wp-content\/uploads\/2020\/01\/b37aad2f262e7216c4ae36af33caa670.jpg",620,349,false],"1536x1536":["https:\/\/arantv.az\/wp-content\/uploads\/2020\/01\/b37aad2f262e7216c4ae36af33caa670.jpg",620,349,false],"2048x2048":["https:\/\/arantv.az\/wp-content\/uploads\/2020\/01\/b37aad2f262e7216c4ae36af33caa670.jpg",620,349,false],"post-thumbnail":["https:\/\/arantv.az\/wp-content\/uploads\/2020\/01\/b37aad2f262e7216c4ae36af33caa670-240x172.jpg",240,172,true],"advps-thumb-one":["https:\/\/arantv.az\/wp-content\/uploads\/2020\/01\/b37aad2f262e7216c4ae36af33caa670.jpg",620,349,false]},"rttpg_author":{"display_name":"V\u00fcsal Rafiqo\u011flu","author_link":"https:\/\/arantv.az\/?author=2"},"rttpg_comment":0,"rttpg_category":"<a href=\"https:\/\/arantv.az\/?cat=1\" rel=\"category\">C\u0259miyy\u0259t<\/a>","rttpg_excerpt":"Tibbi \u018frazi B\u00f6lm\u0259l\u0259rini \u0130dar\u0259etm\u0259 Birliyi (T\u018fB\u0130B) it di\u015fl\u0259m\u0259sind\u0259n sonra \u00f6l\u0259n \u015fagirdl\u0259 ba\u011fl\u0131 a\u00e7\u0131qlama verib. Qurumdan Oxu.Az-a bildirilib ki, d\u00f6rd\u00fcnc\u00fc sinif \u015fagirdi \u00d6m\u0259rov Polad dekabr ay\u0131n\u0131n 29-u saat 12:30-da 3 sayl\u0131 \u015e\u0259h\u0259r Klinik X\u0259st\u0259xanas\u0131na yerl\u0259\u015fdirilib. \u0130t di\u015fl\u0259diyi yara c\u0259rrahi i\u015fl\u0259nib, antirabik vaksin vurulub v\u0259 qohumlar\u0131na izah olunub ki, poliklinikaya m\u00fcraci\u0259t etsinl\u0259r, el\u0259c\u0259 d\u0259 yaral\u0131ya dig\u0259r iyn\u0259l\u0259r&hellip;","_links":{"self":[{"href":"https:\/\/arantv.az\/index.php?rest_route=\/wp\/v2\/posts\/122930"}],"collection":[{"href":"https:\/\/arantv.az\/index.php?rest_route=\/wp\/v2\/posts"}],"about":[{"href":"https:\/\/arantv.az\/index.php?rest_route=\/wp\/v2\/types\/post"}],"author":[{"embeddable":true,"href":"https:\/\/arantv.az\/index.php?rest_route=\/wp\/v2\/users\/2"}],"replies":[{"embeddable":true,"href":"https:\/\/arantv.az\/index.php?rest_route=%2Fwp%2Fv2%2Fcomments&post=122930"}],"version-history":[{"count":0,"href":"https:\/\/arantv.az\/index.php?rest_route=\/wp\/v2\/posts\/122930\/revisions"}],"wp:featuredmedia":[{"embeddable":true,"href":"https:\/\/arantv.az\/index.php?rest_route=\/wp\/v2\/media\/122931"}],"wp:attachment":[{"href":"https:\/\/arantv.az\/index.php?rest_route=%2Fwp%2Fv2%2Fmedia&parent=122930"}],"wp:term":[{"taxonomy":"category","embeddable":true,"href":"https:\/\/arantv.az\/index.php?rest_route=%2Fwp%2Fv2%2Fcategories&post=122930"},{"taxonomy":"post_tag","embeddable":true,"href":"https:\/\/arantv.az\/index.php?rest_route=%2Fwp%2Fv2%2Ftags&post=122930"}],"curies":[{"name":"wp","href":"https:\/\/api.w.org\/{rel}","templated":true}]}}