{"id":122938,"date":"2020-01-25T14:49:49","date_gmt":"2020-01-25T11:49:49","guid":{"rendered":"http:\/\/arantv.az\/?p=122938"},"modified":"2020-01-25T14:49:49","modified_gmt":"2020-01-25T11:49:49","slug":"az%c9%99rbaycan-numay%c9%99nd%c9%99-hey%c9%99ti-as-pa-nin-qis-sessiyasinda-istirak-ed%c9%99c%c9%99k","status":"publish","type":"post","link":"https:\/\/arantv.az\/?p=122938","title":{"rendered":"Az\u0259rbaycan n\u00fcmay\u0259nd\u0259 hey\u0259ti A\u015e PA-n\u0131n q\u0131\u015f sessiyas\u0131nda i\u015ftirak ed\u0259c\u0259k"},"content":{"rendered":"<p><strong>Yanvar\u0131n 27-d\u0259n 31-d\u0259k Fransan\u0131n Strasburq \u015f\u0259h\u0259rind\u0259 Avropa \u015euras\u0131 Parlament Assambleyas\u0131n\u0131n q\u0131\u015f sessiyas\u0131 ke\u00e7iril\u0259c\u0259k.<\/strong><\/p>\n<p>Milli M\u0259clisd\u0259n Milli.Az-a\u00a0veril\u0259n m\u0259lumata g\u00f6r\u0259, sessiyada Milli M\u0259clisin A\u015ePA-dak\u0131 daimi n\u00fcmay\u0259nd\u0259 hey\u0259tinin r\u0259hb\u0259ri, Beyn\u0259lxalq m\u00fcnasib\u0259tl\u0259r v\u0259 parlamentl\u0259raras\u0131 \u0259laq\u0259l\u0259r komit\u0259sinin s\u0259dri S\u0259m\u0259d Seyidovun ba\u015f\u00e7\u0131l\u0131q etdiyi n\u00fcmay\u0259nd\u0259 hey\u0259ti i\u015ftirak ed\u0259c\u0259k. N\u00fcmay\u0259nd\u0259 hey\u0259tin\u0259 deputatlardan Sevinc F\u0259t\u0259liyeva, Sahib\u0259 Qafarova, Rafael H\u00fcseynov, Asim Mollazad\u0259, Sabir Hac\u0131yev v\u0259 Naqif H\u0259mz\u0259yev daxildirl\u0259r.<\/p>\n<p>Sessiyada B\u00fcronun v\u0259 Daimi Komit\u0259nin g\u00f6r\u00fclm\u00fc\u015f i\u015fl\u0259r\u0259 dair hesabat\u0131 dinl\u0259nil\u0259c\u0259k, Belarusda ke\u00e7irilmi\u015f parlament se\u00e7kil\u0259rinin n\u0259tic\u0259l\u0259ri, Pol\u015fada demokratik institutular\u0131n f\u0259aliyy\u0259ti, Avropada jurnalistl\u0259rin t\u0259hl\u00fck\u0259sizliyi v\u0259 media azadl\u0131\u011f\u0131 v\u0259 dig\u0259r m\u00f6vzularda m\u00fczakir\u0259l\u0259r apar\u0131lacaqd\u0131r.<\/p>\n<p>M\u00fczakir\u0259l\u0259rd\u0259 deputatlar\u0131m\u0131z \u00e7\u0131x\u0131\u015f ed\u0259c\u0259k, g\u00fcnd\u0259likd\u0259ki m\u0259s\u0259l\u0259l\u0259r\u0259 m\u00fcnasib\u0259t bildir\u0259c\u0259kl\u0259r.<\/p>\n<p>Sessiya \u00e7\u0259r\u00e7iv\u0259sind\u0259 yanvar\u0131n 28-d\u0259 Az\u0259rbaycan n\u00fcmay\u0259nd\u0259 hey\u0259tinin t\u0259\u015fkilat\u00e7\u0131l\u0131\u011f\u0131 il\u0259 20 yanvar faci\u0259sinin 30-cu ild\u00f6n\u00fcm\u00fcn\u0259 h\u0259sr olunmu\u015f t\u0259dbir d\u0259 ke\u00e7iril\u0259c\u0259kdir.<\/p>\n","protected":false},"excerpt":{"rendered":"<p>Yanvar\u0131n 27-d\u0259n 31-d\u0259k Fransan\u0131n Strasburq \u015f\u0259h\u0259rind\u0259 Avropa \u015euras\u0131 Parlament Assambleyas\u0131n\u0131n q\u0131\u015f sessiyas\u0131 ke\u00e7iril\u0259c\u0259k. Milli M\u0259clisd\u0259n Milli.Az-a\u00a0veril\u0259n m\u0259lumata g\u00f6r\u0259, sessiyada Milli M\u0259clisin A\u015ePA-dak\u0131 daimi n\u00fcmay\u0259nd\u0259 hey\u0259tinin r\u0259hb\u0259ri, Beyn\u0259lxalq m\u00fcnasib\u0259tl\u0259r v\u0259 parlamentl\u0259raras\u0131 \u0259laq\u0259l\u0259r komit\u0259sinin s\u0259dri S\u0259m\u0259d Seyidovun ba\u015f\u00e7\u0131l\u0131q etdiyi n\u00fcmay\u0259nd\u0259 hey\u0259ti i\u015ftirak ed\u0259c\u0259k. N\u00fcmay\u0259nd\u0259 hey\u0259tin\u0259 deputatlardan Sevinc F\u0259t\u0259liyeva, Sahib\u0259 Qafarova, Rafael H\u00fcseynov, Asim Mollazad\u0259, Sabir Hac\u0131yev v\u0259 Naqif H\u0259mz\u0259yev daxildirl\u0259r. Sessiyada B\u00fcronun v\u0259 Daimi Komit\u0259nin g\u00f6r\u00fclm\u00fc\u015f i\u015fl\u0259r\u0259 dair hesabat\u0131 dinl\u0259nil\u0259c\u0259k, Belarusda ke\u00e7irilmi\u015f parlament se\u00e7kil\u0259rinin n\u0259tic\u0259l\u0259ri, Pol\u015fada demokratik institutular\u0131n f\u0259aliyy\u0259ti, Avropada jurnalistl\u0259rin t\u0259hl\u00fck\u0259sizliyi v\u0259 media azadl\u0131\u011f\u0131 v\u0259 dig\u0259r m\u00f6vzularda m\u00fczakir\u0259l\u0259r apar\u0131lacaqd\u0131r. M\u00fczakir\u0259l\u0259rd\u0259 deputatlar\u0131m\u0131z&hellip;<\/p>\n","protected":false},"author":2,"featured_media":122939,"comment_status":"closed","ping_status":"closed","sticky":false,"template":"","format":"standard","meta":{"om_disable_all_campaigns":false,"_monsterinsights_skip_tracking":false,"_monsterinsights_sitenote_active":false,"_monsterinsights_sitenote_note":"","_monsterinsights_sitenote_category":0},"categories":[19],"tags":[],"aioseo_notices":[],"gutentor_comment":0,"rttpg_featured_image_url":{"full":["https:\/\/arantv.az\/wp-content\/uploads\/2020\/01\/aspa.jpg",367,275,false],"landscape":["https:\/\/arantv.az\/wp-content\/uploads\/2020\/01\/aspa.jpg",367,275,false],"portraits":["https:\/\/arantv.az\/wp-content\/uploads\/2020\/01\/aspa.jpg",367,275,false],"thumbnail":["https:\/\/arantv.az\/wp-content\/uploads\/2020\/01\/aspa-150x150.jpg",150,150,true],"medium":["https:\/\/arantv.az\/wp-content\/uploads\/2020\/01\/aspa-300x225.jpg",300,225,true],"large":["https:\/\/arantv.az\/wp-content\/uploads\/2020\/01\/aspa.jpg",367,275,false],"1536x1536":["https:\/\/arantv.az\/wp-content\/uploads\/2020\/01\/aspa.jpg",367,275,false],"2048x2048":["https:\/\/arantv.az\/wp-content\/uploads\/2020\/01\/aspa.jpg",367,275,false],"post-thumbnail":["https:\/\/arantv.az\/wp-content\/uploads\/2020\/01\/aspa-240x172.jpg",240,172,true],"advps-thumb-one":["https:\/\/arantv.az\/wp-content\/uploads\/2020\/01\/aspa.jpg",367,275,false]},"rttpg_author":{"display_name":"V\u00fcsal Rafiqo\u011flu","author_link":"https:\/\/arantv.az\/?author=2"},"rttpg_comment":0,"rttpg_category":"<a href=\"https:\/\/arantv.az\/?cat=19\" rel=\"category\">G\u00fcnd\u0259m<\/a>","rttpg_excerpt":"Yanvar\u0131n 27-d\u0259n 31-d\u0259k Fransan\u0131n Strasburq \u015f\u0259h\u0259rind\u0259 Avropa \u015euras\u0131 Parlament Assambleyas\u0131n\u0131n q\u0131\u015f sessiyas\u0131 ke\u00e7iril\u0259c\u0259k. Milli M\u0259clisd\u0259n Milli.Az-a\u00a0veril\u0259n m\u0259lumata g\u00f6r\u0259, sessiyada Milli M\u0259clisin A\u015ePA-dak\u0131 daimi n\u00fcmay\u0259nd\u0259 hey\u0259tinin r\u0259hb\u0259ri, Beyn\u0259lxalq m\u00fcnasib\u0259tl\u0259r v\u0259 parlamentl\u0259raras\u0131 \u0259laq\u0259l\u0259r komit\u0259sinin s\u0259dri S\u0259m\u0259d Seyidovun ba\u015f\u00e7\u0131l\u0131q etdiyi n\u00fcmay\u0259nd\u0259 hey\u0259ti i\u015ftirak ed\u0259c\u0259k. N\u00fcmay\u0259nd\u0259 hey\u0259tin\u0259 deputatlardan Sevinc F\u0259t\u0259liyeva, Sahib\u0259 Qafarova, Rafael H\u00fcseynov, Asim Mollazad\u0259, Sabir Hac\u0131yev v\u0259&hellip;","_links":{"self":[{"href":"https:\/\/arantv.az\/index.php?rest_route=\/wp\/v2\/posts\/122938"}],"collection":[{"href":"https:\/\/arantv.az\/index.php?rest_route=\/wp\/v2\/posts"}],"about":[{"href":"https:\/\/arantv.az\/index.php?rest_route=\/wp\/v2\/types\/post"}],"author":[{"embeddable":true,"href":"https:\/\/arantv.az\/index.php?rest_route=\/wp\/v2\/users\/2"}],"replies":[{"embeddable":true,"href":"https:\/\/arantv.az\/index.php?rest_route=%2Fwp%2Fv2%2Fcomments&post=122938"}],"version-history":[{"count":0,"href":"https:\/\/arantv.az\/index.php?rest_route=\/wp\/v2\/posts\/122938\/revisions"}],"wp:featuredmedia":[{"embeddable":true,"href":"https:\/\/arantv.az\/index.php?rest_route=\/wp\/v2\/media\/122939"}],"wp:attachment":[{"href":"https:\/\/arantv.az\/index.php?rest_route=%2Fwp%2Fv2%2Fmedia&parent=122938"}],"wp:term":[{"taxonomy":"category","embeddable":true,"href":"https:\/\/arantv.az\/index.php?rest_route=%2Fwp%2Fv2%2Fcategories&post=122938"},{"taxonomy":"post_tag","embeddable":true,"href":"https:\/\/arantv.az\/index.php?rest_route=%2Fwp%2Fv2%2Ftags&post=122938"}],"curies":[{"name":"wp","href":"https:\/\/api.w.org\/{rel}","templated":true}]}}