{"id":122962,"date":"2020-01-25T15:15:26","date_gmt":"2020-01-25T12:15:26","guid":{"rendered":"http:\/\/arantv.az\/?p=122962"},"modified":"2020-01-25T15:15:26","modified_gmt":"2020-01-25T12:15:26","slug":"balak%c9%99nd%c9%99-iki-azyasli-qaynar-suda-yandi","status":"publish","type":"post","link":"https:\/\/arantv.az\/?p=122962","title":{"rendered":"Balak\u0259nd\u0259 iki azya\u015fl\u0131 qaynar suda yand\u0131"},"content":{"rendered":"<p>Balak\u0259nd\u0259 iki azya\u015fl\u0131 qaynar suda yan\u0131b.<\/p>\n<p><strong>ARANTV.AZ<\/strong>-\u0131n m\u0259lumat\u0131na g\u00f6r\u0259, yanvar\u0131n 24-\u00fc ax\u015fam saatlar\u0131nda rayonun Me\u015f\u0259\u015fanbul k\u0259nd sakini, 2017-ci il t\u0259v\u0259ll\u00fcdl\u00fc Fatim\u0259 S\u0259dr\u0259ddin q\u0131z\u0131 Koxayeva v\u0259 P\u00fc\u015ft\u0259tala k\u0259nd sakini, 2017-ci il t\u0259v\u0259ll\u00fcdl\u00fc \u015eamil Musa o\u011flu Dikanayev yan\u0131q x\u0259sar\u0259tl\u0259ri il\u0259 Balak\u0259n Rayon M\u0259rk\u0259zi X\u0259st\u0259xanas\u0131na \u00e7atd\u0131r\u0131l\u0131blar.<\/p>\n<p>M\u00fcayin\u0259 zaman\u0131 h\u0259r iki azya\u015fl\u0131n\u0131n \u00f6z ya\u015fad\u0131qlar\u0131 \u00fcnvanda qaynar su olan qazana y\u0131x\u0131laraq yan\u0131q x\u0259sar\u0259tl\u0259ri ald\u0131\u011f\u0131 m\u0259lum olub.APA<\/p>\n","protected":false},"excerpt":{"rendered":"<p>Balak\u0259nd\u0259 iki azya\u015fl\u0131 qaynar suda yan\u0131b. ARANTV.AZ-\u0131n m\u0259lumat\u0131na g\u00f6r\u0259, yanvar\u0131n 24-\u00fc ax\u015fam saatlar\u0131nda rayonun Me\u015f\u0259\u015fanbul k\u0259nd sakini, 2017-ci il t\u0259v\u0259ll\u00fcdl\u00fc Fatim\u0259 S\u0259dr\u0259ddin q\u0131z\u0131 Koxayeva v\u0259 P\u00fc\u015ft\u0259tala k\u0259nd sakini, 2017-ci il t\u0259v\u0259ll\u00fcdl\u00fc \u015eamil Musa o\u011flu Dikanayev yan\u0131q x\u0259sar\u0259tl\u0259ri il\u0259 Balak\u0259n Rayon M\u0259rk\u0259zi X\u0259st\u0259xanas\u0131na \u00e7atd\u0131r\u0131l\u0131blar. M\u00fcayin\u0259 zaman\u0131 h\u0259r iki azya\u015fl\u0131n\u0131n \u00f6z ya\u015fad\u0131qlar\u0131 \u00fcnvanda qaynar su olan qazana y\u0131x\u0131laraq yan\u0131q x\u0259sar\u0259tl\u0259ri ald\u0131\u011f\u0131 m\u0259lum olub.APA<\/p>\n","protected":false},"author":2,"featured_media":122963,"comment_status":"closed","ping_status":"closed","sticky":false,"template":"","format":"standard","meta":{"om_disable_all_campaigns":false,"_monsterinsights_skip_tracking":false,"_monsterinsights_sitenote_active":false,"_monsterinsights_sitenote_note":"","_monsterinsights_sitenote_category":0},"categories":[5],"tags":[],"aioseo_notices":[],"gutentor_comment":0,"rttpg_featured_image_url":{"full":["https:\/\/arantv.az\/wp-content\/uploads\/2020\/01\/yaniq-qaynar-su.jpg",620,407,false],"landscape":["https:\/\/arantv.az\/wp-content\/uploads\/2020\/01\/yaniq-qaynar-su.jpg",620,407,false],"portraits":["https:\/\/arantv.az\/wp-content\/uploads\/2020\/01\/yaniq-qaynar-su.jpg",620,407,false],"thumbnail":["https:\/\/arantv.az\/wp-content\/uploads\/2020\/01\/yaniq-qaynar-su-150x150.jpg",150,150,true],"medium":["https:\/\/arantv.az\/wp-content\/uploads\/2020\/01\/yaniq-qaynar-su-300x197.jpg",300,197,true],"large":["https:\/\/arantv.az\/wp-content\/uploads\/2020\/01\/yaniq-qaynar-su.jpg",620,407,false],"1536x1536":["https:\/\/arantv.az\/wp-content\/uploads\/2020\/01\/yaniq-qaynar-su.jpg",620,407,false],"2048x2048":["https:\/\/arantv.az\/wp-content\/uploads\/2020\/01\/yaniq-qaynar-su.jpg",620,407,false],"post-thumbnail":["https:\/\/arantv.az\/wp-content\/uploads\/2020\/01\/yaniq-qaynar-su-240x172.jpg",240,172,true],"advps-thumb-one":["https:\/\/arantv.az\/wp-content\/uploads\/2020\/01\/yaniq-qaynar-su.jpg",620,407,false]},"rttpg_author":{"display_name":"V\u00fcsal Rafiqo\u011flu","author_link":"https:\/\/arantv.az\/?author=2"},"rttpg_comment":0,"rttpg_category":"<a href=\"https:\/\/arantv.az\/?cat=5\" rel=\"category\">Hadis\u0259<\/a>","rttpg_excerpt":"Balak\u0259nd\u0259 iki azya\u015fl\u0131 qaynar suda yan\u0131b. ARANTV.AZ-\u0131n m\u0259lumat\u0131na g\u00f6r\u0259, yanvar\u0131n 24-\u00fc ax\u015fam saatlar\u0131nda rayonun Me\u015f\u0259\u015fanbul k\u0259nd sakini, 2017-ci il t\u0259v\u0259ll\u00fcdl\u00fc Fatim\u0259 S\u0259dr\u0259ddin q\u0131z\u0131 Koxayeva v\u0259 P\u00fc\u015ft\u0259tala k\u0259nd sakini, 2017-ci il t\u0259v\u0259ll\u00fcdl\u00fc \u015eamil Musa o\u011flu Dikanayev yan\u0131q x\u0259sar\u0259tl\u0259ri il\u0259 Balak\u0259n Rayon M\u0259rk\u0259zi X\u0259st\u0259xanas\u0131na \u00e7atd\u0131r\u0131l\u0131blar. M\u00fcayin\u0259 zaman\u0131 h\u0259r iki azya\u015fl\u0131n\u0131n \u00f6z ya\u015fad\u0131qlar\u0131 \u00fcnvanda qaynar su olan qazana&hellip;","_links":{"self":[{"href":"https:\/\/arantv.az\/index.php?rest_route=\/wp\/v2\/posts\/122962"}],"collection":[{"href":"https:\/\/arantv.az\/index.php?rest_route=\/wp\/v2\/posts"}],"about":[{"href":"https:\/\/arantv.az\/index.php?rest_route=\/wp\/v2\/types\/post"}],"author":[{"embeddable":true,"href":"https:\/\/arantv.az\/index.php?rest_route=\/wp\/v2\/users\/2"}],"replies":[{"embeddable":true,"href":"https:\/\/arantv.az\/index.php?rest_route=%2Fwp%2Fv2%2Fcomments&post=122962"}],"version-history":[{"count":0,"href":"https:\/\/arantv.az\/index.php?rest_route=\/wp\/v2\/posts\/122962\/revisions"}],"wp:featuredmedia":[{"embeddable":true,"href":"https:\/\/arantv.az\/index.php?rest_route=\/wp\/v2\/media\/122963"}],"wp:attachment":[{"href":"https:\/\/arantv.az\/index.php?rest_route=%2Fwp%2Fv2%2Fmedia&parent=122962"}],"wp:term":[{"taxonomy":"category","embeddable":true,"href":"https:\/\/arantv.az\/index.php?rest_route=%2Fwp%2Fv2%2Fcategories&post=122962"},{"taxonomy":"post_tag","embeddable":true,"href":"https:\/\/arantv.az\/index.php?rest_route=%2Fwp%2Fv2%2Ftags&post=122962"}],"curies":[{"name":"wp","href":"https:\/\/api.w.org\/{rel}","templated":true}]}}