{"id":122974,"date":"2020-01-25T15:35:41","date_gmt":"2020-01-25T12:35:41","guid":{"rendered":"http:\/\/arantv.az\/?p=122974"},"modified":"2020-01-25T15:35:41","modified_gmt":"2020-01-25T12:35:41","slug":"birinci-vitse-prezident-mehriban-%c9%99liyevaya-usaqlarimiz-ucun-goz%c9%99l-s%c9%99rait-yaratdigi-ucun-sonsuz-t%c9%99s%c9%99kkurumuzu-bildiririk-11-sayli-xususi-t%c9%99hsil-m%c9%99kt%c9%99bind%c9%99","status":"publish","type":"post","link":"https:\/\/arantv.az\/?p=122974","title":{"rendered":"Birinci vitse-prezident Mehriban \u018fliyevaya u\u015faqlar\u0131m\u0131z \u00fc\u00e7\u00fcn g\u00f6z\u0259l \u015f\u0259rait yaratd\u0131\u011f\u0131 \u00fc\u00e7\u00fcn sonsuz t\u0259\u015f\u0259kk\u00fcr\u00fcm\u00fcz\u00fc bildiririk &#8211; 11 sayl\u0131 x\u00fcsusi t\u0259hsil m\u0259kt\u0259bind\u0259n reportaj &#8211; FOTO"},"content":{"rendered":"<div class=\"article_text\">\n<p><strong>Az\u0259rbaycan Respublikas\u0131n\u0131n Birinci vitse-prezidenti Mehriban \u018fliyeva 2018-ci il oktyabr\u0131n 23-d\u0259 Bak\u0131n\u0131n N\u0259rimanov rayonunda Heyd\u0259r \u018fliyev Fondunun t\u0259\u015f\u0259bb\u00fcs\u00fc il\u0259 in\u015fa olunan 11 sayl\u0131 x\u00fcsusi t\u0259hsil m\u0259kt\u0259binin yeni binas\u0131n\u0131n a\u00e7\u0131l\u0131\u015f\u0131nda i\u015ftirak edib.<\/strong><\/p>\n<p>Qeyd ed\u0259k ki, 11 sayl\u0131 x\u00fcsusi t\u0259hsil m\u0259kt\u0259bi 1937-ci ild\u0259n f\u0259aliyy\u0259t g\u00f6st\u0259rir. Bu t\u0259hsil oca\u011f\u0131n\u0131n k\u00f6hn\u0259 binas\u0131 1897-ci ild\u0259 in\u015fa edilmi\u015fdi. Heyd\u0259r \u018fliyev Fondu t\u0259r\u0259find\u0259n apar\u0131lan monitorinq n\u0259tic\u0259sind\u0259 m\u0259kt\u0259b binas\u0131n\u0131n t\u0259hsil\u0259 tam yarars\u0131z oldu\u011fu a\u015fkar edilmi\u015f v\u0259 N\u0259rimanov rayonunda m\u0259kt\u0259b \u00fc\u00e7\u00fcn yeni binan\u0131n in\u015fas\u0131na q\u0259rar verilmi\u015fdi.<\/p>\n<p>T\u0259hsil m\u00fc\u0259ssis\u0259sinin yeni \u00fc\u00e7m\u0259rt\u0259b\u0259li binas\u0131nda 250 \u015fagird yeri, 21 sinif ota\u011f\u0131, psixoloq, defektoloq, h\u0259kim otaqlar\u0131, idman v\u0259 akt zallar\u0131, yem\u0259kxana var. Eyni zamanda, burada u\u015faqlar\u0131n istifad\u0259si \u00fc\u00e7\u00fcn kitabxana yarad\u0131l\u0131b. M\u0259kt\u0259bd\u0259 289 m\u00fc\u0259llim \u00e7al\u0131\u015f\u0131r v\u0259 onlar autizm, Daun sindromlu, \u00fcmumt\u0259hsil proqram\u0131n\u0131 m\u0259nims\u0259y\u0259 bilm\u0259y\u0259n v\u0259 \u0259qli inki\u015faf geriliyi diaqnozu olan u\u015faqlara t\u0259lim ke\u00e7irl\u0259r. \u00dcmumt\u0259hsil proqram\u0131n\u0131 m\u0259nims\u0259y\u0259 bilm\u0259y\u0259n \u015fagirdl\u0259r d\u0259 il \u0259rzind\u0259 a\u015fkarlanaraq bu m\u0259kt\u0259b\u0259 y\u00f6nl\u0259ndirilir. Onillik m\u0259kt\u0259bin t\u0259dris plan\u0131na defektoloq saatlar\u0131, eyni zamanda psixologiya d\u0259rsl\u0259ri daxil edilib. Bir s\u00f6zl\u0259, bu m\u0259kt\u0259bd\u0259 x\u00fcsusi qay\u011f\u0131ya ehtiyac\u0131 olan u\u015faqlar\u0131n t\u0259hsil almas\u0131, onlar\u0131n t\u0259lim-t\u0259rbiy\u0259si il\u0259 h\u0259rt\u0259r\u0259fli m\u0259\u015f\u011ful olmaq \u00fc\u00e7\u00fcn b\u00fct\u00fcn imkanlar m\u00f6vcuddur.<\/p>\n<p><strong>ARANTV.AZ<\/strong>\u00a0 bildirir ki,\u00a0<a href=\"http:\/\/trend.az\/\" target=\"_blank\" rel=\"noopener\">Trend<\/a>-in m\u00fcxbirl\u0259ri 11 sayl\u0131 x\u00fcsusi t\u0259hsil m\u0259kt\u0259bin\u0259 ba\u015f \u00e7\u0259kib, t\u0259hsil m\u00fc\u0259ssis\u0259sinin r\u0259hb\u0259rliyi il\u0259 g\u00f6r\u00fc\u015f\u00fcb, m\u00fc\u0259llim hey\u0259ti v\u0259 orada t\u0259hsil alan u\u015faqlar\u0131n valideynl\u0259ri il\u0259 s\u00f6hb\u0259t edibl\u0259r.<\/p>\n<p>Birinci vitse-prezident Mehriban \u018fliyevan\u0131n bu t\u0259hsil m\u00fc\u0259ssis\u0259si \u00fc\u00e7\u00fcn yeni binan\u0131n in\u015fas\u0131 m\u0259s\u0259l\u0259sini birba\u015fa \u00f6z n\u0259zar\u0259tin\u0259 g\u00f6t\u00fcrd\u00fcy\u00fcn\u00fc qeyd ed\u0259n m\u0259kt\u0259b direktoru \u015eahzad\u0259 \u0130sg\u0259nd\u0259rova deyib: &#8220;Mehriban \u018fliyeva m\u0259kt\u0259bin a\u00e7\u0131l\u0131\u015f m\u0259rasimind\u0259 \u015f\u0259xs\u0259n i\u015ftirak etdi. T\u0259hsil m\u00fc\u0259ssis\u0259mizd\u0259 yarad\u0131lm\u0131\u015f bu \u015f\u0259rait\u0259 g\u00f6r\u0259 \u00e7oxsayl\u0131 m\u00fc\u0259llim kollektivimiz, valideynl\u0259rimiz ad\u0131ndan Mehriban xan\u0131m \u018fliyevaya d\u0259rin t\u0259\u015f\u0259kk\u00fcr\u00fcm\u00fcz\u00fc bildiririk&#8221;.<\/p>\n<p>Loqoped Esmira Qafarovan\u0131n s\u00f6zl\u0259rin\u0259 g\u00f6r\u0259, m\u0259kt\u0259bd\u0259 x\u00fcsusi qay\u011f\u0131ya ehtiyac\u0131 olan u\u015faqlar\u0131n reabilitasiyas\u0131 \u00fc\u00e7\u00fcn laz\u0131mi \u015f\u0259rait yarad\u0131l\u0131b. O qeyd edib ki, m\u00fc\u0259ssis\u0259nin hey\u0259ti u\u015faqlara laz\u0131m olan h\u0259r \u015feyi edir:<\/p>\n<p>&#8220;X\u00fcsusi qay\u011f\u0131ya ehtiyac\u0131 olan u\u015faqlar \u00fc\u00e7\u00fcn vacib olan \u0259sas m\u0259s\u0259l\u0259 defektoloq-loqoped, psixoloji xidm\u0259tl\u0259rin g\u00f6st\u0259rilm\u0259sidir. Haz\u0131rda m\u0259kt\u0259bimizd\u0259 x\u00fcsusi otaqlar var v\u0259 xidm\u0259tl\u0259rin g\u00f6st\u0259rilm\u0259si \u00fc\u00e7\u00fcn laz\u0131mi v\u0259saitl\u0259rl\u0259 t\u0259min olunmu\u015fuq ki, bu da t\u0259bii ki, ilk n\u00f6vb\u0259d\u0259 u\u015faqlar\u0131m\u0131z\u0131n u\u011furlu reabilitasiyas\u0131n\u0131 \u015f\u0259rtl\u0259ndirir&#8221;.<\/p>\n<p>M\u0259kt\u0259bin daha bir \u0259m\u0259kda\u015f\u0131, m\u00fc\u0259llim \u0130lham\u0259 Abbasova t\u0259dris prosesinin x\u00fcsusiyy\u0259tl\u0259rind\u0259n dan\u0131\u015f\u0131b:<\/p>\n<p>&#8220;H\u0259qiq\u0259t\u0259n burada \u015f\u0259rait o q\u0259d\u0259r g\u00f6z\u0259l yarad\u0131l\u0131b ki! M\u0259kt\u0259bd\u0259 loqoped, psixoloq ota\u011f\u0131m\u0131z, idman zal\u0131m\u0131z var. Bizd\u0259 m\u00fcalic\u0259vi b\u0259d\u0259n t\u0259rbiy\u0259si f\u0259nni ke\u00e7irilir. Onu u\u015faqlara x\u00fcsusi idman otaqlar\u0131nda t\u0259dris edirik. U\u015faqlar\u0131n oyun xarakterli d\u0259rsl\u0259r\u0259 \u00e7ox b\u00f6y\u00fck mara\u011f\u0131 var. Biz u\u015faqlar\u0131 oyun xarakterli d\u0259rsl\u0259r\u0259 daha \u00e7ox c\u0259lb etm\u0259y\u0259 v\u0259 bu d\u0259rsl\u0259ri onlar\u0131n daimi mara\u011f\u0131na uy\u011fun t\u0259rzd\u0259 ke\u00e7irm\u0259y\u0259 \u00e7al\u0131\u015f\u0131r\u0131q. Valideynl\u0259r, m\u0259kt\u0259bimizin kollektivi v\u0259 m\u00fcdiriyy\u0259t x\u00fcsusi qay\u011f\u0131ya ehtiyac\u0131 olan u\u015faqlar\u0131n t\u0259hsil almas\u0131 \u00fc\u00e7\u00fcn bu c\u00fcr \u015f\u0259rait yarad\u0131ld\u0131\u011f\u0131na g\u00f6r\u0259 Birinci vitse-prezident Mehriban \u018fliyevaya \u00fcr\u0259kd\u0259n t\u0259\u015f\u0259kk\u00fcr edir&#8221;.<\/p>\n<p>M\u0259kt\u0259bd\u0259 \u00e7al\u0131\u015fan dig\u0259r bir m\u00fc\u0259llim Azad\u0259 \u0130brahimovan\u0131n da qeyd etdiyi kimi, Birinci vitse-prezident Mehriban \u018fliyeva b\u00f6y\u00fcy\u0259n n\u0259slin t\u0259hsil v\u0259 t\u0259rbiy\u0259sin\u0259 x\u00fcsusi qay\u011f\u0131 il\u0259 yana\u015f\u0131r:<\/p>\n<p>&#8220;Birinci vitse-prezident Mehriban \u018fliyeva bu m\u0259kt\u0259bi biz\u0259 h\u0259diyy\u0259 etdi. U\u015faqlar\u0131m\u0131z \u00fc\u00e7\u00fcn g\u00f6z\u0259l \u015f\u0259rait yaratd\u0131\u011f\u0131 \u00fc\u00e7\u00fcn ona sonsuz t\u0259\u015f\u0259kk\u00fcr\u00fcm\u00fcz\u00fc bildiririk&#8221;.<\/p>\n<p>A.\u0130brahimova bildirib ki, m\u0259kt\u0259bd\u0259 x\u00fcsusi qay\u011f\u0131ya ehtiyac\u0131 olan u\u015faqlar\u0131n t\u0259drisin\u0259 ayr\u0131ca yana\u015f\u0131l\u0131r:<\/p>\n<p>&#8220;Onlar\u0131n \u00f6z proqramlar\u0131n\u0131 t\u0259rtib etmi\u015fik, bu c\u00fcr u\u015faqlarla x\u00fcsusi d\u0259rs ke\u00e7irik. Bu u\u015faqlar\u0131n qavrama qabiliyy\u0259ti z\u0259if oldu\u011funa g\u00f6r\u0259 onlarla sad\u0259l\u0259\u015fdirilmi\u015f formada m\u0259\u015f\u011ful oluruq&#8221;.<\/p>\n<p>M\u00fc\u0259llim X\u0259yal\u0259 C\u0259f\u0259rovan\u0131n s\u00f6zl\u0259rin\u0259 g\u00f6r\u0259, h\u0259m valideynl\u0259r, h\u0259m d\u0259 m\u00fc\u0259lliml\u0259r t\u0259dris prosesind\u0259 b\u00f6y\u00fck h\u0259v\u0259sl\u0259 i\u015ftirak edirl\u0259r:<\/p>\n<p>&#8220;M\u0259kt\u0259bimizd\u0259 bu c\u00fcr \u015f\u0259rait yarad\u0131ld\u0131\u011f\u0131na g\u00f6r\u0259 Mehriban xan\u0131ma \u00e7ox minn\u0259tdar\u0131q. Biz ham\u0131m\u0131z &#8211; h\u0259m m\u00fc\u0259lliml\u0259r, h\u0259m d\u0259 valideynl\u0259r u\u015faqlar\u0131n t\u0259dris prosesind\u0259 b\u00f6y\u00fck maraqla i\u015ftirak edir, bu d\u0259rsl\u0259ri \u00e7ox h\u0259v\u0259sl\u0259 onlarla m\u0259\u015f\u011ful oluruq&#8221;.<\/p>\n<p>Az\u0259rbaycan\u0131n Birinci vitse-prezidentinin m\u00fcst\u0259sna insanp\u0259rv\u0259rliyind\u0259n dan\u0131\u015fan m\u00fc\u0259llim Dilar\u0259 H\u0259ziyeva Mehriban \u018fliyevaya g\u00f6st\u0259rdiyi qay\u011f\u0131ya g\u00f6r\u0259 s\u0259mimi-q\u0259lbd\u0259n t\u0259\u015f\u0259kk\u00fcr edib:<\/p>\n<p>&#8220;Birinci vitse-prezident Mehriban \u018fliyeva m\u0259kt\u0259bimizin hans\u0131 \u015f\u0259raitd\u0259 oldu\u011funu bilirdi. Heyd\u0259r \u018fliyev Fondunun n\u00fcmay\u0259nd\u0259l\u0259ri m\u0259kt\u0259bimiz\u0259 qonaq g\u0259lib \u015f\u0259raitimizl\u0259 tan\u0131\u015f olduqdan sonra bu g\u00f6z\u0259l bina in\u015fa edildi. M\u0259n valideynl\u0259r v\u0259 \u015fagirdl\u0259r ad\u0131ndan Mehriban \u018fliyevaya \u00f6z d\u0259rin t\u0259\u015f\u0259kk\u00fcr\u00fcm\u00fc bildirir\u0259m&#8221;.<\/p>\n<p>Bu m\u0259kt\u0259bd\u0259 t\u0259hsil alan \u015fagirdl\u0259rd\u0259n birinin anas\u0131 Humay Quliyeva \u00f6z n\u00f6vb\u0259sind\u0259 Trend-in m\u00fcxbiri il\u0259 onun \u00f6vlad\u0131 v\u0259 ba\u015fqa u\u015faqlar \u00fc\u00e7\u00fcn m\u0259kt\u0259bd\u0259 yarad\u0131lan \u015f\u0259rait\u0259 g\u00f6r\u0259 Mehriban \u018fliyevaya s\u0259mimi-q\u0259lbd\u0259n minn\u0259tdarl\u0131q hissl\u0259rini b\u00f6l\u00fc\u015f\u00fcb:<\/p>\n<p>&#8220;Birinci vitse-prezident Mehriban \u018fliyeva ana v\u0259 bac\u0131 kimi onlar\u0131n qay\u011f\u0131s\u0131n\u0131 \u00e7\u0259kir. B\u00fct\u00fcn valideynl\u0259r ad\u0131ndan onun qar\u015f\u0131s\u0131nda ba\u015f \u0259yirik! O, bizim \u00f6lk\u0259nin birinci xan\u0131m\u0131, biz\u0259 ana v\u0259 bac\u0131 kimi qay\u011f\u0131 g\u00f6st\u0259r\u0259n g\u00f6z\u0259l insan, tan\u0131d\u0131\u011f\u0131m\u0131z \u0259n g\u00f6z\u0259l xan\u0131md\u0131r&#8221;.<\/p>\n<p>&nbsp;<\/p>\n<p><iframe loading=\"lazy\" src=\"https:\/\/www.trend.az\/player.php?f=%20https:\/\/cdn.trend.az\/media\/pictures\/2020\/01\/24\/video_11_sayli_xususi_tehsil_mektebi_240120.mp4\" width=\"100%\" height=\"360\" frameborder=\"0\" allowfullscreen=\"allowfullscreen\" data-mce-fragment=\"1\"><\/iframe><\/p>\n<\/div>\n<div class=\"social-banner\">\n<h4><\/h4>\n<div class=\"article-gallery\">\n<div class=\"lSSlideOuter \">\n<div class=\"lSSlideWrapper usingCss\">\n<ul class=\"images-list lightSlider lsGrab lSSlide\">\n<li class=\"lslide active\" data-src=\"https:\/\/img.milli.az\/2020\/01\/25\/820772.jpg\" data-fancybox=\"820772\"><img src=\"https:\/\/img.milli.az\/2020\/01\/25\/820772.jpg\" alt=\"\" \/><\/li>\n<li class=\"lslide\" data-src=\"https:\/\/img.milli.az\/2020\/01\/25\/820772_01.jpg\" data-fancybox=\"820772\"><img src=\"https:\/\/img.milli.az\/2020\/01\/25\/820772_01.jpg\" alt=\"\" \/><\/li>\n<li class=\"lslide\" data-src=\"https:\/\/img.milli.az\/2020\/01\/25\/820772_02.jpg\" data-fancybox=\"820772\"><img src=\"https:\/\/img.milli.az\/2020\/01\/25\/820772_02.jpg\" alt=\"\" \/><\/li>\n<li class=\"lslide\" data-src=\"https:\/\/img.milli.az\/2020\/01\/25\/820772_03.jpg\" data-fancybox=\"820772\"><img src=\"https:\/\/img.milli.az\/2020\/01\/25\/820772_03.jpg\" alt=\"\" \/><\/li>\n<li class=\"lslide\" data-src=\"https:\/\/img.milli.az\/2020\/01\/25\/820772_04.jpg\" data-fancybox=\"820772\"><img src=\"https:\/\/img.milli.az\/2020\/01\/25\/820772_04.jpg\" alt=\"\" \/><\/li>\n<li class=\"lslide\" data-src=\"https:\/\/img.milli.az\/2020\/01\/25\/820772_06.jpg\" data-fancybox=\"820772\"><img src=\"https:\/\/img.milli.az\/2020\/01\/25\/820772_06.jpg\" alt=\"\" \/><\/li>\n<li class=\"lslide\" data-src=\"https:\/\/img.milli.az\/2020\/01\/25\/820772_05.jpg\" data-fancybox=\"820772\"><img src=\"https:\/\/img.milli.az\/2020\/01\/25\/820772_05.jpg\" alt=\"\" \/><\/li>\n<li class=\"lslide\" data-src=\"https:\/\/img.milli.az\/2020\/01\/25\/820772_07.jpg\" data-fancybox=\"820772\"><img src=\"https:\/\/img.milli.az\/2020\/01\/25\/820772_07.jpg\" alt=\"\" \/><\/li>\n<li class=\"lslide\" data-src=\"https:\/\/img.milli.az\/2020\/01\/25\/820772_08.jpg\" data-fancybox=\"820772\"><img src=\"https:\/\/img.milli.az\/2020\/01\/25\/820772_08.jpg\" alt=\"\" \/><\/li>\n<li class=\"lslide\" data-src=\"https:\/\/img.milli.az\/2020\/01\/25\/820772_09.jpg\" data-fancybox=\"820772\"><img src=\"https:\/\/img.milli.az\/2020\/01\/25\/820772_09.jpg\" alt=\"\" \/><\/li>\n<li class=\"lslide\" data-src=\"https:\/\/img.milli.az\/2020\/01\/25\/820772_10.jpg\" data-fancybox=\"820772\"><img src=\"https:\/\/img.milli.az\/2020\/01\/25\/820772_10.jpg\" alt=\"\" \/><\/li>\n<li class=\"lslide\" data-src=\"https:\/\/img.milli.az\/2020\/01\/25\/820772_11.jpg\" data-fancybox=\"820772\"><img src=\"https:\/\/img.milli.az\/2020\/01\/25\/820772_11.jpg\" alt=\"\" \/><\/li>\n<li class=\"lslide\" data-src=\"https:\/\/img.milli.az\/2020\/01\/25\/820772_12.jpg\" data-fancybox=\"820772\"><img src=\"https:\/\/img.milli.az\/2020\/01\/25\/820772_12.jpg\" alt=\"\" \/><\/li>\n<li class=\"lslide\" data-src=\"https:\/\/img.milli.az\/2020\/01\/25\/820772_13.jpg\" data-fancybox=\"820772\"><img src=\"https:\/\/img.milli.az\/2020\/01\/25\/820772_13.jpg\" alt=\"\" \/><\/li>\n<li class=\"lslide\" data-src=\"https:\/\/img.milli.az\/2020\/01\/25\/820772_14.jpg\" data-fancybox=\"820772\"><img src=\"https:\/\/img.milli.az\/2020\/01\/25\/820772_14.jpg\" alt=\"\" \/><\/li>\n<li class=\"lslide\" data-src=\"https:\/\/img.milli.az\/2020\/01\/25\/820772_15.jpg\" data-fancybox=\"820772\"><img src=\"https:\/\/img.milli.az\/2020\/01\/25\/820772_15.jpg\" alt=\"\" \/><\/li>\n<li class=\"lslide\" data-src=\"https:\/\/img.milli.az\/2020\/01\/25\/820772_16.jpg\" data-fancybox=\"820772\"><img src=\"https:\/\/img.milli.az\/2020\/01\/25\/820772_16.jpg\" alt=\"\" \/><\/li>\n<li class=\"lslide\" data-src=\"https:\/\/img.milli.az\/2020\/01\/25\/820772_17.jpg\" data-fancybox=\"820772\"><img src=\"https:\/\/img.milli.az\/2020\/01\/25\/820772_17.jpg\" alt=\"\" \/><\/li>\n<li class=\"lslide\" data-src=\"https:\/\/img.milli.az\/2020\/01\/25\/820772_18.jpg\" data-fancybox=\"820772\"><img src=\"https:\/\/img.milli.az\/2020\/01\/25\/820772_18.jpg\" alt=\"\" \/><\/li>\n<li class=\"lslide\" data-src=\"https:\/\/img.milli.az\/2020\/01\/25\/820772_19.jpg\" data-fancybox=\"820772\"><img src=\"https:\/\/img.milli.az\/2020\/01\/25\/820772_19.jpg\" alt=\"\" \/><\/li>\n<li class=\"lslide\" data-src=\"https:\/\/img.milli.az\/2020\/01\/25\/820772_20.jpg\" data-fancybox=\"820772\"><img src=\"https:\/\/img.milli.az\/2020\/01\/25\/820772_20.jpg\" alt=\"\" \/><\/li>\n<li class=\"lslide\" data-src=\"https:\/\/img.milli.az\/2020\/01\/25\/820772_21.jpg\" data-fancybox=\"820772\"><img src=\"https:\/\/img.milli.az\/2020\/01\/25\/820772_21.jpg\" alt=\"\" \/><\/li>\n<li class=\"lslide\" data-src=\"https:\/\/img.milli.az\/2020\/01\/25\/820772_22.jpg\" data-fancybox=\"820772\"><img src=\"https:\/\/img.milli.az\/2020\/01\/25\/820772_22.jpg\" alt=\"\" \/><\/li>\n<li class=\"lslide\" data-src=\"https:\/\/img.milli.az\/2020\/01\/25\/820772_23.jpg\" data-fancybox=\"820772\"><img src=\"https:\/\/img.milli.az\/2020\/01\/25\/820772_23.jpg\" alt=\"\" \/><\/li>\n<li class=\"lslide\" data-src=\"https:\/\/img.milli.az\/2020\/01\/25\/820772_24.jpg\" data-fancybox=\"820772\"><img src=\"https:\/\/img.milli.az\/2020\/01\/25\/820772_24.jpg\" alt=\"\" \/><\/li>\n<li class=\"lslide\" data-src=\"https:\/\/img.milli.az\/2020\/01\/25\/820772_25.jpg\" data-fancybox=\"820772\"><img src=\"https:\/\/img.milli.az\/2020\/01\/25\/820772_25.jpg\" alt=\"\" \/><\/li>\n<li class=\"lslide\" data-src=\"https:\/\/img.milli.az\/2020\/01\/25\/820772_26.jpg\" data-fancybox=\"820772\"><img src=\"https:\/\/img.milli.az\/2020\/01\/25\/820772_26.jpg\" alt=\"\" \/><\/li>\n<li class=\"lslide\" data-src=\"https:\/\/img.milli.az\/2020\/01\/25\/820772_27.jpg\" data-fancybox=\"820772\"><img src=\"https:\/\/img.milli.az\/2020\/01\/25\/820772_27.jpg\" alt=\"\" \/><\/li>\n<li class=\"lslide\" data-src=\"https:\/\/img.milli.az\/2020\/01\/25\/820772_28.jpg\" data-fancybox=\"820772\"><img src=\"https:\/\/img.milli.az\/2020\/01\/25\/820772_28.jpg\" alt=\"\" \/><\/li>\n<li class=\"lslide\" data-src=\"https:\/\/img.milli.az\/2020\/01\/25\/820772_29.jpg\" data-fancybox=\"820772\"><img src=\"https:\/\/img.milli.az\/2020\/01\/25\/820772_29.jpg\" alt=\"\" \/><\/li>\n<\/ul>\n<div class=\"lSAction\"><\/div>\n<\/div>\n<\/div>\n<div class=\"lSSlideOuter \">\n<div class=\"lSSlideWrapper usingCss\">\n<div class=\"lSAction\"><\/div>\n<\/div>\n<\/div>\n<\/div>\n<div><\/div>\n<\/div>\n","protected":false},"excerpt":{"rendered":"<p>Az\u0259rbaycan Respublikas\u0131n\u0131n Birinci vitse-prezidenti Mehriban \u018fliyeva 2018-ci il oktyabr\u0131n 23-d\u0259 Bak\u0131n\u0131n N\u0259rimanov rayonunda Heyd\u0259r \u018fliyev Fondunun t\u0259\u015f\u0259bb\u00fcs\u00fc il\u0259 in\u015fa olunan 11 sayl\u0131 x\u00fcsusi t\u0259hsil m\u0259kt\u0259binin yeni binas\u0131n\u0131n a\u00e7\u0131l\u0131\u015f\u0131nda i\u015ftirak edib. Qeyd ed\u0259k ki, 11 sayl\u0131 x\u00fcsusi t\u0259hsil m\u0259kt\u0259bi 1937-ci ild\u0259n f\u0259aliyy\u0259t g\u00f6st\u0259rir. Bu t\u0259hsil oca\u011f\u0131n\u0131n k\u00f6hn\u0259 binas\u0131 1897-ci ild\u0259 in\u015fa edilmi\u015fdi. Heyd\u0259r \u018fliyev Fondu t\u0259r\u0259find\u0259n apar\u0131lan monitorinq n\u0259tic\u0259sind\u0259 m\u0259kt\u0259b binas\u0131n\u0131n t\u0259hsil\u0259 tam yarars\u0131z oldu\u011fu a\u015fkar edilmi\u015f v\u0259 N\u0259rimanov rayonunda m\u0259kt\u0259b \u00fc\u00e7\u00fcn yeni binan\u0131n in\u015fas\u0131na q\u0259rar verilmi\u015fdi. T\u0259hsil m\u00fc\u0259ssis\u0259sinin yeni \u00fc\u00e7m\u0259rt\u0259b\u0259li binas\u0131nda 250 \u015fagird yeri, 21 sinif ota\u011f\u0131, psixoloq, defektoloq, h\u0259kim&hellip;<\/p>\n","protected":false},"author":2,"featured_media":122975,"comment_status":"closed","ping_status":"closed","sticky":false,"template":"","format":"standard","meta":{"om_disable_all_campaigns":false,"_monsterinsights_skip_tracking":false,"_monsterinsights_sitenote_active":false,"_monsterinsights_sitenote_note":"","_monsterinsights_sitenote_category":0},"categories":[4],"tags":[],"aioseo_notices":[],"gutentor_comment":0,"rttpg_featured_image_url":{"full":["https:\/\/arantv.az\/wp-content\/uploads\/2020\/01\/820772_01.jpg",1000,664,false],"landscape":["https:\/\/arantv.az\/wp-content\/uploads\/2020\/01\/820772_01.jpg",1000,664,false],"portraits":["https:\/\/arantv.az\/wp-content\/uploads\/2020\/01\/820772_01.jpg",1000,664,false],"thumbnail":["https:\/\/arantv.az\/wp-content\/uploads\/2020\/01\/820772_01-150x150.jpg",150,150,true],"medium":["https:\/\/arantv.az\/wp-content\/uploads\/2020\/01\/820772_01-300x199.jpg",300,199,true],"large":["https:\/\/arantv.az\/wp-content\/uploads\/2020\/01\/820772_01.jpg",640,425,false],"1536x1536":["https:\/\/arantv.az\/wp-content\/uploads\/2020\/01\/820772_01.jpg",1000,664,false],"2048x2048":["https:\/\/arantv.az\/wp-content\/uploads\/2020\/01\/820772_01.jpg",1000,664,false],"post-thumbnail":["https:\/\/arantv.az\/wp-content\/uploads\/2020\/01\/820772_01-240x172.jpg",240,172,true],"advps-thumb-one":["https:\/\/arantv.az\/wp-content\/uploads\/2020\/01\/820772_01-1000x620.jpg",1000,620,true]},"rttpg_author":{"display_name":"V\u00fcsal Rafiqo\u011flu","author_link":"https:\/\/arantv.az\/?author=2"},"rttpg_comment":0,"rttpg_category":"<a href=\"https:\/\/arantv.az\/?cat=4\" rel=\"category\">Siyas\u0259t<\/a>","rttpg_excerpt":"Az\u0259rbaycan Respublikas\u0131n\u0131n Birinci vitse-prezidenti Mehriban \u018fliyeva 2018-ci il oktyabr\u0131n 23-d\u0259 Bak\u0131n\u0131n N\u0259rimanov rayonunda Heyd\u0259r \u018fliyev Fondunun t\u0259\u015f\u0259bb\u00fcs\u00fc il\u0259 in\u015fa olunan 11 sayl\u0131 x\u00fcsusi t\u0259hsil m\u0259kt\u0259binin yeni binas\u0131n\u0131n a\u00e7\u0131l\u0131\u015f\u0131nda i\u015ftirak edib. Qeyd ed\u0259k ki, 11 sayl\u0131 x\u00fcsusi t\u0259hsil m\u0259kt\u0259bi 1937-ci ild\u0259n f\u0259aliyy\u0259t g\u00f6st\u0259rir. Bu t\u0259hsil oca\u011f\u0131n\u0131n k\u00f6hn\u0259 binas\u0131 1897-ci ild\u0259 in\u015fa edilmi\u015fdi. Heyd\u0259r \u018fliyev Fondu t\u0259r\u0259find\u0259n&hellip;","_links":{"self":[{"href":"https:\/\/arantv.az\/index.php?rest_route=\/wp\/v2\/posts\/122974"}],"collection":[{"href":"https:\/\/arantv.az\/index.php?rest_route=\/wp\/v2\/posts"}],"about":[{"href":"https:\/\/arantv.az\/index.php?rest_route=\/wp\/v2\/types\/post"}],"author":[{"embeddable":true,"href":"https:\/\/arantv.az\/index.php?rest_route=\/wp\/v2\/users\/2"}],"replies":[{"embeddable":true,"href":"https:\/\/arantv.az\/index.php?rest_route=%2Fwp%2Fv2%2Fcomments&post=122974"}],"version-history":[{"count":0,"href":"https:\/\/arantv.az\/index.php?rest_route=\/wp\/v2\/posts\/122974\/revisions"}],"wp:featuredmedia":[{"embeddable":true,"href":"https:\/\/arantv.az\/index.php?rest_route=\/wp\/v2\/media\/122975"}],"wp:attachment":[{"href":"https:\/\/arantv.az\/index.php?rest_route=%2Fwp%2Fv2%2Fmedia&parent=122974"}],"wp:term":[{"taxonomy":"category","embeddable":true,"href":"https:\/\/arantv.az\/index.php?rest_route=%2Fwp%2Fv2%2Fcategories&post=122974"},{"taxonomy":"post_tag","embeddable":true,"href":"https:\/\/arantv.az\/index.php?rest_route=%2Fwp%2Fv2%2Ftags&post=122974"}],"curies":[{"name":"wp","href":"https:\/\/api.w.org\/{rel}","templated":true}]}}