{"id":122982,"date":"2020-01-25T15:43:35","date_gmt":"2020-01-25T12:43:35","guid":{"rendered":"http:\/\/arantv.az\/?p=122982"},"modified":"2020-01-25T15:43:35","modified_gmt":"2020-01-25T12:43:35","slug":"salyanda-heyd%c9%99r-%c9%99liyev-fondunun-t%c9%99s%c9%99bbusu-il%c9%99-yeni-m%c9%99kt%c9%99b-binasi-insa-olundu-fotolar","status":"publish","type":"post","link":"https:\/\/arantv.az\/?p=122982","title":{"rendered":"Salyanda Heyd\u0259r \u018fliyev Fondunun t\u0259\u015f\u0259bb\u00fcs\u00fc il\u0259 yeni m\u0259kt\u0259b binas\u0131 in\u015fa olundu &#8211; FOTOLAR"},"content":{"rendered":"<div class=\"articleBody\">\n<p><strong>Salyan rayonunun \u018fr\u0259bqarda\u015fb\u0259yli k\u0259nd tam orta m\u0259kt\u0259binin Heyd\u0259r \u018fliyev Fondunun t\u0259\u015f\u0259bb\u00fcs\u00fc il\u0259 in\u015fa olunan yeni binas\u0131n\u0131n a\u00e7\u0131l\u0131\u015f\u0131 olub.<\/strong><\/p>\n<p>Bu bar\u0259d\u0259\u00a0Unikal.org-a fonddan m\u0259lumat verilib.<\/p>\n<div id=\"AdviadNativeVideo0\" class=\"AdviadNativeVideo\"><\/div>\n<p>A\u00e7\u0131l\u0131\u015f m\u0259rasimind\u0259 Heyd\u0259r \u018fliyev Fondunun n\u00fcmay\u0259nd\u0259l\u0259ri, rayon icra hakimiyy\u0259tinin r\u0259hb\u0259rliyi, T\u0259hsil \u015e\u00f6b\u0259sinin \u0259m\u0259kda\u015flar\u0131, ictimaiyy\u0259t n\u00fcmay\u0259nd\u0259l\u0259ri, \u201cRegional \u0130nki\u015faf\u201d \u0130ctimai Birliyinin k\u00f6n\u00fcll\u00fcl\u0259ri, m\u00fc\u0259llim v\u0259 \u015fagirdl\u0259r i\u015ftirak edibl\u0259r.<\/p>\n<p>\u018fr\u0259bqarda\u015fb\u0259yli k\u0259nd tam orta m\u0259kt\u0259bi 1964-c\u00fc ild\u0259 in\u015fa edilib. Birm\u0259rt\u0259b\u0259li m\u0259kt\u0259b binas\u0131 q\u0259zal\u0131 v\u0259ziyy\u0259td\u0259 oldu\u011fundan yeni m\u0259kt\u0259b binas\u0131n\u0131n tikintisi z\u0259rur\u0259ti yaranm\u0131\u015fd\u0131.<\/p>\n<p>Heyd\u0259r \u018fliyev Fondunun t\u0259\u015f\u0259bb\u00fcs\u00fc il\u0259 2019-cu ild\u0259 180 \u015fagird yerlik ikim\u0259rt\u0259b\u0259li binan\u0131n tikintisi h\u0259yata ke\u00e7irilib.<\/p>\n<p>M\u0259kt\u0259bd\u0259 14 sinif ota\u011f\u0131 il\u0259 yana\u015f\u0131 laboratoriyalar, komp\u00fcter ota\u011f\u0131, f\u0259nn kabinetl\u0259ri, tibb ota\u011f\u0131, kitabxana, idman v\u0259 akt zal\u0131, yem\u0259kxana var.<\/p>\n<p>Binada istilik sistemi qurulub, m\u0259kt\u0259b inventar v\u0259 texniki vasit\u0259l\u0259rl\u0259 t\u0259chiz edilib.<\/p>\n<p>1084 n\u0259f\u0259r \u0259halisi olan \u018fr\u0259bqarda\u015fb\u0259yli k\u0259ndind\u0259ki yeni m\u0259kt\u0259bd\u0259 haz\u0131rda 117 \u015fagird t\u0259hsil al\u0131r.<\/p>\n<\/div>\n<div class=\"gallerySlider\">\n<div id=\"sync1\" class=\"owl-carousel owl-theme owl-loaded owl-drag\">\n<div class=\"owl-stage-outer\">\n<div class=\"owl-stage\">\n<div class=\"owl-item cloned\">\n<div class=\"item\"><img title=\"Salyanda Heyd\u0259r \u018fliyev Fondunun t\u0259\u015f\u0259bb\u00fcs\u00fc il\u0259 yeni m\u0259kt\u0259b binas\u0131 in\u015fa olundu- FOTOLAR\" src=\"https:\/\/www.unikal.org\/photos\/unikal\/1579954975_a1cce5bf-3a10-48c8-9dc3-194edc15e312.jpg\" alt=\"Salyanda Heyd\u0259r \u018fliyev Fondunun t\u0259\u015f\u0259bb\u00fcs\u00fc il\u0259 yeni m\u0259kt\u0259b binas\u0131 in\u015fa olundu- FOTOLAR\" \/><\/div>\n<\/div>\n<div class=\"owl-item cloned\">\n<div class=\"item\"><img title=\"Salyanda Heyd\u0259r \u018fliyev Fondunun t\u0259\u015f\u0259bb\u00fcs\u00fc il\u0259 yeni m\u0259kt\u0259b binas\u0131 in\u015fa olundu- FOTOLAR\" src=\"https:\/\/www.unikal.org\/photos\/unikal\/1579954976_bfab44e6-e427-44bf-9b30-49714c4e60bf.jpg\" alt=\"Salyanda Heyd\u0259r \u018fliyev Fondunun t\u0259\u015f\u0259bb\u00fcs\u00fc il\u0259 yeni m\u0259kt\u0259b binas\u0131 in\u015fa olundu- FOTOLAR\" \/><\/div>\n<\/div>\n<div class=\"owl-item cloned\">\n<div class=\"item\"><img title=\"Salyanda Heyd\u0259r \u018fliyev Fondunun t\u0259\u015f\u0259bb\u00fcs\u00fc il\u0259 yeni m\u0259kt\u0259b binas\u0131 in\u015fa olundu- FOTOLAR\" src=\"https:\/\/www.unikal.org\/photos\/unikal\/1579954976_cf5ad702-bd70-449d-b1ad-436e3762f124.jpg\" alt=\"Salyanda Heyd\u0259r \u018fliyev Fondunun t\u0259\u015f\u0259bb\u00fcs\u00fc il\u0259 yeni m\u0259kt\u0259b binas\u0131 in\u015fa olundu- FOTOLAR\" \/><\/div>\n<\/div>\n<div class=\"owl-item active\">\n<div class=\"item\"><img title=\"Salyanda Heyd\u0259r \u018fliyev Fondunun t\u0259\u015f\u0259bb\u00fcs\u00fc il\u0259 yeni m\u0259kt\u0259b binas\u0131 in\u015fa olundu- FOTOLAR\" src=\"https:\/\/www.unikal.org\/photos\/unikal\/1579954975_4d72ec76-d0d2-4648-8547-547ef48c9ee4.jpg\" alt=\"Salyanda Heyd\u0259r \u018fliyev Fondunun t\u0259\u015f\u0259bb\u00fcs\u00fc il\u0259 yeni m\u0259kt\u0259b binas\u0131 in\u015fa olundu- FOTOLAR\" \/><\/div>\n<\/div>\n<div class=\"owl-item\">\n<div class=\"item\"><img title=\"Salyanda Heyd\u0259r \u018fliyev Fondunun t\u0259\u015f\u0259bb\u00fcs\u00fc il\u0259 yeni m\u0259kt\u0259b binas\u0131 in\u015fa olundu- FOTOLAR\" src=\"https:\/\/www.unikal.org\/photos\/unikal\/1579954975_8923fbef-cc71-4820-b306-6c1dbe2c7cf0.jpg\" alt=\"Salyanda Heyd\u0259r \u018fliyev Fondunun t\u0259\u015f\u0259bb\u00fcs\u00fc il\u0259 yeni m\u0259kt\u0259b binas\u0131 in\u015fa olundu- FOTOLAR\" \/><\/div>\n<\/div>\n<div class=\"owl-item\">\n<div class=\"item\"><\/div>\n<\/div>\n<div class=\"owl-item\">\n<div class=\"item\"><\/div>\n<\/div>\n<div class=\"owl-item\">\n<div class=\"item\"><\/div>\n<\/div>\n<div class=\"owl-item cloned\">\n<div class=\"item\"><\/div>\n<\/div>\n<div class=\"owl-item cloned\">\n<div class=\"item\"><\/div>\n<\/div>\n<div class=\"owl-item cloned\">\n<div class=\"item\"><\/div>\n<\/div>\n<\/div>\n<\/div>\n<div class=\"owl-nav\"><\/div>\n<div class=\"owl-dots\"><\/div>\n<\/div>\n<div id=\"sync2\" class=\"owl-carousel owl-theme owl-loaded owl-drag\">\n<div class=\"owl-stage-outer\">\n<div class=\"owl-stage\">\n<div class=\"owl-item active current\"><\/div>\n<div class=\"owl-item active\">\n<div class=\"item\"><\/div>\n<\/div>\n<div class=\"owl-item active\">\n<div class=\"item\"><\/div>\n<\/div>\n<div class=\"owl-item active\">\n<div class=\"item\"><\/div>\n<\/div>\n<div class=\"owl-item\">\n<div class=\"item\"><\/div>\n<\/div>\n<\/div>\n<\/div>\n<\/div>\n<\/div>\n<div class=\"sochialShare\">\n<div>\n<div class=\"addthis_inline_share_toolbox\" data-url=\"https:\/\/www.unikal.org\/news\/232172\/salyanda-heyder-eliyev-fondunun-tesebbusu-ile-yeni-mekteb-binasi-insa-olundu-fotolar\" data-title=\"Salyanda Heyd\u0259r \u018fliyev Fondunun t\u0259\u015f\u0259bb\u00fcs\u00fc il\u0259 yeni m\u0259kt\u0259b binas\u0131 in\u015fa olundu - FOTOLAR -  Unikal.org\" data-description=\"Salyanda Heyd\u0259r \u018fliyev Fondunun t\u0259\u015f\u0259bb\u00fcs\u00fc il\u0259 yeni m\u0259kt\u0259b binas\u0131 in\u015fa olundu - FOTOLAR\">\n<div id=\"atstbx\" class=\"at-resp-share-element at-style-responsive addthis-smartlayers addthis-animated at4-show\" role=\"region\" aria-labelledby=\"at-848724b4-55b2-4697-9fa4-839111e8f8aa\"><span id=\"at-848724b4-55b2-4697-9fa4-839111e8f8aa\" class=\"at4-visually-hidden\"><\/span><\/p>\n<div class=\"at-share-btn-elements\"><\/div>\n<\/div>\n<\/div>\n<\/div>\n<\/div>\n","protected":false},"excerpt":{"rendered":"<p>Salyan rayonunun \u018fr\u0259bqarda\u015fb\u0259yli k\u0259nd tam orta m\u0259kt\u0259binin Heyd\u0259r \u018fliyev Fondunun t\u0259\u015f\u0259bb\u00fcs\u00fc il\u0259 in\u015fa olunan yeni binas\u0131n\u0131n a\u00e7\u0131l\u0131\u015f\u0131 olub. Bu bar\u0259d\u0259\u00a0Unikal.org-a fonddan m\u0259lumat verilib. A\u00e7\u0131l\u0131\u015f m\u0259rasimind\u0259 Heyd\u0259r \u018fliyev Fondunun n\u00fcmay\u0259nd\u0259l\u0259ri, rayon icra hakimiyy\u0259tinin r\u0259hb\u0259rliyi, T\u0259hsil \u015e\u00f6b\u0259sinin \u0259m\u0259kda\u015flar\u0131, ictimaiyy\u0259t n\u00fcmay\u0259nd\u0259l\u0259ri, \u201cRegional \u0130nki\u015faf\u201d \u0130ctimai Birliyinin k\u00f6n\u00fcll\u00fcl\u0259ri, m\u00fc\u0259llim v\u0259 \u015fagirdl\u0259r i\u015ftirak edibl\u0259r. \u018fr\u0259bqarda\u015fb\u0259yli k\u0259nd tam orta m\u0259kt\u0259bi 1964-c\u00fc ild\u0259 in\u015fa edilib. Birm\u0259rt\u0259b\u0259li m\u0259kt\u0259b binas\u0131 q\u0259zal\u0131 v\u0259ziyy\u0259td\u0259 oldu\u011fundan yeni m\u0259kt\u0259b binas\u0131n\u0131n tikintisi z\u0259rur\u0259ti yaranm\u0131\u015fd\u0131. Heyd\u0259r \u018fliyev Fondunun t\u0259\u015f\u0259bb\u00fcs\u00fc il\u0259 2019-cu ild\u0259 180 \u015fagird yerlik ikim\u0259rt\u0259b\u0259li binan\u0131n tikintisi h\u0259yata ke\u00e7irilib. M\u0259kt\u0259bd\u0259 14 sinif ota\u011f\u0131 il\u0259 yana\u015f\u0131&hellip;<\/p>\n","protected":false},"author":2,"featured_media":122983,"comment_status":"closed","ping_status":"closed","sticky":false,"template":"","format":"standard","meta":{"om_disable_all_campaigns":false,"_monsterinsights_skip_tracking":false,"_monsterinsights_sitenote_active":false,"_monsterinsights_sitenote_note":"","_monsterinsights_sitenote_category":0},"categories":[1],"tags":[],"aioseo_notices":[],"gutentor_comment":0,"rttpg_featured_image_url":{"full":["https:\/\/arantv.az\/wp-content\/uploads\/2020\/01\/1579954976.55d02942-c255-44e6-a148-d9eda31df94f.jpg",600,400,false],"landscape":["https:\/\/arantv.az\/wp-content\/uploads\/2020\/01\/1579954976.55d02942-c255-44e6-a148-d9eda31df94f.jpg",600,400,false],"portraits":["https:\/\/arantv.az\/wp-content\/uploads\/2020\/01\/1579954976.55d02942-c255-44e6-a148-d9eda31df94f.jpg",600,400,false],"thumbnail":["https:\/\/arantv.az\/wp-content\/uploads\/2020\/01\/1579954976.55d02942-c255-44e6-a148-d9eda31df94f-150x150.jpg",150,150,true],"medium":["https:\/\/arantv.az\/wp-content\/uploads\/2020\/01\/1579954976.55d02942-c255-44e6-a148-d9eda31df94f-300x200.jpg",300,200,true],"large":["https:\/\/arantv.az\/wp-content\/uploads\/2020\/01\/1579954976.55d02942-c255-44e6-a148-d9eda31df94f.jpg",600,400,false],"1536x1536":["https:\/\/arantv.az\/wp-content\/uploads\/2020\/01\/1579954976.55d02942-c255-44e6-a148-d9eda31df94f.jpg",600,400,false],"2048x2048":["https:\/\/arantv.az\/wp-content\/uploads\/2020\/01\/1579954976.55d02942-c255-44e6-a148-d9eda31df94f.jpg",600,400,false],"post-thumbnail":["https:\/\/arantv.az\/wp-content\/uploads\/2020\/01\/1579954976.55d02942-c255-44e6-a148-d9eda31df94f-240x172.jpg",240,172,true],"advps-thumb-one":["https:\/\/arantv.az\/wp-content\/uploads\/2020\/01\/1579954976.55d02942-c255-44e6-a148-d9eda31df94f.jpg",600,400,false]},"rttpg_author":{"display_name":"V\u00fcsal Rafiqo\u011flu","author_link":"https:\/\/arantv.az\/?author=2"},"rttpg_comment":0,"rttpg_category":"<a href=\"https:\/\/arantv.az\/?cat=1\" rel=\"category\">C\u0259miyy\u0259t<\/a>","rttpg_excerpt":"Salyan rayonunun \u018fr\u0259bqarda\u015fb\u0259yli k\u0259nd tam orta m\u0259kt\u0259binin Heyd\u0259r \u018fliyev Fondunun t\u0259\u015f\u0259bb\u00fcs\u00fc il\u0259 in\u015fa olunan yeni binas\u0131n\u0131n a\u00e7\u0131l\u0131\u015f\u0131 olub. Bu bar\u0259d\u0259\u00a0Unikal.org-a fonddan m\u0259lumat verilib. A\u00e7\u0131l\u0131\u015f m\u0259rasimind\u0259 Heyd\u0259r \u018fliyev Fondunun n\u00fcmay\u0259nd\u0259l\u0259ri, rayon icra hakimiyy\u0259tinin r\u0259hb\u0259rliyi, T\u0259hsil \u015e\u00f6b\u0259sinin \u0259m\u0259kda\u015flar\u0131, ictimaiyy\u0259t n\u00fcmay\u0259nd\u0259l\u0259ri, \u201cRegional \u0130nki\u015faf\u201d \u0130ctimai Birliyinin k\u00f6n\u00fcll\u00fcl\u0259ri, m\u00fc\u0259llim v\u0259 \u015fagirdl\u0259r i\u015ftirak edibl\u0259r. \u018fr\u0259bqarda\u015fb\u0259yli k\u0259nd tam orta m\u0259kt\u0259bi 1964-c\u00fc ild\u0259&hellip;","_links":{"self":[{"href":"https:\/\/arantv.az\/index.php?rest_route=\/wp\/v2\/posts\/122982"}],"collection":[{"href":"https:\/\/arantv.az\/index.php?rest_route=\/wp\/v2\/posts"}],"about":[{"href":"https:\/\/arantv.az\/index.php?rest_route=\/wp\/v2\/types\/post"}],"author":[{"embeddable":true,"href":"https:\/\/arantv.az\/index.php?rest_route=\/wp\/v2\/users\/2"}],"replies":[{"embeddable":true,"href":"https:\/\/arantv.az\/index.php?rest_route=%2Fwp%2Fv2%2Fcomments&post=122982"}],"version-history":[{"count":0,"href":"https:\/\/arantv.az\/index.php?rest_route=\/wp\/v2\/posts\/122982\/revisions"}],"wp:featuredmedia":[{"embeddable":true,"href":"https:\/\/arantv.az\/index.php?rest_route=\/wp\/v2\/media\/122983"}],"wp:attachment":[{"href":"https:\/\/arantv.az\/index.php?rest_route=%2Fwp%2Fv2%2Fmedia&parent=122982"}],"wp:term":[{"taxonomy":"category","embeddable":true,"href":"https:\/\/arantv.az\/index.php?rest_route=%2Fwp%2Fv2%2Fcategories&post=122982"},{"taxonomy":"post_tag","embeddable":true,"href":"https:\/\/arantv.az\/index.php?rest_route=%2Fwp%2Fv2%2Ftags&post=122982"}],"curies":[{"name":"wp","href":"https:\/\/api.w.org\/{rel}","templated":true}]}}