{"id":122994,"date":"2020-01-25T15:52:22","date_gmt":"2020-01-25T12:52:22","guid":{"rendered":"http:\/\/arantv.az\/?p=122994"},"modified":"2020-01-25T15:52:22","modified_gmt":"2020-01-25T12:52:22","slug":"bu-respublikada-az%c9%99rbaycanli-miqrantlar-coxluq-t%c9%99skil-edir","status":"publish","type":"post","link":"https:\/\/arantv.az\/?p=122994","title":{"rendered":"Bu respublikada az\u0259rbaycanl\u0131 miqrantlar \u00e7oxluq t\u0259\u015fkil edir"},"content":{"rendered":"<p>Rusiyan\u0131n Komi Respublikas\u0131nda ya\u015fayan miqrantlar aras\u0131nda az\u0259rbaycanl\u0131lar da var.<\/p>\n<p>Bu bar\u0259d\u0259 progoroduhta.ru Komi Daxili \u0130\u015fl\u0259r Nazirliyin\u0259 \u0259sas\u0259n m\u0259lumat verib.<\/p>\n<p>\u00dcmumilikd\u0259 respublika \u0259razisind\u0259 9867 miqrant qeydiyyata al\u0131n\u0131b.<\/p>\n<p>Onlar\u0131n \u0259ks\u0259riyy\u0259ti Usinsk \u015f\u0259h\u0259rind\u0259 ya\u015fay\u0131r.<\/p>\n<p>M\u0259lumatda bildirilir ki, miqrantlar \u0259sas\u0259n Ukrayna, \u00d6zb\u0259kistan, Az\u0259rbaycan, Tacikistan v\u0259 Belorus v\u0259t\u0259nda\u015flar\u0131d\u0131r.<\/p>\n<p>Miqrantlar\u00a0i\u015fl\u0259m\u0259k m\u0259qs\u0259di il\u0259 bu \u0259raziy\u0259 g\u0259lirl\u0259r.<\/p>\n","protected":false},"excerpt":{"rendered":"<p>Rusiyan\u0131n Komi Respublikas\u0131nda ya\u015fayan miqrantlar aras\u0131nda az\u0259rbaycanl\u0131lar da var. Bu bar\u0259d\u0259 progoroduhta.ru Komi Daxili \u0130\u015fl\u0259r Nazirliyin\u0259 \u0259sas\u0259n m\u0259lumat verib. \u00dcmumilikd\u0259 respublika \u0259razisind\u0259 9867 miqrant qeydiyyata al\u0131n\u0131b. Onlar\u0131n \u0259ks\u0259riyy\u0259ti Usinsk \u015f\u0259h\u0259rind\u0259 ya\u015fay\u0131r. M\u0259lumatda bildirilir ki, miqrantlar \u0259sas\u0259n Ukrayna, \u00d6zb\u0259kistan, Az\u0259rbaycan, Tacikistan v\u0259 Belorus v\u0259t\u0259nda\u015flar\u0131d\u0131r. Miqrantlar\u00a0i\u015fl\u0259m\u0259k m\u0259qs\u0259di il\u0259 bu \u0259raziy\u0259 g\u0259lirl\u0259r.<\/p>\n","protected":false},"author":2,"featured_media":122995,"comment_status":"closed","ping_status":"closed","sticky":false,"template":"","format":"standard","meta":{"om_disable_all_campaigns":false,"_monsterinsights_skip_tracking":false,"_monsterinsights_sitenote_active":false,"_monsterinsights_sitenote_note":"","_monsterinsights_sitenote_category":0},"categories":[1],"tags":[],"aioseo_notices":[],"gutentor_comment":0,"rttpg_featured_image_url":{"full":["https:\/\/arantv.az\/wp-content\/uploads\/2020\/01\/a1be7cfca83ce3a78dd4678ba8928b32_XL.jpg",620,337,false],"landscape":["https:\/\/arantv.az\/wp-content\/uploads\/2020\/01\/a1be7cfca83ce3a78dd4678ba8928b32_XL.jpg",620,337,false],"portraits":["https:\/\/arantv.az\/wp-content\/uploads\/2020\/01\/a1be7cfca83ce3a78dd4678ba8928b32_XL.jpg",620,337,false],"thumbnail":["https:\/\/arantv.az\/wp-content\/uploads\/2020\/01\/a1be7cfca83ce3a78dd4678ba8928b32_XL-150x150.jpg",150,150,true],"medium":["https:\/\/arantv.az\/wp-content\/uploads\/2020\/01\/a1be7cfca83ce3a78dd4678ba8928b32_XL-300x163.jpg",300,163,true],"large":["https:\/\/arantv.az\/wp-content\/uploads\/2020\/01\/a1be7cfca83ce3a78dd4678ba8928b32_XL.jpg",620,337,false],"1536x1536":["https:\/\/arantv.az\/wp-content\/uploads\/2020\/01\/a1be7cfca83ce3a78dd4678ba8928b32_XL.jpg",620,337,false],"2048x2048":["https:\/\/arantv.az\/wp-content\/uploads\/2020\/01\/a1be7cfca83ce3a78dd4678ba8928b32_XL.jpg",620,337,false],"post-thumbnail":["https:\/\/arantv.az\/wp-content\/uploads\/2020\/01\/a1be7cfca83ce3a78dd4678ba8928b32_XL-240x172.jpg",240,172,true],"advps-thumb-one":["https:\/\/arantv.az\/wp-content\/uploads\/2020\/01\/a1be7cfca83ce3a78dd4678ba8928b32_XL.jpg",620,337,false]},"rttpg_author":{"display_name":"V\u00fcsal Rafiqo\u011flu","author_link":"https:\/\/arantv.az\/?author=2"},"rttpg_comment":0,"rttpg_category":"<a href=\"https:\/\/arantv.az\/?cat=1\" rel=\"category\">C\u0259miyy\u0259t<\/a>","rttpg_excerpt":"Rusiyan\u0131n Komi Respublikas\u0131nda ya\u015fayan miqrantlar aras\u0131nda az\u0259rbaycanl\u0131lar da var. Bu bar\u0259d\u0259 progoroduhta.ru Komi Daxili \u0130\u015fl\u0259r Nazirliyin\u0259 \u0259sas\u0259n m\u0259lumat verib. \u00dcmumilikd\u0259 respublika \u0259razisind\u0259 9867 miqrant qeydiyyata al\u0131n\u0131b. Onlar\u0131n \u0259ks\u0259riyy\u0259ti Usinsk \u015f\u0259h\u0259rind\u0259 ya\u015fay\u0131r. M\u0259lumatda bildirilir ki, miqrantlar \u0259sas\u0259n Ukrayna, \u00d6zb\u0259kistan, Az\u0259rbaycan, Tacikistan v\u0259 Belorus v\u0259t\u0259nda\u015flar\u0131d\u0131r. Miqrantlar\u00a0i\u015fl\u0259m\u0259k m\u0259qs\u0259di il\u0259 bu \u0259raziy\u0259 g\u0259lirl\u0259r.","_links":{"self":[{"href":"https:\/\/arantv.az\/index.php?rest_route=\/wp\/v2\/posts\/122994"}],"collection":[{"href":"https:\/\/arantv.az\/index.php?rest_route=\/wp\/v2\/posts"}],"about":[{"href":"https:\/\/arantv.az\/index.php?rest_route=\/wp\/v2\/types\/post"}],"author":[{"embeddable":true,"href":"https:\/\/arantv.az\/index.php?rest_route=\/wp\/v2\/users\/2"}],"replies":[{"embeddable":true,"href":"https:\/\/arantv.az\/index.php?rest_route=%2Fwp%2Fv2%2Fcomments&post=122994"}],"version-history":[{"count":0,"href":"https:\/\/arantv.az\/index.php?rest_route=\/wp\/v2\/posts\/122994\/revisions"}],"wp:featuredmedia":[{"embeddable":true,"href":"https:\/\/arantv.az\/index.php?rest_route=\/wp\/v2\/media\/122995"}],"wp:attachment":[{"href":"https:\/\/arantv.az\/index.php?rest_route=%2Fwp%2Fv2%2Fmedia&parent=122994"}],"wp:term":[{"taxonomy":"category","embeddable":true,"href":"https:\/\/arantv.az\/index.php?rest_route=%2Fwp%2Fv2%2Fcategories&post=122994"},{"taxonomy":"post_tag","embeddable":true,"href":"https:\/\/arantv.az\/index.php?rest_route=%2Fwp%2Fv2%2Ftags&post=122994"}],"curies":[{"name":"wp","href":"https:\/\/api.w.org\/{rel}","templated":true}]}}