{"id":122998,"date":"2020-01-25T15:57:15","date_gmt":"2020-01-25T12:57:15","guid":{"rendered":"http:\/\/arantv.az\/?p=122998"},"modified":"2020-01-25T15:57:15","modified_gmt":"2020-01-25T12:57:15","slug":"turkiy%c9%99d%c9%99-bas-ver%c9%99n-guclu-z%c9%99lz%c9%99l%c9%99l%c9%99r-siyahi","status":"publish","type":"post","link":"https:\/\/arantv.az\/?p=122998","title":{"rendered":"T\u00fcrkiy\u0259d\u0259 ba\u015f ver\u0259n g\u00fccl\u00fc z\u0259lz\u0259l\u0259l\u0259r &#8211; S\u0130YAHI"},"content":{"rendered":"<p>D\u00fcn\u0259n ax\u015fam saatlar\u0131nda T\u00fcrkiy\u0259nin Elaz\u0131\u011f \u015f\u0259h\u0259rinin Sivrice rayonunda ba\u015f ver\u0259n 6,8 bal g\u00fcc\u00fcnd\u0259 olan z\u0259lz\u0259l\u0259 n\u0259tic\u0259sind\u0259 20-d\u0259n \u00e7ox insan h\u0259lak olub.<\/p>\n<p>\u201cH\u00fcrriy\u0259t\u201d q\u0259zeti T\u00fcrkiy\u0259 tarixind\u0259 ba\u015f ver\u0259n \u0259n g\u00fccl\u00fc z\u0259lz\u0259l\u0259l\u0259rin siyah\u0131s\u0131n\u0131 yay\u0131mlay\u0131b:<\/p>\n<p><strong>\u0130stanbul, 1509-cu il<\/strong><\/p>\n<p>M\u0259rm\u0259r\u0259 d\u0259nizind\u0259 Osmanl\u0131 imperiyas\u0131 vaxt\u0131 40 g\u00fcn boyunca ard-arda z\u0259lz\u0259l\u0259l\u0259r ba\u015f verib v\u0259 bunlardan \u0259n g\u00fccl\u00fcs\u00fc \u201cki\u00e7ik qiyam\u0259t\u201d ad\u0131n\u0131 alan maqnitudas\u0131 7,2 bal olan z\u0259lz\u0259l\u0259dir. Bu t\u0259bi\u0259t hadis\u0259si vaxt\u0131 130 min n\u0259f\u0259r \u00f6l\u00fcb, mind\u0259n \u00e7ox ev da\u011f\u0131l\u0131b.<\/p>\n<p><strong>\u018frzincan, 1939-cu il<\/strong><\/p>\n<p>\u018frzincanda 1939-cu il dekabr\u0131n 27-d\u0259 ba\u015f ver\u0259n 7,9 bal g\u00fcc\u00fcnd\u0259 z\u0259lz\u0259l\u0259 n\u0259tic\u0259sind\u0259 33 min insan \u00f6l\u00fcb, 100 min n\u0259f\u0259r is\u0259 yaralan\u0131b. \u00dcmumilikd\u0259, 116 mind\u0259n \u00e7ox ev da\u011f\u0131l\u0131b.<\/p>\n<p><strong>Erbaa, 1942-ci il<\/strong><\/p>\n<p>1942-ci ild\u0259 Tokat\u0131n Erbaa rayonunda ba\u015f ver\u0259n v\u0259 maqnitudas\u0131 7 bal olan z\u0259lz\u0259l\u0259 zaman\u0131 \u00fc\u00e7 min n\u0259f\u0259r h\u0259yat\u0131n\u0131 itirib.<\/p>\n<p><strong>Ladik, 1943-c\u00fc il<\/strong><\/p>\n<p>Samsunun Ladik rayonunda 1943-c\u00fc il noyarb\u0131n 26-da qeyd\u0259 al\u0131nan 7,6 bal g\u00fcc\u00fcnd\u0259 z\u0259lz\u0259l\u0259 n\u0259tic\u0259sind\u0259 burada yerl\u0259\u015f\u0259n tikilil\u0259rin 75 faizi da\u011f\u0131l\u0131b, 2300 insan \u00f6l\u00fcb, be\u015f min n\u0259f\u0259r is\u0259 yaralan\u0131b.<\/p>\n<p><strong>Vatro, 1966-c\u0131 il\u00a0<\/strong><\/p>\n<p>Mu\u015fun Vatro rayonunda 1966-c\u0131 ild\u0259 iki g\u00fccl\u00fc z\u0259lz\u0259l\u0259 olub. Birinci z\u0259lz\u0259l\u0259 mart\u0131n 7-d\u0259 qeyd\u0259 al\u0131n\u0131b v\u0259 bu zaman 14 n\u0259f\u0259r \u00f6l\u00fcb, 75 n\u0259f\u0259r yaralan\u0131b. Avqustun 19-da ba\u015f ver\u0259n z\u0259lz\u0259l\u0259 n\u0259tic\u0259sind\u0259 is\u0259 2400 n\u0259f\u0259r \u00f6l\u00fcb, 1500 insan yaralan\u0131b.<\/p>\n<p><strong>Muradiy\u0259, 1976-c\u0131 il<\/strong><\/p>\n<p>Van\u0131n Muradiy\u0259 rayonunda 1976-c\u0131 il 24 noyabrda qeyd\u0259 al\u0131nan 7,5 bal g\u00fcc\u00fcnd\u0259 z\u0259lz\u0259l\u0259 n\u0259tic\u0259sind\u0259 10 min tikili z\u0259r\u0259r g\u00f6r\u00fcb, 3840 n\u0259f\u0259r \u00f6l\u00fcb, 500 insan yaralan\u0131b. \u00d6l\u0259nl\u0259rin \u00e7oxu da\u011f\u0131nt\u0131lar alt\u0131nda qalaraq, temperaturun m\u0259nfi 17 d\u0259r\u0259c\u0259y\u0259 d\u00fc\u015fm\u0259si n\u0259tic\u0259sind\u0259 h\u0259yatlar\u0131n\u0131 itiribl\u0259r.<\/p>\n<p><strong>G\u00f6lc\u00fck, 1999-cu il<\/strong><\/p>\n<p>Kocaelinin G\u00f6lc\u00fck rayonunda 1999-cu ild\u0259 7,4 bal g\u00fcc\u00fcnd\u0259 z\u0259lz\u0259l\u0259 ba\u015f verib. Kocaeli ba\u015fda olmaqla Yalova, Sakarya, \u0130stanbul, Bursa, Bolu, Zonguldak v\u0259 Eske\u015fehird\u0259 \u00fcmumilikd\u0259 18 min insan \u00f6l\u00fcb, 20 mind\u0259n \u00e7oxu yaralan\u0131b.<\/p>\n<p><strong>D\u00fczc\u0259, 1999-cu il<\/strong><\/p>\n<p>D\u00fczc\u0259d\u0259 1999-cu il noyabr\u0131n 12-d\u0259 7,2 bal g\u00fcc\u00fcnd\u0259 z\u0259lz\u0259l\u0259 ba\u015f verib. 30 saniy\u0259 davam ed\u0259n yeralt\u0131 t\u0259kanlar zaman\u0131 710 n\u0259f\u0259r \u00f6l\u00fcb, 2678 insan yaralan\u0131b.<\/p>\n<p><strong>Van, 2011-ci il<\/strong><\/p>\n<p>Van\u0131n Tabanl\u0131 rayonunda 2011-ci il 23 oktyabrda ba\u015f ver\u0259n 7,2 bal, Edremitd\u0259 noyabr\u0131n 9-da qeyd\u0259 al\u0131nan 5,6 bal g\u00fcc\u00fcnd\u0259 iki g\u00fccl\u00fc z\u0259lz\u0259l\u0259 n\u0259tic\u0259sind\u0259 644 n\u0259f\u0259r \u00f6l\u00fcb, 1966 insan yaralan\u0131b.<\/p>\n","protected":false},"excerpt":{"rendered":"<p>D\u00fcn\u0259n ax\u015fam saatlar\u0131nda T\u00fcrkiy\u0259nin Elaz\u0131\u011f \u015f\u0259h\u0259rinin Sivrice rayonunda ba\u015f ver\u0259n 6,8 bal g\u00fcc\u00fcnd\u0259 olan z\u0259lz\u0259l\u0259 n\u0259tic\u0259sind\u0259 20-d\u0259n \u00e7ox insan h\u0259lak olub. \u201cH\u00fcrriy\u0259t\u201d q\u0259zeti T\u00fcrkiy\u0259 tarixind\u0259 ba\u015f ver\u0259n \u0259n g\u00fccl\u00fc z\u0259lz\u0259l\u0259l\u0259rin siyah\u0131s\u0131n\u0131 yay\u0131mlay\u0131b: \u0130stanbul, 1509-cu il M\u0259rm\u0259r\u0259 d\u0259nizind\u0259 Osmanl\u0131 imperiyas\u0131 vaxt\u0131 40 g\u00fcn boyunca ard-arda z\u0259lz\u0259l\u0259l\u0259r ba\u015f verib v\u0259 bunlardan \u0259n g\u00fccl\u00fcs\u00fc \u201cki\u00e7ik qiyam\u0259t\u201d ad\u0131n\u0131 alan maqnitudas\u0131 7,2 bal olan z\u0259lz\u0259l\u0259dir. Bu t\u0259bi\u0259t hadis\u0259si vaxt\u0131 130 min n\u0259f\u0259r \u00f6l\u00fcb, mind\u0259n \u00e7ox ev da\u011f\u0131l\u0131b. \u018frzincan, 1939-cu il \u018frzincanda 1939-cu il dekabr\u0131n 27-d\u0259 ba\u015f ver\u0259n 7,9 bal g\u00fcc\u00fcnd\u0259 z\u0259lz\u0259l\u0259 n\u0259tic\u0259sind\u0259 33 min insan&hellip;<\/p>\n","protected":false},"author":2,"featured_media":122999,"comment_status":"closed","ping_status":"closed","sticky":false,"template":"","format":"standard","meta":{"om_disable_all_campaigns":false,"_monsterinsights_skip_tracking":false,"_monsterinsights_sitenote_active":false,"_monsterinsights_sitenote_note":"","_monsterinsights_sitenote_category":0},"categories":[7],"tags":[],"aioseo_notices":[],"gutentor_comment":0,"rttpg_featured_image_url":{"full":["https:\/\/arantv.az\/wp-content\/uploads\/2020\/01\/headline.jpg",620,310,false],"landscape":["https:\/\/arantv.az\/wp-content\/uploads\/2020\/01\/headline.jpg",620,310,false],"portraits":["https:\/\/arantv.az\/wp-content\/uploads\/2020\/01\/headline.jpg",620,310,false],"thumbnail":["https:\/\/arantv.az\/wp-content\/uploads\/2020\/01\/headline-150x150.jpg",150,150,true],"medium":["https:\/\/arantv.az\/wp-content\/uploads\/2020\/01\/headline-300x150.jpg",300,150,true],"large":["https:\/\/arantv.az\/wp-content\/uploads\/2020\/01\/headline.jpg",620,310,false],"1536x1536":["https:\/\/arantv.az\/wp-content\/uploads\/2020\/01\/headline.jpg",620,310,false],"2048x2048":["https:\/\/arantv.az\/wp-content\/uploads\/2020\/01\/headline.jpg",620,310,false],"post-thumbnail":["https:\/\/arantv.az\/wp-content\/uploads\/2020\/01\/headline-240x172.jpg",240,172,true],"advps-thumb-one":["https:\/\/arantv.az\/wp-content\/uploads\/2020\/01\/headline.jpg",620,310,false]},"rttpg_author":{"display_name":"V\u00fcsal Rafiqo\u011flu","author_link":"https:\/\/arantv.az\/?author=2"},"rttpg_comment":0,"rttpg_category":"<a href=\"https:\/\/arantv.az\/?cat=7\" rel=\"category\">D\u00fcnya<\/a>","rttpg_excerpt":"D\u00fcn\u0259n ax\u015fam saatlar\u0131nda T\u00fcrkiy\u0259nin Elaz\u0131\u011f \u015f\u0259h\u0259rinin Sivrice rayonunda ba\u015f ver\u0259n 6,8 bal g\u00fcc\u00fcnd\u0259 olan z\u0259lz\u0259l\u0259 n\u0259tic\u0259sind\u0259 20-d\u0259n \u00e7ox insan h\u0259lak olub. \u201cH\u00fcrriy\u0259t\u201d q\u0259zeti T\u00fcrkiy\u0259 tarixind\u0259 ba\u015f ver\u0259n \u0259n g\u00fccl\u00fc z\u0259lz\u0259l\u0259l\u0259rin siyah\u0131s\u0131n\u0131 yay\u0131mlay\u0131b: \u0130stanbul, 1509-cu il M\u0259rm\u0259r\u0259 d\u0259nizind\u0259 Osmanl\u0131 imperiyas\u0131 vaxt\u0131 40 g\u00fcn boyunca ard-arda z\u0259lz\u0259l\u0259l\u0259r ba\u015f verib v\u0259 bunlardan \u0259n g\u00fccl\u00fcs\u00fc \u201cki\u00e7ik qiyam\u0259t\u201d ad\u0131n\u0131 alan&hellip;","_links":{"self":[{"href":"https:\/\/arantv.az\/index.php?rest_route=\/wp\/v2\/posts\/122998"}],"collection":[{"href":"https:\/\/arantv.az\/index.php?rest_route=\/wp\/v2\/posts"}],"about":[{"href":"https:\/\/arantv.az\/index.php?rest_route=\/wp\/v2\/types\/post"}],"author":[{"embeddable":true,"href":"https:\/\/arantv.az\/index.php?rest_route=\/wp\/v2\/users\/2"}],"replies":[{"embeddable":true,"href":"https:\/\/arantv.az\/index.php?rest_route=%2Fwp%2Fv2%2Fcomments&post=122998"}],"version-history":[{"count":0,"href":"https:\/\/arantv.az\/index.php?rest_route=\/wp\/v2\/posts\/122998\/revisions"}],"wp:featuredmedia":[{"embeddable":true,"href":"https:\/\/arantv.az\/index.php?rest_route=\/wp\/v2\/media\/122999"}],"wp:attachment":[{"href":"https:\/\/arantv.az\/index.php?rest_route=%2Fwp%2Fv2%2Fmedia&parent=122998"}],"wp:term":[{"taxonomy":"category","embeddable":true,"href":"https:\/\/arantv.az\/index.php?rest_route=%2Fwp%2Fv2%2Fcategories&post=122998"},{"taxonomy":"post_tag","embeddable":true,"href":"https:\/\/arantv.az\/index.php?rest_route=%2Fwp%2Fv2%2Ftags&post=122998"}],"curies":[{"name":"wp","href":"https:\/\/api.w.org\/{rel}","templated":true}]}}