{"id":123006,"date":"2020-01-25T16:06:53","date_gmt":"2020-01-25T13:06:53","guid":{"rendered":"http:\/\/arantv.az\/?p=123006"},"modified":"2020-01-25T16:06:53","modified_gmt":"2020-01-25T13:06:53","slug":"canli-yayima-hazirlasan-uc-nazirin-z%c9%99lz%c9%99l%c9%99y%c9%99-reaksiyasi-video","status":"publish","type":"post","link":"https:\/\/arantv.az\/?p=123006","title":{"rendered":"Canl\u0131 yay\u0131ma haz\u0131rla\u015fan \u00fc\u00e7 nazirin z\u0259lz\u0259l\u0259y\u0259 reaksiyas\u0131 \u2013 V\u0130DEO"},"content":{"rendered":"<p>T\u00fcrkiy\u0259d\u0259 bir ne\u00e7\u0259 nazir\u00a0t\u0259bii f\u0259lak\u0259tl\u0259 ba\u011fl\u0131 canl\u0131 yay\u0131mda a\u00e7\u0131qlama verm\u0259y\u0259 haz\u0131rla\u015fark\u0259n z\u0259lz\u0259l\u0259 ba\u015f verib. H\u0259min anlar kameralar t\u0259r\u0259find\u0259n qeyd\u0259 al\u0131n\u0131b.<\/p>\n<p>Bu bar\u0259d\u0259 \u201cHaber Global\u201d m\u0259lumat yay\u0131b.<\/p>\n<p>Bildirilir ki, D\u0130N r\u0259hb\u0259ri S\u00fcleyman Soylu, \u018ftraf M\u00fchit v\u0259 Urbanizasiya naziri Murat Kurum v\u0259 S\u0259hiyy\u0259 naziri Fahrettin Koca z\u0259lz\u0259l\u0259 b\u00f6lg\u0259sin\u0259 bax\u0131\u015f ke\u00e7iribl\u0259r, sonra is\u0259 a\u00e7\u0131qlama verm\u0259k \u00fc\u00e7\u00fcn valilik binas\u0131na g\u0259libl\u0259r. Canl\u0131 yay\u0131ma haz\u0131rla\u015fark\u0259n is\u0259 yenid\u0259n yeralt\u0131 t\u0259kanlar ba\u015flay\u0131b.<\/p>\n<div><iframe loading=\"lazy\" src=\"https:\/\/www.youtube.com\/embed\/P6yXYS2J15s\" width=\"560\" height=\"315\" frameborder=\"0\" allowfullscreen=\"allowfullscreen\" data-mce-fragment=\"1\"><\/iframe><\/div>\n<p>Xat\u0131rladaq ki, d\u00fcn\u0259n T\u00fcrkiy\u0259nin Elaz\u0131\u011f v\u0259 Malatya vilay\u0259tl\u0259rind\u0259 g\u00fccl\u00fc z\u0259lz\u0259l\u0259 ba\u015f verib. 6,8 bal g\u00fcc\u00fcnd\u0259 olan t\u0259kanlara g\u00f6r\u0259 Adana, Diyarbak\u0131r, Qaziantep \u015f\u0259h\u0259rl\u0259rind\u0259 insanlar gec\u0259ni k\u00fc\u00e7\u0259l\u0259rd\u0259 ke\u00e7iribl\u0259r. T\u0259bii f\u0259lak\u0259t n\u0259tic\u0259sind\u0259 bir s\u0131r aya\u015fay\u0131\u015f binas\u0131 u\u00e7ub. Da\u011f\u0131nt\u0131lar alt\u0131ndan qalan insanlar\u0131n \u00e7\u0131xar\u0131lmas\u0131 davam etdirilir.<\/p>\n<p>Son m\u0259lumatlara g\u00f6r\u0259, yeralt\u0131 t\u0259kanlar n\u0259tic\u0259sind\u0259 22 n\u0259f\u0259r h\u0259lak olub.<\/p>\n","protected":false},"excerpt":{"rendered":"<p>T\u00fcrkiy\u0259d\u0259 bir ne\u00e7\u0259 nazir\u00a0t\u0259bii f\u0259lak\u0259tl\u0259 ba\u011fl\u0131 canl\u0131 yay\u0131mda a\u00e7\u0131qlama verm\u0259y\u0259 haz\u0131rla\u015fark\u0259n z\u0259lz\u0259l\u0259 ba\u015f verib. H\u0259min anlar kameralar t\u0259r\u0259find\u0259n qeyd\u0259 al\u0131n\u0131b. Bu bar\u0259d\u0259 \u201cHaber Global\u201d m\u0259lumat yay\u0131b. Bildirilir ki, D\u0130N r\u0259hb\u0259ri S\u00fcleyman Soylu, \u018ftraf M\u00fchit v\u0259 Urbanizasiya naziri Murat Kurum v\u0259 S\u0259hiyy\u0259 naziri Fahrettin Koca z\u0259lz\u0259l\u0259 b\u00f6lg\u0259sin\u0259 bax\u0131\u015f ke\u00e7iribl\u0259r, sonra is\u0259 a\u00e7\u0131qlama verm\u0259k \u00fc\u00e7\u00fcn valilik binas\u0131na g\u0259libl\u0259r. Canl\u0131 yay\u0131ma haz\u0131rla\u015fark\u0259n is\u0259 yenid\u0259n yeralt\u0131 t\u0259kanlar ba\u015flay\u0131b. Xat\u0131rladaq ki, d\u00fcn\u0259n T\u00fcrkiy\u0259nin Elaz\u0131\u011f v\u0259 Malatya vilay\u0259tl\u0259rind\u0259 g\u00fccl\u00fc z\u0259lz\u0259l\u0259 ba\u015f verib. 6,8 bal g\u00fcc\u00fcnd\u0259 olan t\u0259kanlara g\u00f6r\u0259 Adana, Diyarbak\u0131r, Qaziantep \u015f\u0259h\u0259rl\u0259rind\u0259 insanlar gec\u0259ni k\u00fc\u00e7\u0259l\u0259rd\u0259 ke\u00e7iribl\u0259r.&hellip;<\/p>\n","protected":false},"author":2,"featured_media":123007,"comment_status":"closed","ping_status":"closed","sticky":false,"template":"","format":"standard","meta":{"om_disable_all_campaigns":false,"_monsterinsights_skip_tracking":false,"_monsterinsights_sitenote_active":false,"_monsterinsights_sitenote_note":"","_monsterinsights_sitenote_category":0},"categories":[7],"tags":[],"aioseo_notices":[],"gutentor_comment":0,"rttpg_featured_image_url":{"full":["https:\/\/arantv.az\/wp-content\/uploads\/2020\/01\/kapak_120027_bakanlar-depreme-canli-yayinda-yakalandi..jpg",620,367,false],"landscape":["https:\/\/arantv.az\/wp-content\/uploads\/2020\/01\/kapak_120027_bakanlar-depreme-canli-yayinda-yakalandi..jpg",620,367,false],"portraits":["https:\/\/arantv.az\/wp-content\/uploads\/2020\/01\/kapak_120027_bakanlar-depreme-canli-yayinda-yakalandi..jpg",620,367,false],"thumbnail":["https:\/\/arantv.az\/wp-content\/uploads\/2020\/01\/kapak_120027_bakanlar-depreme-canli-yayinda-yakalandi.-150x150.jpg",150,150,true],"medium":["https:\/\/arantv.az\/wp-content\/uploads\/2020\/01\/kapak_120027_bakanlar-depreme-canli-yayinda-yakalandi.-300x178.jpg",300,178,true],"large":["https:\/\/arantv.az\/wp-content\/uploads\/2020\/01\/kapak_120027_bakanlar-depreme-canli-yayinda-yakalandi..jpg",620,367,false],"1536x1536":["https:\/\/arantv.az\/wp-content\/uploads\/2020\/01\/kapak_120027_bakanlar-depreme-canli-yayinda-yakalandi..jpg",620,367,false],"2048x2048":["https:\/\/arantv.az\/wp-content\/uploads\/2020\/01\/kapak_120027_bakanlar-depreme-canli-yayinda-yakalandi..jpg",620,367,false],"post-thumbnail":["https:\/\/arantv.az\/wp-content\/uploads\/2020\/01\/kapak_120027_bakanlar-depreme-canli-yayinda-yakalandi.-240x172.jpg",240,172,true],"advps-thumb-one":["https:\/\/arantv.az\/wp-content\/uploads\/2020\/01\/kapak_120027_bakanlar-depreme-canli-yayinda-yakalandi..jpg",620,367,false]},"rttpg_author":{"display_name":"V\u00fcsal Rafiqo\u011flu","author_link":"https:\/\/arantv.az\/?author=2"},"rttpg_comment":0,"rttpg_category":"<a href=\"https:\/\/arantv.az\/?cat=7\" rel=\"category\">D\u00fcnya<\/a>","rttpg_excerpt":"T\u00fcrkiy\u0259d\u0259 bir ne\u00e7\u0259 nazir\u00a0t\u0259bii f\u0259lak\u0259tl\u0259 ba\u011fl\u0131 canl\u0131 yay\u0131mda a\u00e7\u0131qlama verm\u0259y\u0259 haz\u0131rla\u015fark\u0259n z\u0259lz\u0259l\u0259 ba\u015f verib. H\u0259min anlar kameralar t\u0259r\u0259find\u0259n qeyd\u0259 al\u0131n\u0131b. Bu bar\u0259d\u0259 \u201cHaber Global\u201d m\u0259lumat yay\u0131b. Bildirilir ki, D\u0130N r\u0259hb\u0259ri S\u00fcleyman Soylu, \u018ftraf M\u00fchit v\u0259 Urbanizasiya naziri Murat Kurum v\u0259 S\u0259hiyy\u0259 naziri Fahrettin Koca z\u0259lz\u0259l\u0259 b\u00f6lg\u0259sin\u0259 bax\u0131\u015f ke\u00e7iribl\u0259r, sonra is\u0259 a\u00e7\u0131qlama verm\u0259k \u00fc\u00e7\u00fcn valilik binas\u0131na&hellip;","_links":{"self":[{"href":"https:\/\/arantv.az\/index.php?rest_route=\/wp\/v2\/posts\/123006"}],"collection":[{"href":"https:\/\/arantv.az\/index.php?rest_route=\/wp\/v2\/posts"}],"about":[{"href":"https:\/\/arantv.az\/index.php?rest_route=\/wp\/v2\/types\/post"}],"author":[{"embeddable":true,"href":"https:\/\/arantv.az\/index.php?rest_route=\/wp\/v2\/users\/2"}],"replies":[{"embeddable":true,"href":"https:\/\/arantv.az\/index.php?rest_route=%2Fwp%2Fv2%2Fcomments&post=123006"}],"version-history":[{"count":0,"href":"https:\/\/arantv.az\/index.php?rest_route=\/wp\/v2\/posts\/123006\/revisions"}],"wp:featuredmedia":[{"embeddable":true,"href":"https:\/\/arantv.az\/index.php?rest_route=\/wp\/v2\/media\/123007"}],"wp:attachment":[{"href":"https:\/\/arantv.az\/index.php?rest_route=%2Fwp%2Fv2%2Fmedia&parent=123006"}],"wp:term":[{"taxonomy":"category","embeddable":true,"href":"https:\/\/arantv.az\/index.php?rest_route=%2Fwp%2Fv2%2Fcategories&post=123006"},{"taxonomy":"post_tag","embeddable":true,"href":"https:\/\/arantv.az\/index.php?rest_route=%2Fwp%2Fv2%2Ftags&post=123006"}],"curies":[{"name":"wp","href":"https:\/\/api.w.org\/{rel}","templated":true}]}}