{"id":123010,"date":"2020-01-25T16:08:33","date_gmt":"2020-01-25T13:08:33","guid":{"rendered":"http:\/\/arantv.az\/?p=123010"},"modified":"2020-01-25T16:08:33","modified_gmt":"2020-01-25T13:08:33","slug":"turkiy%c9%99d%c9%99-z%c9%99lz%c9%99l%c9%99-zonasinda-t%c9%99hsil-alan-az%c9%99rbaycanli-t%c9%99l%c9%99b%c9%99l%c9%99r-naxcivana-aparilacaq","status":"publish","type":"post","link":"https:\/\/arantv.az\/?p=123010","title":{"rendered":"T\u00fcrkiy\u0259d\u0259 z\u0259lz\u0259l\u0259 zonas\u0131nda t\u0259hsil alan az\u0259rbaycanl\u0131 t\u0259l\u0259b\u0259l\u0259r Nax\u00e7\u0131vana apar\u0131lacaq"},"content":{"rendered":"<div class=\"spot\">\u201cAz\u0259rbaycan Respublikas\u0131n\u0131n Prezidenti \u0130lham \u018fliyevin tap\u015f\u0131r\u0131\u011f\u0131na \u0259sas\u0259n T\u00fcrkiy\u0259d\u0259 z\u0259lz\u0259l\u0259 zonas\u0131nda t\u0259hsil alan az\u0259rbaycanl\u0131 t\u0259l\u0259b\u0259l\u0259rin t\u0259xliy\u0259sin\u0259 ba\u015flan\u0131l\u0131b\u201d.<\/div>\n<p><strong>ARANTV.AZ<\/strong>\u00a0 x\u0259b\u0259r verir ki, bunu APA-ya Az\u0259rbaycan\u0131n T\u00fcrkiy\u0259d\u0259ki s\u0259firliyinin ikinci katibi M\u00fcr\u015f\u00fcd M\u0259mm\u0259dov deyib.<\/p>\n<p>Onun s\u00f6zl\u0259rin\u0259 g\u00f6r\u0259, Elaz\u0131\u011f v\u0259 Malatyada t\u0259hsil alan Az\u0259rbaycan v\u0259t\u0259nda\u015flar\u0131 olan t\u0259l\u0259b\u0259l\u0259r m\u0259lumatland\u0131r\u0131l\u0131b v\u0259 onlar\u0131n t\u0259xliy\u0259si \u00fc\u00e7\u00fcn avtobuslar ayr\u0131l\u0131b.<\/p>\n<p>M. M\u0259mm\u0259dov bildirib ki, yaln\u0131z t\u0259l\u0259b\u0259l\u0259r deyil, z\u0259lz\u0259l\u0259 \u0259razisind\u0259 ya\u015fayan dig\u0259r Az\u0259rbaycan v\u0259t\u0259nda\u015flar\u0131 da bu avtobuslar\u0131n xidm\u0259tind\u0259n istifad\u0259 ed\u0259 bil\u0259c\u0259k: \u201cHaz\u0131rda bir avtobus Elaz\u0131\u011fa yax\u0131nla\u015fmaqdad\u0131r. T\u0259l\u0259b\u0259l\u0259r Malatya v\u0259 Elaz\u0131\u011fdan Nax\u00e7\u0131vana apar\u0131lacaq. S\u0259n\u0259dl\u0259ri qaydas\u0131nda olmayan v\u0259t\u0259nda\u015flar\u0131m\u0131za Qars Ba\u015f Konsullu\u011fu t\u0259r\u0259find\u0259n yard\u0131m g\u00f6st\u0259ril\u0259c\u0259k\u201d.<br \/>\nM. M\u0259mm\u0259dov vur\u011fulay\u0131b ki, t\u0259l\u0259b\u0259l\u0259r aras\u0131nda z\u0259lz\u0259l\u0259d\u0259n z\u0259r\u0259r\u00e7\u0259k\u0259n olmay\u0131b v\u0259 t\u0259l\u0259b\u0259l\u0259rin geri qay\u0131tmas\u0131 T\u00fcrkiy\u0259 d\u00f6vl\u0259tinin m\u00fcvafiq m\u0259lumat\u0131ndan sonra m\u00fcmk\u00fcn olacaq.<\/p>\n<p>Qeyd ed\u0259k ki, Prezident \u0130lham \u018fliyev T\u00fcrkiy\u0259d\u0259 az\u0259rbaycanl\u0131 t\u0259l\u0259b\u0259l\u0259rin z\u0259lz\u0259l\u0259 zonas\u0131ndan t\u0259xliy\u0259si haqda tap\u015f\u0131r\u0131q verib.<\/p>\n<p>Xat\u0131rladaq ki, yanvar\u0131n 24-d\u0259 ax\u015fam saatlar\u0131nda T\u00fcrkiy\u0259nin Elaz\u0131\u011f vilay\u0259tinin Sivric\u0259 rayonunda 6,8 bal g\u00fcc\u00fcnd\u0259 z\u0259lz\u0259l\u0259 olub.<\/p>\n<p>Son olaraq z\u0259lz\u0259l\u0259 n\u0259tic\u0259sind\u0259 22 n\u0259f\u0259rin \u00f6ld\u00fcy\u00fc, 1031 n\u0259f\u0259rin yaraland\u0131\u011f\u0131 a\u00e7\u0131qlan\u0131b.<\/p>\n<p>Elaz\u0131\u011fda 18, Malatyada 4 n\u0259f\u0259r t\u0259bii f\u0259lak\u0259tin qurban\u0131 olub.<\/p>\n","protected":false},"excerpt":{"rendered":"<p>\u201cAz\u0259rbaycan Respublikas\u0131n\u0131n Prezidenti \u0130lham \u018fliyevin tap\u015f\u0131r\u0131\u011f\u0131na \u0259sas\u0259n T\u00fcrkiy\u0259d\u0259 z\u0259lz\u0259l\u0259 zonas\u0131nda t\u0259hsil alan az\u0259rbaycanl\u0131 t\u0259l\u0259b\u0259l\u0259rin t\u0259xliy\u0259sin\u0259 ba\u015flan\u0131l\u0131b\u201d. ARANTV.AZ\u00a0 x\u0259b\u0259r verir ki, bunu APA-ya Az\u0259rbaycan\u0131n T\u00fcrkiy\u0259d\u0259ki s\u0259firliyinin ikinci katibi M\u00fcr\u015f\u00fcd M\u0259mm\u0259dov deyib. Onun s\u00f6zl\u0259rin\u0259 g\u00f6r\u0259, Elaz\u0131\u011f v\u0259 Malatyada t\u0259hsil alan Az\u0259rbaycan v\u0259t\u0259nda\u015flar\u0131 olan t\u0259l\u0259b\u0259l\u0259r m\u0259lumatland\u0131r\u0131l\u0131b v\u0259 onlar\u0131n t\u0259xliy\u0259si \u00fc\u00e7\u00fcn avtobuslar ayr\u0131l\u0131b. M. M\u0259mm\u0259dov bildirib ki, yaln\u0131z t\u0259l\u0259b\u0259l\u0259r deyil, z\u0259lz\u0259l\u0259 \u0259razisind\u0259 ya\u015fayan dig\u0259r Az\u0259rbaycan v\u0259t\u0259nda\u015flar\u0131 da bu avtobuslar\u0131n xidm\u0259tind\u0259n istifad\u0259 ed\u0259 bil\u0259c\u0259k: \u201cHaz\u0131rda bir avtobus Elaz\u0131\u011fa yax\u0131nla\u015fmaqdad\u0131r. T\u0259l\u0259b\u0259l\u0259r Malatya v\u0259 Elaz\u0131\u011fdan Nax\u00e7\u0131vana apar\u0131lacaq. S\u0259n\u0259dl\u0259ri qaydas\u0131nda olmayan v\u0259t\u0259nda\u015flar\u0131m\u0131za Qars Ba\u015f Konsullu\u011fu t\u0259r\u0259find\u0259n yard\u0131m g\u00f6st\u0259ril\u0259c\u0259k\u201d.&hellip;<\/p>\n","protected":false},"author":2,"featured_media":123011,"comment_status":"closed","ping_status":"closed","sticky":false,"template":"","format":"standard","meta":{"om_disable_all_campaigns":false,"_monsterinsights_skip_tracking":false,"_monsterinsights_sitenote_active":false,"_monsterinsights_sitenote_note":"","_monsterinsights_sitenote_category":0},"categories":[1],"tags":[],"aioseo_notices":[],"gutentor_comment":0,"rttpg_featured_image_url":{"full":["https:\/\/arantv.az\/wp-content\/uploads\/2020\/01\/o.jpg",620,375,false],"landscape":["https:\/\/arantv.az\/wp-content\/uploads\/2020\/01\/o.jpg",620,375,false],"portraits":["https:\/\/arantv.az\/wp-content\/uploads\/2020\/01\/o.jpg",620,375,false],"thumbnail":["https:\/\/arantv.az\/wp-content\/uploads\/2020\/01\/o-150x150.jpg",150,150,true],"medium":["https:\/\/arantv.az\/wp-content\/uploads\/2020\/01\/o-300x181.jpg",300,181,true],"large":["https:\/\/arantv.az\/wp-content\/uploads\/2020\/01\/o.jpg",620,375,false],"1536x1536":["https:\/\/arantv.az\/wp-content\/uploads\/2020\/01\/o.jpg",620,375,false],"2048x2048":["https:\/\/arantv.az\/wp-content\/uploads\/2020\/01\/o.jpg",620,375,false],"post-thumbnail":["https:\/\/arantv.az\/wp-content\/uploads\/2020\/01\/o-240x172.jpg",240,172,true],"advps-thumb-one":["https:\/\/arantv.az\/wp-content\/uploads\/2020\/01\/o.jpg",620,375,false]},"rttpg_author":{"display_name":"V\u00fcsal Rafiqo\u011flu","author_link":"https:\/\/arantv.az\/?author=2"},"rttpg_comment":0,"rttpg_category":"<a href=\"https:\/\/arantv.az\/?cat=1\" rel=\"category\">C\u0259miyy\u0259t<\/a>","rttpg_excerpt":"\u201cAz\u0259rbaycan Respublikas\u0131n\u0131n Prezidenti \u0130lham \u018fliyevin tap\u015f\u0131r\u0131\u011f\u0131na \u0259sas\u0259n T\u00fcrkiy\u0259d\u0259 z\u0259lz\u0259l\u0259 zonas\u0131nda t\u0259hsil alan az\u0259rbaycanl\u0131 t\u0259l\u0259b\u0259l\u0259rin t\u0259xliy\u0259sin\u0259 ba\u015flan\u0131l\u0131b\u201d. ARANTV.AZ\u00a0 x\u0259b\u0259r verir ki, bunu APA-ya Az\u0259rbaycan\u0131n T\u00fcrkiy\u0259d\u0259ki s\u0259firliyinin ikinci katibi M\u00fcr\u015f\u00fcd M\u0259mm\u0259dov deyib. Onun s\u00f6zl\u0259rin\u0259 g\u00f6r\u0259, Elaz\u0131\u011f v\u0259 Malatyada t\u0259hsil alan Az\u0259rbaycan v\u0259t\u0259nda\u015flar\u0131 olan t\u0259l\u0259b\u0259l\u0259r m\u0259lumatland\u0131r\u0131l\u0131b v\u0259 onlar\u0131n t\u0259xliy\u0259si \u00fc\u00e7\u00fcn avtobuslar ayr\u0131l\u0131b. M. M\u0259mm\u0259dov bildirib ki, yaln\u0131z t\u0259l\u0259b\u0259l\u0259r&hellip;","_links":{"self":[{"href":"https:\/\/arantv.az\/index.php?rest_route=\/wp\/v2\/posts\/123010"}],"collection":[{"href":"https:\/\/arantv.az\/index.php?rest_route=\/wp\/v2\/posts"}],"about":[{"href":"https:\/\/arantv.az\/index.php?rest_route=\/wp\/v2\/types\/post"}],"author":[{"embeddable":true,"href":"https:\/\/arantv.az\/index.php?rest_route=\/wp\/v2\/users\/2"}],"replies":[{"embeddable":true,"href":"https:\/\/arantv.az\/index.php?rest_route=%2Fwp%2Fv2%2Fcomments&post=123010"}],"version-history":[{"count":0,"href":"https:\/\/arantv.az\/index.php?rest_route=\/wp\/v2\/posts\/123010\/revisions"}],"wp:featuredmedia":[{"embeddable":true,"href":"https:\/\/arantv.az\/index.php?rest_route=\/wp\/v2\/media\/123011"}],"wp:attachment":[{"href":"https:\/\/arantv.az\/index.php?rest_route=%2Fwp%2Fv2%2Fmedia&parent=123010"}],"wp:term":[{"taxonomy":"category","embeddable":true,"href":"https:\/\/arantv.az\/index.php?rest_route=%2Fwp%2Fv2%2Fcategories&post=123010"},{"taxonomy":"post_tag","embeddable":true,"href":"https:\/\/arantv.az\/index.php?rest_route=%2Fwp%2Fv2%2Ftags&post=123010"}],"curies":[{"name":"wp","href":"https:\/\/api.w.org\/{rel}","templated":true}]}}