{"id":123014,"date":"2020-01-25T16:16:58","date_gmt":"2020-01-25T13:16:58","guid":{"rendered":"http:\/\/arantv.az\/?p=123014"},"modified":"2020-01-25T16:16:58","modified_gmt":"2020-01-25T13:16:58","slug":"barselona-17-yasli-istedadi-transfer-etdi","status":"publish","type":"post","link":"https:\/\/arantv.az\/?p=123014","title":{"rendered":"\u201cBarselona\u201d 17 ya\u015fl\u0131 istedad\u0131 transfer etdi"},"content":{"rendered":"<p>\u201cBarselona\u201d klubu Braziliyan\u0131n \u201cKoritiba\u201d klubunda \u00e7\u0131x\u0131\u015f ed\u0259n 17 ya\u015fl\u0131 futbol\u00e7unu transfer edib.<\/p>\n<p>Sport.es sayt\u0131 m\u0259lumat verir ki, Yan Koutonun ke\u00e7idi \u0130spaniya n\u0259h\u0259ngin\u0259 be\u015f milyon avroya ba\u015fa g\u0259lib.<\/p>\n<p>F\u0130FA-n\u0131n yeniyetm\u0259 futbol\u00e7ular\u0131n transferi zaman\u0131 qoydu\u011fu \u015f\u0259rtl\u0259rl\u0259 \u0259laq\u0259dar sa\u011f cinah m\u00fcdafi\u0259\u00e7isi 18 ya\u015f\u0131 tamam olandan sonra \u201cBarselona\u201dya qo\u015fulacaq.<\/p>\n<p>M\u00fcdafi\u0259\u00e7ini v\u0259t\u0259nind\u0259 \u201cyeni Dani Alve\u015f\u201d adland\u0131r\u0131rlar.<\/p>\n","protected":false},"excerpt":{"rendered":"<p>\u201cBarselona\u201d klubu Braziliyan\u0131n \u201cKoritiba\u201d klubunda \u00e7\u0131x\u0131\u015f ed\u0259n 17 ya\u015fl\u0131 futbol\u00e7unu transfer edib. Sport.es sayt\u0131 m\u0259lumat verir ki, Yan Koutonun ke\u00e7idi \u0130spaniya n\u0259h\u0259ngin\u0259 be\u015f milyon avroya ba\u015fa g\u0259lib. F\u0130FA-n\u0131n yeniyetm\u0259 futbol\u00e7ular\u0131n transferi zaman\u0131 qoydu\u011fu \u015f\u0259rtl\u0259rl\u0259 \u0259laq\u0259dar sa\u011f cinah m\u00fcdafi\u0259\u00e7isi 18 ya\u015f\u0131 tamam olandan sonra \u201cBarselona\u201dya qo\u015fulacaq. M\u00fcdafi\u0259\u00e7ini v\u0259t\u0259nind\u0259 \u201cyeni Dani Alve\u015f\u201d adland\u0131r\u0131rlar.<\/p>\n","protected":false},"author":2,"featured_media":123015,"comment_status":"closed","ping_status":"closed","sticky":false,"template":"","format":"standard","meta":{"om_disable_all_campaigns":false,"_monsterinsights_skip_tracking":false,"_monsterinsights_sitenote_active":false,"_monsterinsights_sitenote_note":"","_monsterinsights_sitenote_category":0},"categories":[6],"tags":[],"aioseo_notices":[],"gutentor_comment":0,"rttpg_featured_image_url":{"full":["https:\/\/arantv.az\/wp-content\/uploads\/2020\/01\/yancouto.jpg",620,414,false],"landscape":["https:\/\/arantv.az\/wp-content\/uploads\/2020\/01\/yancouto.jpg",620,414,false],"portraits":["https:\/\/arantv.az\/wp-content\/uploads\/2020\/01\/yancouto.jpg",620,414,false],"thumbnail":["https:\/\/arantv.az\/wp-content\/uploads\/2020\/01\/yancouto-150x150.jpg",150,150,true],"medium":["https:\/\/arantv.az\/wp-content\/uploads\/2020\/01\/yancouto-300x200.jpg",300,200,true],"large":["https:\/\/arantv.az\/wp-content\/uploads\/2020\/01\/yancouto.jpg",620,414,false],"1536x1536":["https:\/\/arantv.az\/wp-content\/uploads\/2020\/01\/yancouto.jpg",620,414,false],"2048x2048":["https:\/\/arantv.az\/wp-content\/uploads\/2020\/01\/yancouto.jpg",620,414,false],"post-thumbnail":["https:\/\/arantv.az\/wp-content\/uploads\/2020\/01\/yancouto-240x172.jpg",240,172,true],"advps-thumb-one":["https:\/\/arantv.az\/wp-content\/uploads\/2020\/01\/yancouto.jpg",620,414,false]},"rttpg_author":{"display_name":"V\u00fcsal Rafiqo\u011flu","author_link":"https:\/\/arantv.az\/?author=2"},"rttpg_comment":0,"rttpg_category":"<a href=\"https:\/\/arantv.az\/?cat=6\" rel=\"category\">\u0130dman<\/a>","rttpg_excerpt":"\u201cBarselona\u201d klubu Braziliyan\u0131n \u201cKoritiba\u201d klubunda \u00e7\u0131x\u0131\u015f ed\u0259n 17 ya\u015fl\u0131 futbol\u00e7unu transfer edib. Sport.es sayt\u0131 m\u0259lumat verir ki, Yan Koutonun ke\u00e7idi \u0130spaniya n\u0259h\u0259ngin\u0259 be\u015f milyon avroya ba\u015fa g\u0259lib. F\u0130FA-n\u0131n yeniyetm\u0259 futbol\u00e7ular\u0131n transferi zaman\u0131 qoydu\u011fu \u015f\u0259rtl\u0259rl\u0259 \u0259laq\u0259dar sa\u011f cinah m\u00fcdafi\u0259\u00e7isi 18 ya\u015f\u0131 tamam olandan sonra \u201cBarselona\u201dya qo\u015fulacaq. M\u00fcdafi\u0259\u00e7ini v\u0259t\u0259nind\u0259 \u201cyeni Dani Alve\u015f\u201d adland\u0131r\u0131rlar.","_links":{"self":[{"href":"https:\/\/arantv.az\/index.php?rest_route=\/wp\/v2\/posts\/123014"}],"collection":[{"href":"https:\/\/arantv.az\/index.php?rest_route=\/wp\/v2\/posts"}],"about":[{"href":"https:\/\/arantv.az\/index.php?rest_route=\/wp\/v2\/types\/post"}],"author":[{"embeddable":true,"href":"https:\/\/arantv.az\/index.php?rest_route=\/wp\/v2\/users\/2"}],"replies":[{"embeddable":true,"href":"https:\/\/arantv.az\/index.php?rest_route=%2Fwp%2Fv2%2Fcomments&post=123014"}],"version-history":[{"count":0,"href":"https:\/\/arantv.az\/index.php?rest_route=\/wp\/v2\/posts\/123014\/revisions"}],"wp:featuredmedia":[{"embeddable":true,"href":"https:\/\/arantv.az\/index.php?rest_route=\/wp\/v2\/media\/123015"}],"wp:attachment":[{"href":"https:\/\/arantv.az\/index.php?rest_route=%2Fwp%2Fv2%2Fmedia&parent=123014"}],"wp:term":[{"taxonomy":"category","embeddable":true,"href":"https:\/\/arantv.az\/index.php?rest_route=%2Fwp%2Fv2%2Fcategories&post=123014"},{"taxonomy":"post_tag","embeddable":true,"href":"https:\/\/arantv.az\/index.php?rest_route=%2Fwp%2Fv2%2Ftags&post=123014"}],"curies":[{"name":"wp","href":"https:\/\/api.w.org\/{rel}","templated":true}]}}