{"id":123028,"date":"2020-01-27T08:37:02","date_gmt":"2020-01-27T05:37:02","guid":{"rendered":"http:\/\/arantv.az\/?p=123028"},"modified":"2020-01-27T08:37:02","modified_gmt":"2020-01-27T05:37:02","slug":"vilay%c9%99t-eyvazov-dyp-r%c9%99isini-isd%c9%99n-cixardi","status":"publish","type":"post","link":"https:\/\/arantv.az\/?p=123028","title":{"rendered":"Vilay\u0259t Eyvazov DYP r\u0259isini i\u015fd\u0259n \u00e7\u0131xard\u0131"},"content":{"rendered":"<p><strong>A\u011fstafa Rayon Polis \u015e\u00f6b\u0259sinin (RP\u015e) D\u00f6vl\u0259t Yol Polis (DYP) b\u00f6lm\u0259sinin r\u0259isi Ramin Ba\u011f\u0131rov v\u0259zif\u0259sind\u0259n azad edilib.<\/strong><\/p>\n<p>Bununla ba\u011fl\u0131 Daxili \u0130\u015fl\u0259r naziri, general-polkovnik Vilay\u0259t Eyvazov \u0259mr imzalay\u0131b. \u018fmr\u0259 \u0259sas\u0259n, R.Ba\u011f\u0131rov i\u015fd\u0259n \u00e7\u0131xar\u0131l\u0131b. H\u0259l\u0259lik onun yerin\u0259 t\u0259yinat yoxdur.<\/p>\n<p>Ba\u015f D\u00f6vl\u0259t Yol Polisi \u0130dar\u0259sinin \u0130ctimaiyy\u0259tl\u0259 \u0259laq\u0259l\u0259r \u015f\u00f6b\u0259sinin r\u0259isi Kamran \u018fliyev fakt\u0131 t\u0259sdiql\u0259yib.(Report)<\/p>\n","protected":false},"excerpt":{"rendered":"<p>A\u011fstafa Rayon Polis \u015e\u00f6b\u0259sinin (RP\u015e) D\u00f6vl\u0259t Yol Polis (DYP) b\u00f6lm\u0259sinin r\u0259isi Ramin Ba\u011f\u0131rov v\u0259zif\u0259sind\u0259n azad edilib. Bununla ba\u011fl\u0131 Daxili \u0130\u015fl\u0259r naziri, general-polkovnik Vilay\u0259t Eyvazov \u0259mr imzalay\u0131b. \u018fmr\u0259 \u0259sas\u0259n, R.Ba\u011f\u0131rov i\u015fd\u0259n \u00e7\u0131xar\u0131l\u0131b. H\u0259l\u0259lik onun yerin\u0259 t\u0259yinat yoxdur. Ba\u015f D\u00f6vl\u0259t Yol Polisi \u0130dar\u0259sinin \u0130ctimaiyy\u0259tl\u0259 \u0259laq\u0259l\u0259r \u015f\u00f6b\u0259sinin r\u0259isi Kamran \u018fliyev fakt\u0131 t\u0259sdiql\u0259yib.(Report)<\/p>\n","protected":false},"author":2,"featured_media":123029,"comment_status":"closed","ping_status":"closed","sticky":false,"template":"","format":"standard","meta":{"om_disable_all_campaigns":false,"_monsterinsights_skip_tracking":false,"_monsterinsights_sitenote_active":false,"_monsterinsights_sitenote_note":"","_monsterinsights_sitenote_category":0},"categories":[1],"tags":[],"aioseo_notices":[],"gutentor_comment":0,"rttpg_featured_image_url":{"full":["https:\/\/arantv.az\/wp-content\/uploads\/2020\/01\/vilayet-2.jpg",800,450,false],"landscape":["https:\/\/arantv.az\/wp-content\/uploads\/2020\/01\/vilayet-2.jpg",800,450,false],"portraits":["https:\/\/arantv.az\/wp-content\/uploads\/2020\/01\/vilayet-2.jpg",800,450,false],"thumbnail":["https:\/\/arantv.az\/wp-content\/uploads\/2020\/01\/vilayet-2-150x150.jpg",150,150,true],"medium":["https:\/\/arantv.az\/wp-content\/uploads\/2020\/01\/vilayet-2-300x169.jpg",300,169,true],"large":["https:\/\/arantv.az\/wp-content\/uploads\/2020\/01\/vilayet-2.jpg",640,360,false],"1536x1536":["https:\/\/arantv.az\/wp-content\/uploads\/2020\/01\/vilayet-2.jpg",800,450,false],"2048x2048":["https:\/\/arantv.az\/wp-content\/uploads\/2020\/01\/vilayet-2.jpg",800,450,false],"post-thumbnail":["https:\/\/arantv.az\/wp-content\/uploads\/2020\/01\/vilayet-2-240x172.jpg",240,172,true],"advps-thumb-one":["https:\/\/arantv.az\/wp-content\/uploads\/2020\/01\/vilayet-2.jpg",800,450,false]},"rttpg_author":{"display_name":"V\u00fcsal Rafiqo\u011flu","author_link":"https:\/\/arantv.az\/?author=2"},"rttpg_comment":0,"rttpg_category":"<a href=\"https:\/\/arantv.az\/?cat=1\" rel=\"category\">C\u0259miyy\u0259t<\/a>","rttpg_excerpt":"A\u011fstafa Rayon Polis \u015e\u00f6b\u0259sinin (RP\u015e) D\u00f6vl\u0259t Yol Polis (DYP) b\u00f6lm\u0259sinin r\u0259isi Ramin Ba\u011f\u0131rov v\u0259zif\u0259sind\u0259n azad edilib. Bununla ba\u011fl\u0131 Daxili \u0130\u015fl\u0259r naziri, general-polkovnik Vilay\u0259t Eyvazov \u0259mr imzalay\u0131b. \u018fmr\u0259 \u0259sas\u0259n, R.Ba\u011f\u0131rov i\u015fd\u0259n \u00e7\u0131xar\u0131l\u0131b. H\u0259l\u0259lik onun yerin\u0259 t\u0259yinat yoxdur. Ba\u015f D\u00f6vl\u0259t Yol Polisi \u0130dar\u0259sinin \u0130ctimaiyy\u0259tl\u0259 \u0259laq\u0259l\u0259r \u015f\u00f6b\u0259sinin r\u0259isi Kamran \u018fliyev fakt\u0131 t\u0259sdiql\u0259yib.(Report)","_links":{"self":[{"href":"https:\/\/arantv.az\/index.php?rest_route=\/wp\/v2\/posts\/123028"}],"collection":[{"href":"https:\/\/arantv.az\/index.php?rest_route=\/wp\/v2\/posts"}],"about":[{"href":"https:\/\/arantv.az\/index.php?rest_route=\/wp\/v2\/types\/post"}],"author":[{"embeddable":true,"href":"https:\/\/arantv.az\/index.php?rest_route=\/wp\/v2\/users\/2"}],"replies":[{"embeddable":true,"href":"https:\/\/arantv.az\/index.php?rest_route=%2Fwp%2Fv2%2Fcomments&post=123028"}],"version-history":[{"count":0,"href":"https:\/\/arantv.az\/index.php?rest_route=\/wp\/v2\/posts\/123028\/revisions"}],"wp:featuredmedia":[{"embeddable":true,"href":"https:\/\/arantv.az\/index.php?rest_route=\/wp\/v2\/media\/123029"}],"wp:attachment":[{"href":"https:\/\/arantv.az\/index.php?rest_route=%2Fwp%2Fv2%2Fmedia&parent=123028"}],"wp:term":[{"taxonomy":"category","embeddable":true,"href":"https:\/\/arantv.az\/index.php?rest_route=%2Fwp%2Fv2%2Fcategories&post=123028"},{"taxonomy":"post_tag","embeddable":true,"href":"https:\/\/arantv.az\/index.php?rest_route=%2Fwp%2Fv2%2Ftags&post=123028"}],"curies":[{"name":"wp","href":"https:\/\/api.w.org\/{rel}","templated":true}]}}