{"id":12305,"date":"2018-09-08T15:04:21","date_gmt":"2018-09-08T12:04:21","guid":{"rendered":"http:\/\/arantv.az\/?p=12305"},"modified":"2018-09-08T16:18:03","modified_gmt":"2018-09-08T13:18:03","slug":"sabirabadda-oluml%c9%99-n%c9%99tic%c9%99l%c9%99n%c9%99n-q%c9%99za","status":"publish","type":"post","link":"https:\/\/arantv.az\/?p=12305","title":{"rendered":"Sabirabadda \u00f6l\u00fcml\u0259 n\u0259tic\u0259l\u0259n\u0259n \u2013 Q\u0259za"},"content":{"rendered":"<p><strong>Sabirabad rayonunda \u00f6l\u00fcml\u0259 n\u0259tic\u0259l\u0259n\u0259n yol-n\u0259qliyyat hadis\u0259si ba\u015f verib.<\/strong><\/p>\n<p><strong>ARANTV.AZ<\/strong> x\u0259b\u0259r verir ki, rayonun C\u0259ng\u0259n k\u0259ndi \u0259razisind\u0259 Salyan rayon sakini R\u00f6v\u015f\u0259n \u0130smay\u0131lov idar\u0259 etdiyi \u201cMercedes\u201d markal\u0131 avtomobill\u0259 yolu ke\u00e7\u0259n k\u0259nd sakini Lamiy\u0259 M\u0259rdanovan\u0131 vurub.<\/p>\n<p>Piyada x\u0259st\u0259xanaya apar\u0131lark\u0259n yolda \u00f6l\u00fcb.<\/p>\n<p>Faktla ba\u011fl\u0131 Sabirabad rayon polis \u015f\u00f6b\u0259si t\u0259r\u0259find\u0259n ara\u015fd\u0131rma apar\u0131l\u0131r.<\/p>\n<p>teleqraf.com<\/p>\n","protected":false},"excerpt":{"rendered":"<p>Sabirabad rayonunda \u00f6l\u00fcml\u0259 n\u0259tic\u0259l\u0259n\u0259n yol-n\u0259qliyyat hadis\u0259si ba\u015f verib. ARANTV.AZ x\u0259b\u0259r verir ki, rayonun C\u0259ng\u0259n k\u0259ndi \u0259razisind\u0259 Salyan rayon sakini R\u00f6v\u015f\u0259n \u0130smay\u0131lov idar\u0259 etdiyi \u201cMercedes\u201d markal\u0131 avtomobill\u0259 yolu ke\u00e7\u0259n k\u0259nd sakini Lamiy\u0259 M\u0259rdanovan\u0131 vurub. Piyada x\u0259st\u0259xanaya apar\u0131lark\u0259n yolda \u00f6l\u00fcb. Faktla ba\u011fl\u0131 Sabirabad rayon polis \u015f\u00f6b\u0259si t\u0259r\u0259find\u0259n ara\u015fd\u0131rma apar\u0131l\u0131r. teleqraf.com<\/p>\n","protected":false},"author":2,"featured_media":12337,"comment_status":"closed","ping_status":"closed","sticky":false,"template":"","format":"standard","meta":{"om_disable_all_campaigns":false,"_monsterinsights_skip_tracking":false,"_monsterinsights_sitenote_active":false,"_monsterinsights_sitenote_note":"","_monsterinsights_sitenote_category":0},"categories":[13,5],"tags":[],"aioseo_notices":[],"gutentor_comment":0,"rttpg_featured_image_url":{"full":["https:\/\/arantv.az\/wp-content\/uploads\/2018\/09\/qeza-ermeni.jpg",200,200,false],"landscape":["https:\/\/arantv.az\/wp-content\/uploads\/2018\/09\/qeza-ermeni.jpg",200,200,false],"portraits":["https:\/\/arantv.az\/wp-content\/uploads\/2018\/09\/qeza-ermeni.jpg",200,200,false],"thumbnail":["https:\/\/arantv.az\/wp-content\/uploads\/2018\/09\/qeza-ermeni-150x150.jpg",150,150,true],"medium":["https:\/\/arantv.az\/wp-content\/uploads\/2018\/09\/qeza-ermeni.jpg",200,200,false],"large":["https:\/\/arantv.az\/wp-content\/uploads\/2018\/09\/qeza-ermeni.jpg",200,200,false],"1536x1536":["https:\/\/arantv.az\/wp-content\/uploads\/2018\/09\/qeza-ermeni.jpg",200,200,false],"2048x2048":["https:\/\/arantv.az\/wp-content\/uploads\/2018\/09\/qeza-ermeni.jpg",200,200,false],"post-thumbnail":["https:\/\/arantv.az\/wp-content\/uploads\/2018\/09\/qeza-ermeni-200x172.jpg",200,172,true],"advps-thumb-one":["https:\/\/arantv.az\/wp-content\/uploads\/2018\/09\/qeza-ermeni.jpg",200,200,false]},"rttpg_author":{"display_name":"V\u00fcsal Rafiqo\u011flu","author_link":"https:\/\/arantv.az\/?author=2"},"rttpg_comment":0,"rttpg_category":"<a href=\"https:\/\/arantv.az\/?cat=13\" rel=\"category\">Bizim h\u0259kim<\/a> <a href=\"https:\/\/arantv.az\/?cat=5\" rel=\"category\">Hadis\u0259<\/a>","rttpg_excerpt":"Sabirabad rayonunda \u00f6l\u00fcml\u0259 n\u0259tic\u0259l\u0259n\u0259n yol-n\u0259qliyyat hadis\u0259si ba\u015f verib. ARANTV.AZ x\u0259b\u0259r verir ki, rayonun C\u0259ng\u0259n k\u0259ndi \u0259razisind\u0259 Salyan rayon sakini R\u00f6v\u015f\u0259n \u0130smay\u0131lov idar\u0259 etdiyi \u201cMercedes\u201d markal\u0131 avtomobill\u0259 yolu ke\u00e7\u0259n k\u0259nd sakini Lamiy\u0259 M\u0259rdanovan\u0131 vurub. Piyada x\u0259st\u0259xanaya apar\u0131lark\u0259n yolda \u00f6l\u00fcb. Faktla ba\u011fl\u0131 Sabirabad rayon polis \u015f\u00f6b\u0259si t\u0259r\u0259find\u0259n ara\u015fd\u0131rma apar\u0131l\u0131r. teleqraf.com","_links":{"self":[{"href":"https:\/\/arantv.az\/index.php?rest_route=\/wp\/v2\/posts\/12305"}],"collection":[{"href":"https:\/\/arantv.az\/index.php?rest_route=\/wp\/v2\/posts"}],"about":[{"href":"https:\/\/arantv.az\/index.php?rest_route=\/wp\/v2\/types\/post"}],"author":[{"embeddable":true,"href":"https:\/\/arantv.az\/index.php?rest_route=\/wp\/v2\/users\/2"}],"replies":[{"embeddable":true,"href":"https:\/\/arantv.az\/index.php?rest_route=%2Fwp%2Fv2%2Fcomments&post=12305"}],"version-history":[{"count":0,"href":"https:\/\/arantv.az\/index.php?rest_route=\/wp\/v2\/posts\/12305\/revisions"}],"wp:featuredmedia":[{"embeddable":true,"href":"https:\/\/arantv.az\/index.php?rest_route=\/wp\/v2\/media\/12337"}],"wp:attachment":[{"href":"https:\/\/arantv.az\/index.php?rest_route=%2Fwp%2Fv2%2Fmedia&parent=12305"}],"wp:term":[{"taxonomy":"category","embeddable":true,"href":"https:\/\/arantv.az\/index.php?rest_route=%2Fwp%2Fv2%2Fcategories&post=12305"},{"taxonomy":"post_tag","embeddable":true,"href":"https:\/\/arantv.az\/index.php?rest_route=%2Fwp%2Fv2%2Ftags&post=12305"}],"curies":[{"name":"wp","href":"https:\/\/api.w.org\/{rel}","templated":true}]}}