{"id":12315,"date":"2018-09-08T15:40:50","date_gmt":"2018-09-08T12:40:50","guid":{"rendered":"http:\/\/arantv.az\/?p=12315"},"modified":"2018-09-08T15:40:50","modified_gmt":"2018-09-08T12:40:50","slug":"abramyana-ittiham-ir%c9%99li-surulub","status":"publish","type":"post","link":"https:\/\/arantv.az\/?p=12315","title":{"rendered":"Abramyana ittiham ir\u0259li s\u00fcr\u00fcl\u00fcb"},"content":{"rendered":"<p>Erm\u0259nistan\u0131n sabiq ba\u015f naziri Ovik Abramyana s\u0259lahiyy\u0259tl\u0259rin a\u015fmas\u0131 v\u0259 f\u0131r\u0131ldaq\u00e7\u0131l\u0131qla ba\u011fl\u0131 ittiham ir\u0259li s\u00fcr\u00fcl\u00fcb.<\/p>\n<p><strong>ARANTV.AZ<\/strong> \u201cNovosti Armenii\u201d agentliyin\u0259 istinad\u0259n x\u0259b\u0259r verir ki, ondan \u00f6lk\u0259d\u0259n \u00e7\u0131xmamaq haqq\u0131nda yaz\u0131l\u0131 iltizam al\u0131n\u0131b.<\/p>\n<p>Abramyan bununla \u0259laq\u0259dar \u201cFacebook\u201d s\u0259hif\u0259sind\u0259 bunu yaz\u0131b:<\/p>\n<p>\u201cT\u0259xmin\u0259n bir ay \u0259vv\u0259l maskal\u0131 \u015f\u0259xsl\u0259r guya operativ m\u0259lumatlar \u0259sas\u0131nda m\u0259n\u0259 v\u0259 qohumlar\u0131ma m\u0259xsus evl\u0259r\u0259 girib. Axtar\u0131\u015f n\u0259tic\u0259sind\u0259 qeyri-qanuni he\u00e7 n\u0259 a\u015fkar edilm\u0259yib. Buna baxmayaraq, h\u00fcquq-m\u00fchafiz\u0259 orqanlar\u0131n\u0131n \u0259m\u0259kda\u015flar\u0131 qanunvericiliyi pozaraq pasportumu apar\u0131blar\u201d.<\/p>\n","protected":false},"excerpt":{"rendered":"<p>Erm\u0259nistan\u0131n sabiq ba\u015f naziri Ovik Abramyana s\u0259lahiyy\u0259tl\u0259rin a\u015fmas\u0131 v\u0259 f\u0131r\u0131ldaq\u00e7\u0131l\u0131qla ba\u011fl\u0131 ittiham ir\u0259li s\u00fcr\u00fcl\u00fcb. ARANTV.AZ \u201cNovosti Armenii\u201d agentliyin\u0259 istinad\u0259n x\u0259b\u0259r verir ki, ondan \u00f6lk\u0259d\u0259n \u00e7\u0131xmamaq haqq\u0131nda yaz\u0131l\u0131 iltizam al\u0131n\u0131b. Abramyan bununla \u0259laq\u0259dar \u201cFacebook\u201d s\u0259hif\u0259sind\u0259 bunu yaz\u0131b: \u201cT\u0259xmin\u0259n bir ay \u0259vv\u0259l maskal\u0131 \u015f\u0259xsl\u0259r guya operativ m\u0259lumatlar \u0259sas\u0131nda m\u0259n\u0259 v\u0259 qohumlar\u0131ma m\u0259xsus evl\u0259r\u0259 girib. Axtar\u0131\u015f n\u0259tic\u0259sind\u0259 qeyri-qanuni he\u00e7 n\u0259 a\u015fkar edilm\u0259yib. Buna baxmayaraq, h\u00fcquq-m\u00fchafiz\u0259 orqanlar\u0131n\u0131n \u0259m\u0259kda\u015flar\u0131 qanunvericiliyi pozaraq pasportumu apar\u0131blar\u201d.<\/p>\n","protected":false},"author":2,"featured_media":12316,"comment_status":"closed","ping_status":"closed","sticky":false,"template":"","format":"standard","meta":{"om_disable_all_campaigns":false,"_monsterinsights_skip_tracking":false,"_monsterinsights_sitenote_active":false,"_monsterinsights_sitenote_note":"","_monsterinsights_sitenote_category":0},"categories":[7],"tags":[],"aioseo_notices":[],"gutentor_comment":0,"rttpg_featured_image_url":{"full":["https:\/\/arantv.az\/wp-content\/uploads\/2018\/09\/57d1275b6340e-default_1200.jpg",620,465,false],"landscape":["https:\/\/arantv.az\/wp-content\/uploads\/2018\/09\/57d1275b6340e-default_1200.jpg",620,465,false],"portraits":["https:\/\/arantv.az\/wp-content\/uploads\/2018\/09\/57d1275b6340e-default_1200.jpg",620,465,false],"thumbnail":["https:\/\/arantv.az\/wp-content\/uploads\/2018\/09\/57d1275b6340e-default_1200-150x150.jpg",150,150,true],"medium":["https:\/\/arantv.az\/wp-content\/uploads\/2018\/09\/57d1275b6340e-default_1200-300x225.jpg",300,225,true],"large":["https:\/\/arantv.az\/wp-content\/uploads\/2018\/09\/57d1275b6340e-default_1200.jpg",620,465,false],"1536x1536":["https:\/\/arantv.az\/wp-content\/uploads\/2018\/09\/57d1275b6340e-default_1200.jpg",620,465,false],"2048x2048":["https:\/\/arantv.az\/wp-content\/uploads\/2018\/09\/57d1275b6340e-default_1200.jpg",620,465,false],"post-thumbnail":["https:\/\/arantv.az\/wp-content\/uploads\/2018\/09\/57d1275b6340e-default_1200-240x172.jpg",240,172,true],"advps-thumb-one":["https:\/\/arantv.az\/wp-content\/uploads\/2018\/09\/57d1275b6340e-default_1200.jpg",620,465,false]},"rttpg_author":{"display_name":"V\u00fcsal Rafiqo\u011flu","author_link":"https:\/\/arantv.az\/?author=2"},"rttpg_comment":0,"rttpg_category":"<a href=\"https:\/\/arantv.az\/?cat=7\" rel=\"category\">D\u00fcnya<\/a>","rttpg_excerpt":"Erm\u0259nistan\u0131n sabiq ba\u015f naziri Ovik Abramyana s\u0259lahiyy\u0259tl\u0259rin a\u015fmas\u0131 v\u0259 f\u0131r\u0131ldaq\u00e7\u0131l\u0131qla ba\u011fl\u0131 ittiham ir\u0259li s\u00fcr\u00fcl\u00fcb. ARANTV.AZ \u201cNovosti Armenii\u201d agentliyin\u0259 istinad\u0259n x\u0259b\u0259r verir ki, ondan \u00f6lk\u0259d\u0259n \u00e7\u0131xmamaq haqq\u0131nda yaz\u0131l\u0131 iltizam al\u0131n\u0131b. Abramyan bununla \u0259laq\u0259dar \u201cFacebook\u201d s\u0259hif\u0259sind\u0259 bunu yaz\u0131b: \u201cT\u0259xmin\u0259n bir ay \u0259vv\u0259l maskal\u0131 \u015f\u0259xsl\u0259r guya operativ m\u0259lumatlar \u0259sas\u0131nda m\u0259n\u0259 v\u0259 qohumlar\u0131ma m\u0259xsus evl\u0259r\u0259 girib. Axtar\u0131\u015f n\u0259tic\u0259sind\u0259 qeyri-qanuni&hellip;","_links":{"self":[{"href":"https:\/\/arantv.az\/index.php?rest_route=\/wp\/v2\/posts\/12315"}],"collection":[{"href":"https:\/\/arantv.az\/index.php?rest_route=\/wp\/v2\/posts"}],"about":[{"href":"https:\/\/arantv.az\/index.php?rest_route=\/wp\/v2\/types\/post"}],"author":[{"embeddable":true,"href":"https:\/\/arantv.az\/index.php?rest_route=\/wp\/v2\/users\/2"}],"replies":[{"embeddable":true,"href":"https:\/\/arantv.az\/index.php?rest_route=%2Fwp%2Fv2%2Fcomments&post=12315"}],"version-history":[{"count":0,"href":"https:\/\/arantv.az\/index.php?rest_route=\/wp\/v2\/posts\/12315\/revisions"}],"wp:featuredmedia":[{"embeddable":true,"href":"https:\/\/arantv.az\/index.php?rest_route=\/wp\/v2\/media\/12316"}],"wp:attachment":[{"href":"https:\/\/arantv.az\/index.php?rest_route=%2Fwp%2Fv2%2Fmedia&parent=12315"}],"wp:term":[{"taxonomy":"category","embeddable":true,"href":"https:\/\/arantv.az\/index.php?rest_route=%2Fwp%2Fv2%2Fcategories&post=12315"},{"taxonomy":"post_tag","embeddable":true,"href":"https:\/\/arantv.az\/index.php?rest_route=%2Fwp%2Fv2%2Ftags&post=12315"}],"curies":[{"name":"wp","href":"https:\/\/api.w.org\/{rel}","templated":true}]}}