{"id":123188,"date":"2020-01-27T10:47:37","date_gmt":"2020-01-27T07:47:37","guid":{"rendered":"http:\/\/arantv.az\/?p=123188"},"modified":"2020-01-27T10:47:37","modified_gmt":"2020-01-27T07:47:37","slug":"baki-metrosunda-qatarlarin-h%c9%99r%c9%99k%c9%99ti-niy%c9%99-l%c9%99ngiyib-aciqlama","status":"publish","type":"post","link":"https:\/\/arantv.az\/?p=123188","title":{"rendered":"Bak\u0131 metrosunda qatarlar\u0131n h\u0259r\u0259k\u0259ti niy\u0259 l\u0259ngiyib? &#8211; A\u00c7IQLAMA"},"content":{"rendered":"<p>Bu g\u00fcn metroda qatarlar\u0131n h\u0259r\u0259k\u0259tind\u0259 problem yaran\u0131b.<\/p>\n<p><strong>ARANTV.AZ\u00a0\u00a0<\/strong>x\u0259b\u0259r verir ki, bu s\u0259b\u0259bd\u0259n qatarlar aras\u0131nda gecikm\u0259 olub.<\/p>\n<p>\u201cBak\u0131 Metropoliteni\u201d \u00dcSC-nin m\u0259tbuat xidm\u0259tinin r\u0259hb\u0259ri B\u0259xtiyar M\u0259mm\u0259dov fakt\u0131 t\u0259sdiq edib.<\/p>\n<div id=\"AdviadNativeVideo0\" class=\"AdviadNativeVideo\"><\/div>\n<p>O bildirib ki, gecikm\u0259y\u0259 s\u0259b\u0259b qatar\u0131n depoya g\u00f6nd\u0259rilm\u0259si olub:<\/p>\n<p>\u201cBu g\u00fcn s\u0259h\u0259r saat 7:35 rad\u0259l\u0259rind\u0259 bir qatar \u201cN\u0259rimanov\u201d stansiyas\u0131ndan texniki bax\u0131\u015f m\u0259qs\u0259dil\u0259 depoya g\u00f6nd\u0259rilib.<\/p>\n<p>Qatarda nasazl\u0131q ehtimal\u0131 olub. Bu s\u0259b\u0259bd\u0259n bir d\u00f6vr\u0259 boyunca iki qatar aras\u0131nda 3-4 d\u0259qiq\u0259 interval f\u0259rqi m\u00fc\u015fahid\u0259 olunub\u201d.Oxu.Az<\/p>\n","protected":false},"excerpt":{"rendered":"<p>Bu g\u00fcn metroda qatarlar\u0131n h\u0259r\u0259k\u0259tind\u0259 problem yaran\u0131b. ARANTV.AZ\u00a0\u00a0x\u0259b\u0259r verir ki, bu s\u0259b\u0259bd\u0259n qatarlar aras\u0131nda gecikm\u0259 olub. \u201cBak\u0131 Metropoliteni\u201d \u00dcSC-nin m\u0259tbuat xidm\u0259tinin r\u0259hb\u0259ri B\u0259xtiyar M\u0259mm\u0259dov fakt\u0131 t\u0259sdiq edib. O bildirib ki, gecikm\u0259y\u0259 s\u0259b\u0259b qatar\u0131n depoya g\u00f6nd\u0259rilm\u0259si olub: \u201cBu g\u00fcn s\u0259h\u0259r saat 7:35 rad\u0259l\u0259rind\u0259 bir qatar \u201cN\u0259rimanov\u201d stansiyas\u0131ndan texniki bax\u0131\u015f m\u0259qs\u0259dil\u0259 depoya g\u00f6nd\u0259rilib. Qatarda nasazl\u0131q ehtimal\u0131 olub. Bu s\u0259b\u0259bd\u0259n bir d\u00f6vr\u0259 boyunca iki qatar aras\u0131nda 3-4 d\u0259qiq\u0259 interval f\u0259rqi m\u00fc\u015fahid\u0259 olunub\u201d.Oxu.Az<\/p>\n","protected":false},"author":2,"featured_media":123189,"comment_status":"closed","ping_status":"closed","sticky":false,"template":"","format":"standard","meta":{"om_disable_all_campaigns":false,"_monsterinsights_skip_tracking":false,"_monsterinsights_sitenote_active":false,"_monsterinsights_sitenote_note":"","_monsterinsights_sitenote_category":0},"categories":[1],"tags":[],"aioseo_notices":[],"gutentor_comment":0,"rttpg_featured_image_url":{"full":["https:\/\/arantv.az\/wp-content\/uploads\/2020\/01\/metro.jpg",615,411,false],"landscape":["https:\/\/arantv.az\/wp-content\/uploads\/2020\/01\/metro.jpg",615,411,false],"portraits":["https:\/\/arantv.az\/wp-content\/uploads\/2020\/01\/metro.jpg",615,411,false],"thumbnail":["https:\/\/arantv.az\/wp-content\/uploads\/2020\/01\/metro-150x150.jpg",150,150,true],"medium":["https:\/\/arantv.az\/wp-content\/uploads\/2020\/01\/metro-300x200.jpg",300,200,true],"large":["https:\/\/arantv.az\/wp-content\/uploads\/2020\/01\/metro.jpg",615,411,false],"1536x1536":["https:\/\/arantv.az\/wp-content\/uploads\/2020\/01\/metro.jpg",615,411,false],"2048x2048":["https:\/\/arantv.az\/wp-content\/uploads\/2020\/01\/metro.jpg",615,411,false],"post-thumbnail":["https:\/\/arantv.az\/wp-content\/uploads\/2020\/01\/metro-240x172.jpg",240,172,true],"advps-thumb-one":["https:\/\/arantv.az\/wp-content\/uploads\/2020\/01\/metro.jpg",615,411,false]},"rttpg_author":{"display_name":"V\u00fcsal Rafiqo\u011flu","author_link":"https:\/\/arantv.az\/?author=2"},"rttpg_comment":0,"rttpg_category":"<a href=\"https:\/\/arantv.az\/?cat=1\" rel=\"category\">C\u0259miyy\u0259t<\/a>","rttpg_excerpt":"Bu g\u00fcn metroda qatarlar\u0131n h\u0259r\u0259k\u0259tind\u0259 problem yaran\u0131b. ARANTV.AZ\u00a0\u00a0x\u0259b\u0259r verir ki, bu s\u0259b\u0259bd\u0259n qatarlar aras\u0131nda gecikm\u0259 olub. \u201cBak\u0131 Metropoliteni\u201d \u00dcSC-nin m\u0259tbuat xidm\u0259tinin r\u0259hb\u0259ri B\u0259xtiyar M\u0259mm\u0259dov fakt\u0131 t\u0259sdiq edib. O bildirib ki, gecikm\u0259y\u0259 s\u0259b\u0259b qatar\u0131n depoya g\u00f6nd\u0259rilm\u0259si olub: \u201cBu g\u00fcn s\u0259h\u0259r saat 7:35 rad\u0259l\u0259rind\u0259 bir qatar \u201cN\u0259rimanov\u201d stansiyas\u0131ndan texniki bax\u0131\u015f m\u0259qs\u0259dil\u0259 depoya g\u00f6nd\u0259rilib. Qatarda nasazl\u0131q ehtimal\u0131 olub.&hellip;","_links":{"self":[{"href":"https:\/\/arantv.az\/index.php?rest_route=\/wp\/v2\/posts\/123188"}],"collection":[{"href":"https:\/\/arantv.az\/index.php?rest_route=\/wp\/v2\/posts"}],"about":[{"href":"https:\/\/arantv.az\/index.php?rest_route=\/wp\/v2\/types\/post"}],"author":[{"embeddable":true,"href":"https:\/\/arantv.az\/index.php?rest_route=\/wp\/v2\/users\/2"}],"replies":[{"embeddable":true,"href":"https:\/\/arantv.az\/index.php?rest_route=%2Fwp%2Fv2%2Fcomments&post=123188"}],"version-history":[{"count":0,"href":"https:\/\/arantv.az\/index.php?rest_route=\/wp\/v2\/posts\/123188\/revisions"}],"wp:featuredmedia":[{"embeddable":true,"href":"https:\/\/arantv.az\/index.php?rest_route=\/wp\/v2\/media\/123189"}],"wp:attachment":[{"href":"https:\/\/arantv.az\/index.php?rest_route=%2Fwp%2Fv2%2Fmedia&parent=123188"}],"wp:term":[{"taxonomy":"category","embeddable":true,"href":"https:\/\/arantv.az\/index.php?rest_route=%2Fwp%2Fv2%2Fcategories&post=123188"},{"taxonomy":"post_tag","embeddable":true,"href":"https:\/\/arantv.az\/index.php?rest_route=%2Fwp%2Fv2%2Ftags&post=123188"}],"curies":[{"name":"wp","href":"https:\/\/api.w.org\/{rel}","templated":true}]}}