{"id":123192,"date":"2020-01-27T11:11:03","date_gmt":"2020-01-27T08:11:03","guid":{"rendered":"http:\/\/arantv.az\/?p=123192"},"modified":"2020-01-27T11:11:03","modified_gmt":"2020-01-27T08:11:03","slug":"deputatliga-namiz%c9%99d-samxal-adigoz%c9%99lov-g%c9%99nc%c9%99-s%c9%99h%c9%99rind%c9%99-xank%c9%99ndi-sakinl%c9%99ri-gorusub","status":"publish","type":"post","link":"https:\/\/arantv.az\/?p=123192","title":{"rendered":"Deputatl\u0131\u011fa namiz\u0259d \u015eamxal Ad\u0131g\u00f6z\u0259lov G\u0259nc\u0259 \u015f\u0259h\u0259rind\u0259 Xank\u0259ndi sakinl\u0259ri g\u00f6r\u00fc\u015f\u00fcb."},"content":{"rendered":"<p>Se\u00e7icil\u0259rl\u0259 g\u00f6r\u00fc\u015f m\u0259cburi k\u00f6\u00e7k\u00fcnl\u0259rin kompakt m\u0259skunla\u015fd\u0131\u011f\u0131 iki d\u00fc\u015f\u0259rg\u0259d\u0259 ba\u015f tutub. Bura G\u0259nc\u0259 \u015f\u0259h\u0259rind\u0259 yerl\u0259\u015f\u0259n &#8220;Pe\u015f\u0259 m\u0259kt\u0259bi yataqxanas\u0131n\u0131&#8221; v\u0259 K\u0259p\u0259z rayonunda yerl\u0259\u015f\u0259n q\u0131rm\u0131z\u0131 q\u0259s\u0259b\u0259d\u0259 ke\u00e7irilib.<\/p>\n<p>Milli M\u0259clis\u0259 ke\u00e7iril\u0259c\u0259k n\u00f6vb\u0259d\u0259nk\u0259nar se\u00e7kil\u0259rd\u0259 122 sayl\u0131 Xank\u0259ndi se\u00e7ki dair\u0259sind\u0259n namiz\u0259dliyi ir\u0259li s\u00fcr\u00fclm\u00fc\u015f telejurnalist \u015eamxal Ad\u0131g\u00f6z\u0259lov G\u0259nc\u0259 \u015f\u0259h\u0259rind\u0259 m\u0259skunla\u015fan Xank\u0259ndi \u015f\u0259h\u0259r sakinl\u0259ri v\u0259 K\u0259rkicahan q\u0259s\u0259b\u0259sind\u0259n olan se\u00e7icil\u0259rl\u0259 g\u00f6r\u00fc\u015f\u00fcb.<\/p>\n<p>G\u00f6r\u00fc\u015f\u00fc giri\u015f s\u00f6z\u00fc il\u0259 a\u00e7an \u015eamxal Ad\u0131g\u00f6z\u0259lov \u00f6lk\u0259mizd\u0259 m\u00fc\u015fahid\u0259 olunan s\u00fcr\u0259tli inki\u015faf prosesinin davaml\u0131l\u0131\u011f\u0131ndan s\u00f6hb\u0259t a\u00e7\u0131b. Bu inki\u015faf\u0131n \u00fcmummilli lider Heyd\u0259r \u018fliyevin siyasi kursunun layiqli davam\u00e7\u0131s\u0131 Prezident \u0130lham \u018fliyev t\u0259r\u0259find\u0259n h\u0259yata ke\u00e7iril\u0259n kompleks v\u0259 sistemli islahatlar n\u0259tic\u0259sind\u0259 \u0259ld\u0259 olundu\u011funu s\u00f6yl\u0259yib. G\u0259nc namiz\u0259d \u015e. Ad\u0131g\u00f6z\u0259lov Az\u0259rbaycan\u0131n milli maraqlar\u0131n\u0131n qorunmas\u0131na xidm\u0259t ed\u0259n m\u00fck\u0259mm\u0259l iqtisadi strategiyan\u0131n \u00f6lk\u0259mizi y\u00fcks\u0259k inki\u015faf yoluna \u00e7\u0131xard\u0131\u011f\u0131n\u0131 vur\u011fulay\u0131b.<\/p>\n<p>G\u00f6r\u00fc\u015fd\u0259 namiz\u0259din se\u00e7kiqaba\u011f\u0131 platformas\u0131 v\u0259 \u00f6lk\u0259d\u0259 apar\u0131lan islahatlar m\u00fczakir\u0259 edilib. \u015e. Ad\u0131g\u00f6z\u0259lov Az\u0259rbaycan Prezidenti \u0130lham \u018fliyevin v\u0259 birinci vitse-prezident Mehriban xan\u0131m \u018fliyevan\u0131n m\u0259cburi k\u00f6\u00e7k\u00fcnl\u0259rin probleml\u0259rinin h\u0259llin\u0259 x\u00fcsusi h\u0259ssasl\u0131qla yana\u015fd\u0131qlar\u0131n\u0131 vur\u011fulay\u0131b. O, qeyd edib ki, bu kateqoriyadan olan v\u0259t\u0259nda\u015flar\u0131n sosial m\u00fcdafi\u0259sinin g\u00fccl\u0259ndirilm\u0259si, m\u0259nzil-m\u0259i\u015f\u0259t \u015f\u0259raitinin yax\u015f\u0131la\u015fd\u0131r\u0131lmas\u0131 \u00f6lk\u0259 r\u0259hb\u0259rliyinin yeritdiyi sosial siyas\u0259tin \u0259sas istiqam\u0259tl\u0259rind\u0259n biridir.<\/p>\n<p>G\u00f6r\u00fc\u015fd\u0259 \u00e7\u0131x\u0131\u015f ed\u0259n Xank\u0259ndi \u015f\u0259h\u0259r sakinl\u0259ri v\u0259 K\u0259rkicahan q\u0259s\u0259b\u0259sinin sakinl\u0259ri ya\u015fad\u0131qlar\u0131 probleml\u0259rd\u0259n dan\u0131\u015faraq se\u00e7ki g\u00fcn\u00fc f\u0259all\u0131q n\u00fcmayi\u015f etdir\u0259c\u0259kl\u0259rini bildirib.<\/p>\n<p>Qeyd ed\u0259k ki, \u015eamxal Ad\u0131g\u00f6z\u0259lov 1986 &#8211; \u00e7i ild\u0259 Xank\u0259ndi \u015f\u0259h\u0259rin\u0259 anadan olub. X\u0259z\u0259r televiziyas\u0131n\u0131n Qaraba\u011f \u00fczr\u0259 b\u00f6lg\u0259 m\u00fcxbiri i\u015fl\u0259yir.<\/p>\n<p><img loading=\"lazy\" class=\"alignnone size-medium wp-image-123193\" src=\"https:\/\/arantv.az\/wp-content\/uploads\/2020\/01\/7cb718b4-f38b-4420-a798-ac0a48c4d2ac-300x225.jpg\" alt=\"\" width=\"300\" height=\"225\" \/><img loading=\"lazy\" class=\"alignnone size-medium wp-image-123194\" src=\"https:\/\/arantv.az\/wp-content\/uploads\/2020\/01\/f5442dbf-07fc-4d1d-990a-c47376169071-300x225.jpg\" alt=\"\" width=\"300\" height=\"225\" \/><img loading=\"lazy\" class=\"alignnone size-medium wp-image-123195\" src=\"https:\/\/arantv.az\/wp-content\/uploads\/2020\/01\/049faef9-4e34-48c9-b122-d726e8a71ebc-300x225.jpg\" alt=\"\" width=\"300\" height=\"225\" \/><img loading=\"lazy\" class=\"alignnone size-medium wp-image-123196\" src=\"https:\/\/arantv.az\/wp-content\/uploads\/2020\/01\/aec13121-076f-4570-a9cc-d5bfede6391c-300x225.jpg\" alt=\"\" width=\"300\" height=\"225\" \/><img loading=\"lazy\" class=\"alignnone size-medium wp-image-123197\" src=\"https:\/\/arantv.az\/wp-content\/uploads\/2020\/01\/7480b1c6-39c5-4bc0-a55a-4784f2abc67d-300x225.jpg\" alt=\"\" width=\"300\" height=\"225\" \/><img loading=\"lazy\" class=\"alignnone size-medium wp-image-123198\" src=\"https:\/\/arantv.az\/wp-content\/uploads\/2020\/01\/bd1045ae-3dd3-463d-aafe-0e425e02ca6c-300x225.jpg\" alt=\"\" width=\"300\" height=\"225\" \/><img loading=\"lazy\" class=\"alignnone size-medium wp-image-123199\" src=\"https:\/\/arantv.az\/wp-content\/uploads\/2020\/01\/d0b14eab-17c3-49c2-a539-a67ad306f627-300x225.jpg\" alt=\"\" width=\"300\" height=\"225\" \/><img loading=\"lazy\" class=\"alignnone size-medium wp-image-123200\" src=\"https:\/\/arantv.az\/wp-content\/uploads\/2020\/01\/affd8c20-6922-447b-be72-86a4d8e9f99f-300x225.jpg\" alt=\"\" width=\"300\" height=\"225\" \/><img loading=\"lazy\" class=\"alignnone size-medium wp-image-123201\" src=\"https:\/\/arantv.az\/wp-content\/uploads\/2020\/01\/99d8e7ca-60fd-4031-87a3-cce18dbd919a-300x225.jpg\" alt=\"\" width=\"300\" height=\"225\" \/><img loading=\"lazy\" class=\"alignnone size-medium wp-image-123202\" src=\"https:\/\/arantv.az\/wp-content\/uploads\/2020\/01\/3a72c12c-82c1-45d4-bd78-6d71e3dd5eca-300x225.jpg\" alt=\"\" width=\"300\" height=\"225\" \/><\/p>\n","protected":false},"excerpt":{"rendered":"<p>Se\u00e7icil\u0259rl\u0259 g\u00f6r\u00fc\u015f m\u0259cburi k\u00f6\u00e7k\u00fcnl\u0259rin kompakt m\u0259skunla\u015fd\u0131\u011f\u0131 iki d\u00fc\u015f\u0259rg\u0259d\u0259 ba\u015f tutub. Bura G\u0259nc\u0259 \u015f\u0259h\u0259rind\u0259 yerl\u0259\u015f\u0259n &#8220;Pe\u015f\u0259 m\u0259kt\u0259bi yataqxanas\u0131n\u0131&#8221; v\u0259 K\u0259p\u0259z rayonunda yerl\u0259\u015f\u0259n q\u0131rm\u0131z\u0131 q\u0259s\u0259b\u0259d\u0259 ke\u00e7irilib. Milli M\u0259clis\u0259 ke\u00e7iril\u0259c\u0259k n\u00f6vb\u0259d\u0259nk\u0259nar se\u00e7kil\u0259rd\u0259 122 sayl\u0131 Xank\u0259ndi se\u00e7ki dair\u0259sind\u0259n namiz\u0259dliyi ir\u0259li s\u00fcr\u00fclm\u00fc\u015f telejurnalist \u015eamxal Ad\u0131g\u00f6z\u0259lov G\u0259nc\u0259 \u015f\u0259h\u0259rind\u0259 m\u0259skunla\u015fan Xank\u0259ndi \u015f\u0259h\u0259r sakinl\u0259ri v\u0259 K\u0259rkicahan q\u0259s\u0259b\u0259sind\u0259n olan se\u00e7icil\u0259rl\u0259 g\u00f6r\u00fc\u015f\u00fcb. G\u00f6r\u00fc\u015f\u00fc giri\u015f s\u00f6z\u00fc il\u0259 a\u00e7an \u015eamxal Ad\u0131g\u00f6z\u0259lov \u00f6lk\u0259mizd\u0259 m\u00fc\u015fahid\u0259 olunan s\u00fcr\u0259tli inki\u015faf prosesinin davaml\u0131l\u0131\u011f\u0131ndan s\u00f6hb\u0259t a\u00e7\u0131b. Bu inki\u015faf\u0131n \u00fcmummilli lider Heyd\u0259r \u018fliyevin siyasi kursunun layiqli davam\u00e7\u0131s\u0131 Prezident \u0130lham \u018fliyev t\u0259r\u0259find\u0259n h\u0259yata ke\u00e7iril\u0259n kompleks v\u0259 sistemli islahatlar n\u0259tic\u0259sind\u0259 \u0259ld\u0259&hellip;<\/p>\n","protected":false},"author":2,"featured_media":123199,"comment_status":"closed","ping_status":"closed","sticky":false,"template":"","format":"standard","meta":{"om_disable_all_campaigns":false,"_monsterinsights_skip_tracking":false,"_monsterinsights_sitenote_active":false,"_monsterinsights_sitenote_note":"","_monsterinsights_sitenote_category":0},"categories":[19],"tags":[],"aioseo_notices":[],"gutentor_comment":0,"rttpg_featured_image_url":{"full":["https:\/\/arantv.az\/wp-content\/uploads\/2020\/01\/d0b14eab-17c3-49c2-a539-a67ad306f627.jpg",1024,768,false],"landscape":["https:\/\/arantv.az\/wp-content\/uploads\/2020\/01\/d0b14eab-17c3-49c2-a539-a67ad306f627.jpg",1024,768,false],"portraits":["https:\/\/arantv.az\/wp-content\/uploads\/2020\/01\/d0b14eab-17c3-49c2-a539-a67ad306f627.jpg",1024,768,false],"thumbnail":["https:\/\/arantv.az\/wp-content\/uploads\/2020\/01\/d0b14eab-17c3-49c2-a539-a67ad306f627-150x150.jpg",150,150,true],"medium":["https:\/\/arantv.az\/wp-content\/uploads\/2020\/01\/d0b14eab-17c3-49c2-a539-a67ad306f627-300x225.jpg",300,225,true],"large":["https:\/\/arantv.az\/wp-content\/uploads\/2020\/01\/d0b14eab-17c3-49c2-a539-a67ad306f627-1024x768.jpg",640,480,true],"1536x1536":["https:\/\/arantv.az\/wp-content\/uploads\/2020\/01\/d0b14eab-17c3-49c2-a539-a67ad306f627.jpg",1024,768,false],"2048x2048":["https:\/\/arantv.az\/wp-content\/uploads\/2020\/01\/d0b14eab-17c3-49c2-a539-a67ad306f627.jpg",1024,768,false],"post-thumbnail":["https:\/\/arantv.az\/wp-content\/uploads\/2020\/01\/d0b14eab-17c3-49c2-a539-a67ad306f627-240x172.jpg",240,172,true],"advps-thumb-one":["https:\/\/arantv.az\/wp-content\/uploads\/2020\/01\/d0b14eab-17c3-49c2-a539-a67ad306f627-1024x620.jpg",1024,620,true]},"rttpg_author":{"display_name":"V\u00fcsal Rafiqo\u011flu","author_link":"https:\/\/arantv.az\/?author=2"},"rttpg_comment":0,"rttpg_category":"<a href=\"https:\/\/arantv.az\/?cat=19\" rel=\"category\">G\u00fcnd\u0259m<\/a>","rttpg_excerpt":"Se\u00e7icil\u0259rl\u0259 g\u00f6r\u00fc\u015f m\u0259cburi k\u00f6\u00e7k\u00fcnl\u0259rin kompakt m\u0259skunla\u015fd\u0131\u011f\u0131 iki d\u00fc\u015f\u0259rg\u0259d\u0259 ba\u015f tutub. Bura G\u0259nc\u0259 \u015f\u0259h\u0259rind\u0259 yerl\u0259\u015f\u0259n &#8220;Pe\u015f\u0259 m\u0259kt\u0259bi yataqxanas\u0131n\u0131&#8221; v\u0259 K\u0259p\u0259z rayonunda yerl\u0259\u015f\u0259n q\u0131rm\u0131z\u0131 q\u0259s\u0259b\u0259d\u0259 ke\u00e7irilib. Milli M\u0259clis\u0259 ke\u00e7iril\u0259c\u0259k n\u00f6vb\u0259d\u0259nk\u0259nar se\u00e7kil\u0259rd\u0259 122 sayl\u0131 Xank\u0259ndi se\u00e7ki dair\u0259sind\u0259n namiz\u0259dliyi ir\u0259li s\u00fcr\u00fclm\u00fc\u015f telejurnalist \u015eamxal Ad\u0131g\u00f6z\u0259lov G\u0259nc\u0259 \u015f\u0259h\u0259rind\u0259 m\u0259skunla\u015fan Xank\u0259ndi \u015f\u0259h\u0259r sakinl\u0259ri v\u0259 K\u0259rkicahan q\u0259s\u0259b\u0259sind\u0259n olan se\u00e7icil\u0259rl\u0259 g\u00f6r\u00fc\u015f\u00fcb. G\u00f6r\u00fc\u015f\u00fc giri\u015f s\u00f6z\u00fc&hellip;","_links":{"self":[{"href":"https:\/\/arantv.az\/index.php?rest_route=\/wp\/v2\/posts\/123192"}],"collection":[{"href":"https:\/\/arantv.az\/index.php?rest_route=\/wp\/v2\/posts"}],"about":[{"href":"https:\/\/arantv.az\/index.php?rest_route=\/wp\/v2\/types\/post"}],"author":[{"embeddable":true,"href":"https:\/\/arantv.az\/index.php?rest_route=\/wp\/v2\/users\/2"}],"replies":[{"embeddable":true,"href":"https:\/\/arantv.az\/index.php?rest_route=%2Fwp%2Fv2%2Fcomments&post=123192"}],"version-history":[{"count":0,"href":"https:\/\/arantv.az\/index.php?rest_route=\/wp\/v2\/posts\/123192\/revisions"}],"wp:featuredmedia":[{"embeddable":true,"href":"https:\/\/arantv.az\/index.php?rest_route=\/wp\/v2\/media\/123199"}],"wp:attachment":[{"href":"https:\/\/arantv.az\/index.php?rest_route=%2Fwp%2Fv2%2Fmedia&parent=123192"}],"wp:term":[{"taxonomy":"category","embeddable":true,"href":"https:\/\/arantv.az\/index.php?rest_route=%2Fwp%2Fv2%2Fcategories&post=123192"},{"taxonomy":"post_tag","embeddable":true,"href":"https:\/\/arantv.az\/index.php?rest_route=%2Fwp%2Fv2%2Ftags&post=123192"}],"curies":[{"name":"wp","href":"https:\/\/api.w.org\/{rel}","templated":true}]}}