{"id":123205,"date":"2020-01-27T11:13:14","date_gmt":"2020-01-27T08:13:14","guid":{"rendered":"http:\/\/arantv.az\/?p=123205"},"modified":"2020-01-27T11:13:14","modified_gmt":"2020-01-27T08:13:14","slug":"florian-zenqstsmid-az%c9%99rbaycan-s%c9%99rab-turizmini-genisl%c9%99ndirim%c9%99k-niyy%c9%99tind%c9%99dir","status":"publish","type":"post","link":"https:\/\/arantv.az\/?p=123205","title":{"rendered":"Florian Zenqst\u015fmid: Az\u0259rbaycan \u015f\u0259rab turizmini geni\u015fl\u0259ndirim\u0259k niyy\u0259tind\u0259dir"},"content":{"rendered":"<p>Bak\u0131da ilk d\u0259f\u0259 yarad\u0131lan, Az\u0259rbaycan, G\u00fcrc\u00fcstan v\u0259 Rusiyan\u0131 \u0259hat\u0259 ed\u0259n\u00a0\u015f\u0259rab mar\u015frutunun yarad\u0131lmas\u0131 regionda turizmin daha geni\u015f t\u0259bli\u011fin\u0259 \u015f\u0259rait yarada bil\u0259r.<\/p>\n<p><b>ARANTV.AZ<\/b>-\u0131n m\u0259lumat\u0131na g\u00f6r\u0259, bu bar\u0259d\u0259 Az\u0259rbaycan Turizm B\u00fcrosunun ba\u015f icra\u00e7\u0131 direktoru Florian Zenqst\u015fmid Bak\u0131da Qafqaz\u0131n \u015f\u0259rab mar\u015frutunun yarad\u0131lmas\u0131 il\u0259 ba\u011fl\u0131 assambleyada \u00e7\u0131x\u0131\u015f\u0131 zaman\u0131 bildirib.<\/p>\n<p>Onun s\u00f6zl\u0259rin\u0259 g\u00f6r\u0259, Az\u0259rbaycan \u015f\u0259rab turizmini geni\u015fl\u0259ndirim\u0259k niyy\u0259tind\u0259dir:<\/p>\n<p>\u201cH\u0259mkarlar\u0131m\u0131zla u\u011furlu t\u0259cr\u00fcb\u0259ni b\u00f6l\u00fc\u015f\u0259c\u0259yik. Bununla yana\u015f\u0131, \u015f\u0259rab mar\u015frutunun yarad\u0131lmas\u0131 il\u0259 \u015f\u0259rab\u00e7\u0131l\u0131q sah\u0259sind\u0259 olan t\u0259cr\u00fcb\u0259mizi geni\u015fl\u0259ndiririk. \u015e\u0259rab\u00e7\u0131l\u0131q sah\u0259si Az\u0259rbaycan \u00fc\u00e7\u00fcn strateji \u0259h\u0259miyy\u0259t da\u015f\u0131yan m\u0259s\u0259l\u0259dir\u201d.<\/p>\n<p>F.Zenqst\u015fmid qeyd edib ki, Qafqaz\u0131n \u015f\u0259rab mar\u015frutunun yarad\u0131lmas\u0131\u00a0turistl\u0259r\u0259 bir s\u0131ra \u00f6lk\u0259l\u0259r\u0259 s\u0259f\u0259r etm\u0259k \u015fans\u0131 verir.<\/p>\n<p>Turizm B\u00fcrosunun Turizm m\u0259hsulunun inki\u015faf\u0131 sektorunun m\u00fcdiri \u015e\u0259rif\u0259 H\u0259s\u0259nova is\u0259 bildirib ki, Az\u0259rbaycan, G\u00fcrc\u00fcstan v\u0259 Rusiya il\u0259 birlikd\u0259 Avropa \u015euras\u0131 il\u0259 2020-ci ild\u0259 \u0259m\u0259kda\u015fl\u0131\u011f\u0131 \u0259hat\u0259 ed\u0259n sazi\u015f imzalay\u0131b:<\/p>\n<p>\u201cBununla da f\u0259aliyy\u0259t planlar\u0131m\u0131z\u0131 h\u0259r \u00fc\u00e7 \u00f6lk\u0259 olaraq birg\u0259 h\u0259yata ke\u00e7ir\u0259k. Turistl\u0259r mar\u015frut \u00fczr\u0259 h\u0259r \u00fc\u00e7 \u00f6lk\u0259nin \u015f\u0259rab turizm f\u0259aliyy\u0259tini k\u0259\u015ff ed\u0259c\u0259kl\u0259r. Mar\u015frut art\u0131q f\u0259aliyy\u0259td\u0259dir\u201d.<\/p>\n<p>O bildirib ki, h\u0259r \u00fc\u00e7 \u00f6lk\u0259 \u00fc\u00e7\u00fcn bu mar\u015frutun elementl\u0259ri m\u00fc\u0259yy\u0259n olunacaq:<\/p>\n<p>\u201cMar\u015frutlar\u0131n elementl\u0259ri \u00fcz\u0259rind\u0259 i\u015far\u0259l\u0259nm\u0259 olacaq. Haz\u0131r mar\u015frut h\u0259m\u00a0Avropa \u015euras\u0131 t\u0259r\u0259find\u0259n, h\u0259m d\u0259 bizim \u00f6z resurslar\u0131m\u0131zla xarici bazarlara t\u0259qdim edil\u0259c\u0259k. \u00dc\u00e7 \u00f6lk\u0259nin tur-operatorlar\u0131 bu turizm mar\u015frutunu t\u0259qdim ed\u0259c\u0259kl\u0259r\u201d.\u00a0Oxu.Az<\/p>\n","protected":false},"excerpt":{"rendered":"<p>Bak\u0131da ilk d\u0259f\u0259 yarad\u0131lan, Az\u0259rbaycan, G\u00fcrc\u00fcstan v\u0259 Rusiyan\u0131 \u0259hat\u0259 ed\u0259n\u00a0\u015f\u0259rab mar\u015frutunun yarad\u0131lmas\u0131 regionda turizmin daha geni\u015f t\u0259bli\u011fin\u0259 \u015f\u0259rait yarada bil\u0259r. ARANTV.AZ-\u0131n m\u0259lumat\u0131na g\u00f6r\u0259, bu bar\u0259d\u0259 Az\u0259rbaycan Turizm B\u00fcrosunun ba\u015f icra\u00e7\u0131 direktoru Florian Zenqst\u015fmid Bak\u0131da Qafqaz\u0131n \u015f\u0259rab mar\u015frutunun yarad\u0131lmas\u0131 il\u0259 ba\u011fl\u0131 assambleyada \u00e7\u0131x\u0131\u015f\u0131 zaman\u0131 bildirib. Onun s\u00f6zl\u0259rin\u0259 g\u00f6r\u0259, Az\u0259rbaycan \u015f\u0259rab turizmini geni\u015fl\u0259ndirim\u0259k niyy\u0259tind\u0259dir: \u201cH\u0259mkarlar\u0131m\u0131zla u\u011furlu t\u0259cr\u00fcb\u0259ni b\u00f6l\u00fc\u015f\u0259c\u0259yik. Bununla yana\u015f\u0131, \u015f\u0259rab mar\u015frutunun yarad\u0131lmas\u0131 il\u0259 \u015f\u0259rab\u00e7\u0131l\u0131q sah\u0259sind\u0259 olan t\u0259cr\u00fcb\u0259mizi geni\u015fl\u0259ndiririk. \u015e\u0259rab\u00e7\u0131l\u0131q sah\u0259si Az\u0259rbaycan \u00fc\u00e7\u00fcn strateji \u0259h\u0259miyy\u0259t da\u015f\u0131yan m\u0259s\u0259l\u0259dir\u201d. F.Zenqst\u015fmid qeyd edib ki, Qafqaz\u0131n \u015f\u0259rab mar\u015frutunun yarad\u0131lmas\u0131\u00a0turistl\u0259r\u0259 bir s\u0131ra \u00f6lk\u0259l\u0259r\u0259 s\u0259f\u0259r etm\u0259k \u015fans\u0131 verir.&hellip;<\/p>\n","protected":false},"author":2,"featured_media":123206,"comment_status":"closed","ping_status":"closed","sticky":false,"template":"","format":"standard","meta":{"om_disable_all_campaigns":false,"_monsterinsights_skip_tracking":false,"_monsterinsights_sitenote_active":false,"_monsterinsights_sitenote_note":"","_monsterinsights_sitenote_category":0},"categories":[1],"tags":[],"aioseo_notices":[],"gutentor_comment":0,"rttpg_featured_image_url":{"full":["https:\/\/arantv.az\/wp-content\/uploads\/2020\/01\/tr.jpg",620,349,false],"landscape":["https:\/\/arantv.az\/wp-content\/uploads\/2020\/01\/tr.jpg",620,349,false],"portraits":["https:\/\/arantv.az\/wp-content\/uploads\/2020\/01\/tr.jpg",620,349,false],"thumbnail":["https:\/\/arantv.az\/wp-content\/uploads\/2020\/01\/tr-150x150.jpg",150,150,true],"medium":["https:\/\/arantv.az\/wp-content\/uploads\/2020\/01\/tr-300x169.jpg",300,169,true],"large":["https:\/\/arantv.az\/wp-content\/uploads\/2020\/01\/tr.jpg",620,349,false],"1536x1536":["https:\/\/arantv.az\/wp-content\/uploads\/2020\/01\/tr.jpg",620,349,false],"2048x2048":["https:\/\/arantv.az\/wp-content\/uploads\/2020\/01\/tr.jpg",620,349,false],"post-thumbnail":["https:\/\/arantv.az\/wp-content\/uploads\/2020\/01\/tr-240x172.jpg",240,172,true],"advps-thumb-one":["https:\/\/arantv.az\/wp-content\/uploads\/2020\/01\/tr.jpg",620,349,false]},"rttpg_author":{"display_name":"V\u00fcsal Rafiqo\u011flu","author_link":"https:\/\/arantv.az\/?author=2"},"rttpg_comment":0,"rttpg_category":"<a href=\"https:\/\/arantv.az\/?cat=1\" rel=\"category\">C\u0259miyy\u0259t<\/a>","rttpg_excerpt":"Bak\u0131da ilk d\u0259f\u0259 yarad\u0131lan, Az\u0259rbaycan, G\u00fcrc\u00fcstan v\u0259 Rusiyan\u0131 \u0259hat\u0259 ed\u0259n\u00a0\u015f\u0259rab mar\u015frutunun yarad\u0131lmas\u0131 regionda turizmin daha geni\u015f t\u0259bli\u011fin\u0259 \u015f\u0259rait yarada bil\u0259r. ARANTV.AZ-\u0131n m\u0259lumat\u0131na g\u00f6r\u0259, bu bar\u0259d\u0259 Az\u0259rbaycan Turizm B\u00fcrosunun ba\u015f icra\u00e7\u0131 direktoru Florian Zenqst\u015fmid Bak\u0131da Qafqaz\u0131n \u015f\u0259rab mar\u015frutunun yarad\u0131lmas\u0131 il\u0259 ba\u011fl\u0131 assambleyada \u00e7\u0131x\u0131\u015f\u0131 zaman\u0131 bildirib. Onun s\u00f6zl\u0259rin\u0259 g\u00f6r\u0259, Az\u0259rbaycan \u015f\u0259rab turizmini geni\u015fl\u0259ndirim\u0259k niyy\u0259tind\u0259dir: \u201cH\u0259mkarlar\u0131m\u0131zla u\u011furlu t\u0259cr\u00fcb\u0259ni&hellip;","_links":{"self":[{"href":"https:\/\/arantv.az\/index.php?rest_route=\/wp\/v2\/posts\/123205"}],"collection":[{"href":"https:\/\/arantv.az\/index.php?rest_route=\/wp\/v2\/posts"}],"about":[{"href":"https:\/\/arantv.az\/index.php?rest_route=\/wp\/v2\/types\/post"}],"author":[{"embeddable":true,"href":"https:\/\/arantv.az\/index.php?rest_route=\/wp\/v2\/users\/2"}],"replies":[{"embeddable":true,"href":"https:\/\/arantv.az\/index.php?rest_route=%2Fwp%2Fv2%2Fcomments&post=123205"}],"version-history":[{"count":0,"href":"https:\/\/arantv.az\/index.php?rest_route=\/wp\/v2\/posts\/123205\/revisions"}],"wp:featuredmedia":[{"embeddable":true,"href":"https:\/\/arantv.az\/index.php?rest_route=\/wp\/v2\/media\/123206"}],"wp:attachment":[{"href":"https:\/\/arantv.az\/index.php?rest_route=%2Fwp%2Fv2%2Fmedia&parent=123205"}],"wp:term":[{"taxonomy":"category","embeddable":true,"href":"https:\/\/arantv.az\/index.php?rest_route=%2Fwp%2Fv2%2Fcategories&post=123205"},{"taxonomy":"post_tag","embeddable":true,"href":"https:\/\/arantv.az\/index.php?rest_route=%2Fwp%2Fv2%2Ftags&post=123205"}],"curies":[{"name":"wp","href":"https:\/\/api.w.org\/{rel}","templated":true}]}}