{"id":123209,"date":"2020-01-27T11:14:03","date_gmt":"2020-01-27T08:14:03","guid":{"rendered":"http:\/\/arantv.az\/?p=123209"},"modified":"2020-01-27T11:14:03","modified_gmt":"2020-01-27T08:14:03","slug":"olumcul-virus-yayilan-%c9%99razid%c9%99-nec%c9%99-az%c9%99rbaycanli-t%c9%99l%c9%99b%c9%99-var-aciqlama","status":"publish","type":"post","link":"https:\/\/arantv.az\/?p=123209","title":{"rendered":"\u00d6l\u00fcmc\u00fcl virus yay\u0131lan \u0259razid\u0259 ne\u00e7\u0259 az\u0259rbaycanl\u0131 t\u0259l\u0259b\u0259 var? &#8211; A\u00c7IQLAMA"},"content":{"rendered":"<p>\u00c7ind\u0259 koronovirus yay\u0131lan \u0259razid\u0259 yeddi n\u0259f\u0259r az\u0259rbaycanl\u0131 t\u0259l\u0259b\u0259 t\u0259hsil al\u0131r.<\/p>\n<p><b>ARANTV.AZ\u00a0<\/b> x\u0259b\u0259r verir ki, bu bar\u0259d\u0259 nazir Ceyhun Bayramov m\u0259lumat verib.<\/p>\n<p>O bildirib ki, bununla ba\u011fl\u0131 Az\u0259rbaycan\u0131n \u00c7ind\u0259 yerl\u0259\u015f\u0259n s\u0259firliyi il\u0259 \u0259laq\u0259 saxlan\u0131l\u0131b:<\/p>\n<p>\u201cBu g\u00fcn 62 n\u0259f\u0259r d\u00f6vl\u0259t x\u0259tti il\u0259 \u00c7ind\u0259 t\u0259hsil al\u0131r. \u00dcmumilikd\u0259, \u00c7in Xalq Respublika \u0259razind\u0259 500 az\u0259rbaycanl\u0131\u00a0t\u0259l\u0259b\u0259 var.<\/p>\n<p>Haz\u0131rda karantin elan olunan \u0259razid\u0259 yeddi az\u0259rbaycanl\u0131 t\u0259l\u0259b\u0259miz t\u0259hsil al\u0131r v\u0259 onlarla \u0259laq\u0259 saxlan\u0131l\u0131r.<\/p>\n<p>Biziml\u0259 yana\u015f\u0131, dig\u0259r \u00f6lk\u0259l\u0259r d\u0259 t\u0259l\u0259b\u0259l\u0259rinin \u00c7ind\u0259n \u00e7\u0131xar\u0131lmas\u0131 il\u0259 ba\u011fl\u0131 m\u00fcraci\u0259tl\u0259r edib.<\/p>\n<p>\u00c7in Xarici \u0130\u015fl\u0259r Nazirliyi bu m\u0259s\u0259l\u0259 il\u0259 ba\u011fl\u0131 iclas ke\u00e7ir\u0259c\u0259k v\u0259 ictimaiyy\u0259t\u0259 m\u0259lumat veril\u0259c\u0259k\u201d.Oxu.Az<\/p>\n","protected":false},"excerpt":{"rendered":"<p>\u00c7ind\u0259 koronovirus yay\u0131lan \u0259razid\u0259 yeddi n\u0259f\u0259r az\u0259rbaycanl\u0131 t\u0259l\u0259b\u0259 t\u0259hsil al\u0131r. ARANTV.AZ\u00a0 x\u0259b\u0259r verir ki, bu bar\u0259d\u0259 nazir Ceyhun Bayramov m\u0259lumat verib. O bildirib ki, bununla ba\u011fl\u0131 Az\u0259rbaycan\u0131n \u00c7ind\u0259 yerl\u0259\u015f\u0259n s\u0259firliyi il\u0259 \u0259laq\u0259 saxlan\u0131l\u0131b: \u201cBu g\u00fcn 62 n\u0259f\u0259r d\u00f6vl\u0259t x\u0259tti il\u0259 \u00c7ind\u0259 t\u0259hsil al\u0131r. \u00dcmumilikd\u0259, \u00c7in Xalq Respublika \u0259razind\u0259 500 az\u0259rbaycanl\u0131\u00a0t\u0259l\u0259b\u0259 var. Haz\u0131rda karantin elan olunan \u0259razid\u0259 yeddi az\u0259rbaycanl\u0131 t\u0259l\u0259b\u0259miz t\u0259hsil al\u0131r v\u0259 onlarla \u0259laq\u0259 saxlan\u0131l\u0131r. Biziml\u0259 yana\u015f\u0131, dig\u0259r \u00f6lk\u0259l\u0259r d\u0259 t\u0259l\u0259b\u0259l\u0259rinin \u00c7ind\u0259n \u00e7\u0131xar\u0131lmas\u0131 il\u0259 ba\u011fl\u0131 m\u00fcraci\u0259tl\u0259r edib. \u00c7in Xarici \u0130\u015fl\u0259r Nazirliyi bu m\u0259s\u0259l\u0259 il\u0259 ba\u011fl\u0131 iclas ke\u00e7ir\u0259c\u0259k v\u0259 ictimaiyy\u0259t\u0259 m\u0259lumat&hellip;<\/p>\n","protected":false},"author":2,"featured_media":123210,"comment_status":"closed","ping_status":"closed","sticky":false,"template":"","format":"standard","meta":{"om_disable_all_campaigns":false,"_monsterinsights_skip_tracking":false,"_monsterinsights_sitenote_active":false,"_monsterinsights_sitenote_note":"","_monsterinsights_sitenote_category":0},"categories":[1],"tags":[],"aioseo_notices":[],"gutentor_comment":0,"rttpg_featured_image_url":{"full":["https:\/\/arantv.az\/wp-content\/uploads\/2020\/01\/1579903206-1koronovirus.jpg",620,413,false],"landscape":["https:\/\/arantv.az\/wp-content\/uploads\/2020\/01\/1579903206-1koronovirus.jpg",620,413,false],"portraits":["https:\/\/arantv.az\/wp-content\/uploads\/2020\/01\/1579903206-1koronovirus.jpg",620,413,false],"thumbnail":["https:\/\/arantv.az\/wp-content\/uploads\/2020\/01\/1579903206-1koronovirus-150x150.jpg",150,150,true],"medium":["https:\/\/arantv.az\/wp-content\/uploads\/2020\/01\/1579903206-1koronovirus-300x200.jpg",300,200,true],"large":["https:\/\/arantv.az\/wp-content\/uploads\/2020\/01\/1579903206-1koronovirus.jpg",620,413,false],"1536x1536":["https:\/\/arantv.az\/wp-content\/uploads\/2020\/01\/1579903206-1koronovirus.jpg",620,413,false],"2048x2048":["https:\/\/arantv.az\/wp-content\/uploads\/2020\/01\/1579903206-1koronovirus.jpg",620,413,false],"post-thumbnail":["https:\/\/arantv.az\/wp-content\/uploads\/2020\/01\/1579903206-1koronovirus-240x172.jpg",240,172,true],"advps-thumb-one":["https:\/\/arantv.az\/wp-content\/uploads\/2020\/01\/1579903206-1koronovirus.jpg",620,413,false]},"rttpg_author":{"display_name":"V\u00fcsal Rafiqo\u011flu","author_link":"https:\/\/arantv.az\/?author=2"},"rttpg_comment":0,"rttpg_category":"<a href=\"https:\/\/arantv.az\/?cat=1\" rel=\"category\">C\u0259miyy\u0259t<\/a>","rttpg_excerpt":"\u00c7ind\u0259 koronovirus yay\u0131lan \u0259razid\u0259 yeddi n\u0259f\u0259r az\u0259rbaycanl\u0131 t\u0259l\u0259b\u0259 t\u0259hsil al\u0131r. ARANTV.AZ\u00a0 x\u0259b\u0259r verir ki, bu bar\u0259d\u0259 nazir Ceyhun Bayramov m\u0259lumat verib. O bildirib ki, bununla ba\u011fl\u0131 Az\u0259rbaycan\u0131n \u00c7ind\u0259 yerl\u0259\u015f\u0259n s\u0259firliyi il\u0259 \u0259laq\u0259 saxlan\u0131l\u0131b: \u201cBu g\u00fcn 62 n\u0259f\u0259r d\u00f6vl\u0259t x\u0259tti il\u0259 \u00c7ind\u0259 t\u0259hsil al\u0131r. \u00dcmumilikd\u0259, \u00c7in Xalq Respublika \u0259razind\u0259 500 az\u0259rbaycanl\u0131\u00a0t\u0259l\u0259b\u0259 var. Haz\u0131rda karantin elan olunan&hellip;","_links":{"self":[{"href":"https:\/\/arantv.az\/index.php?rest_route=\/wp\/v2\/posts\/123209"}],"collection":[{"href":"https:\/\/arantv.az\/index.php?rest_route=\/wp\/v2\/posts"}],"about":[{"href":"https:\/\/arantv.az\/index.php?rest_route=\/wp\/v2\/types\/post"}],"author":[{"embeddable":true,"href":"https:\/\/arantv.az\/index.php?rest_route=\/wp\/v2\/users\/2"}],"replies":[{"embeddable":true,"href":"https:\/\/arantv.az\/index.php?rest_route=%2Fwp%2Fv2%2Fcomments&post=123209"}],"version-history":[{"count":0,"href":"https:\/\/arantv.az\/index.php?rest_route=\/wp\/v2\/posts\/123209\/revisions"}],"wp:featuredmedia":[{"embeddable":true,"href":"https:\/\/arantv.az\/index.php?rest_route=\/wp\/v2\/media\/123210"}],"wp:attachment":[{"href":"https:\/\/arantv.az\/index.php?rest_route=%2Fwp%2Fv2%2Fmedia&parent=123209"}],"wp:term":[{"taxonomy":"category","embeddable":true,"href":"https:\/\/arantv.az\/index.php?rest_route=%2Fwp%2Fv2%2Fcategories&post=123209"},{"taxonomy":"post_tag","embeddable":true,"href":"https:\/\/arantv.az\/index.php?rest_route=%2Fwp%2Fv2%2Ftags&post=123209"}],"curies":[{"name":"wp","href":"https:\/\/api.w.org\/{rel}","templated":true}]}}