{"id":123217,"date":"2020-01-27T11:15:35","date_gmt":"2020-01-27T08:15:35","guid":{"rendered":"http:\/\/arantv.az\/?p=123217"},"modified":"2020-01-27T11:15:35","modified_gmt":"2020-01-27T08:15:35","slug":"b%c9%99zi-m%c9%99kt%c9%99bl%c9%99rd%c9%99-sagirdl%c9%99r-ucun-avtobuslar-ayrilacaq","status":"publish","type":"post","link":"https:\/\/arantv.az\/?p=123217","title":{"rendered":"B\u0259zi m\u0259kt\u0259bl\u0259rd\u0259 \u015fagirdl\u0259r \u00fc\u00e7\u00fcn avtobuslar ayr\u0131lacaq"},"content":{"rendered":"<p>2020-ci ild\u0259 Bak\u0131n\u0131n bir s\u0131ra m\u0259kt\u0259bl\u0259rind\u0259 \u015fagirdl\u0259r \u00fc\u00e7\u00fcn avtobuslar ayr\u0131lacaq.<\/p>\n<p><b>ARANTV.AZ\u00a0<\/b>x\u0259b\u0259r verir ki, bunu T\u0259hsil naziri Ceyhun Bayramov 2019-cu ilin yekunlar\u0131na dair m\u0259tbuat konfrans\u0131nda deyib.<\/p>\n<p>Nazirin s\u00f6zl\u0259rin\u0259 g\u00f6r\u0259, bu istiqam\u0259td\u0259 Bak\u0131 N\u0259qliyyat Agentliyi il\u0259 dan\u0131\u015f\u0131qlara v\u0259 s\u0131x \u0259m\u0259kda\u015fl\u0131\u011fa ba\u015flan\u0131l\u0131b.<\/p>\n<p>\u201cBirg\u0259 s\u0259yl\u0259rimiz n\u0259tic\u0259sind\u0259 2020-ci ilin yeni t\u0259dris ilin\u0259 q\u0259d\u0259r Bak\u0131n\u0131n bir s\u0131ra \u0259razil\u0259rind\u0259 \u015fagird say\u0131 \u00e7ox olan m\u0259kt\u0259bl\u0259r \u00fc\u00e7\u00fcn avtobus sisteminin t\u0259\u015fkili g\u00f6zl\u0259nilir.<\/p>\n<p>T\u0259bii ki, b\u00fct\u00fcn m\u0259kt\u0259bl\u0259ri birinci m\u0259rh\u0259l\u0259d\u0259 \u0259hat\u0259 etm\u0259y\u0259c\u0259yik. Lakin layih\u0259nin gedi\u015find\u0259n as\u0131l\u0131 olaraq i\u015f davam etdiril\u0259c\u0259k\u201d.Oxu.Az<\/p>\n","protected":false},"excerpt":{"rendered":"<p>2020-ci ild\u0259 Bak\u0131n\u0131n bir s\u0131ra m\u0259kt\u0259bl\u0259rind\u0259 \u015fagirdl\u0259r \u00fc\u00e7\u00fcn avtobuslar ayr\u0131lacaq. ARANTV.AZ\u00a0x\u0259b\u0259r verir ki, bunu T\u0259hsil naziri Ceyhun Bayramov 2019-cu ilin yekunlar\u0131na dair m\u0259tbuat konfrans\u0131nda deyib. Nazirin s\u00f6zl\u0259rin\u0259 g\u00f6r\u0259, bu istiqam\u0259td\u0259 Bak\u0131 N\u0259qliyyat Agentliyi il\u0259 dan\u0131\u015f\u0131qlara v\u0259 s\u0131x \u0259m\u0259kda\u015fl\u0131\u011fa ba\u015flan\u0131l\u0131b. \u201cBirg\u0259 s\u0259yl\u0259rimiz n\u0259tic\u0259sind\u0259 2020-ci ilin yeni t\u0259dris ilin\u0259 q\u0259d\u0259r Bak\u0131n\u0131n bir s\u0131ra \u0259razil\u0259rind\u0259 \u015fagird say\u0131 \u00e7ox olan m\u0259kt\u0259bl\u0259r \u00fc\u00e7\u00fcn avtobus sisteminin t\u0259\u015fkili g\u00f6zl\u0259nilir. T\u0259bii ki, b\u00fct\u00fcn m\u0259kt\u0259bl\u0259ri birinci m\u0259rh\u0259l\u0259d\u0259 \u0259hat\u0259 etm\u0259y\u0259c\u0259yik. Lakin layih\u0259nin gedi\u015find\u0259n as\u0131l\u0131 olaraq i\u015f davam etdiril\u0259c\u0259k\u201d.Oxu.Az<\/p>\n","protected":false},"author":2,"featured_media":123218,"comment_status":"closed","ping_status":"closed","sticky":false,"template":"","format":"standard","meta":{"om_disable_all_campaigns":false,"_monsterinsights_skip_tracking":false,"_monsterinsights_sitenote_active":false,"_monsterinsights_sitenote_note":"","_monsterinsights_sitenote_category":0},"categories":[23],"tags":[],"aioseo_notices":[],"gutentor_comment":0,"rttpg_featured_image_url":{"full":["https:\/\/arantv.az\/wp-content\/uploads\/2020\/01\/mekteb.jpg",620,413,false],"landscape":["https:\/\/arantv.az\/wp-content\/uploads\/2020\/01\/mekteb.jpg",620,413,false],"portraits":["https:\/\/arantv.az\/wp-content\/uploads\/2020\/01\/mekteb.jpg",620,413,false],"thumbnail":["https:\/\/arantv.az\/wp-content\/uploads\/2020\/01\/mekteb-150x150.jpg",150,150,true],"medium":["https:\/\/arantv.az\/wp-content\/uploads\/2020\/01\/mekteb-300x200.jpg",300,200,true],"large":["https:\/\/arantv.az\/wp-content\/uploads\/2020\/01\/mekteb.jpg",620,413,false],"1536x1536":["https:\/\/arantv.az\/wp-content\/uploads\/2020\/01\/mekteb.jpg",620,413,false],"2048x2048":["https:\/\/arantv.az\/wp-content\/uploads\/2020\/01\/mekteb.jpg",620,413,false],"post-thumbnail":["https:\/\/arantv.az\/wp-content\/uploads\/2020\/01\/mekteb-240x172.jpg",240,172,true],"advps-thumb-one":["https:\/\/arantv.az\/wp-content\/uploads\/2020\/01\/mekteb.jpg",620,413,false]},"rttpg_author":{"display_name":"V\u00fcsal Rafiqo\u011flu","author_link":"https:\/\/arantv.az\/?author=2"},"rttpg_comment":0,"rttpg_category":"<a href=\"https:\/\/arantv.az\/?cat=23\" rel=\"category\">T\u0259hsil<\/a>","rttpg_excerpt":"2020-ci ild\u0259 Bak\u0131n\u0131n bir s\u0131ra m\u0259kt\u0259bl\u0259rind\u0259 \u015fagirdl\u0259r \u00fc\u00e7\u00fcn avtobuslar ayr\u0131lacaq. ARANTV.AZ\u00a0x\u0259b\u0259r verir ki, bunu T\u0259hsil naziri Ceyhun Bayramov 2019-cu ilin yekunlar\u0131na dair m\u0259tbuat konfrans\u0131nda deyib. Nazirin s\u00f6zl\u0259rin\u0259 g\u00f6r\u0259, bu istiqam\u0259td\u0259 Bak\u0131 N\u0259qliyyat Agentliyi il\u0259 dan\u0131\u015f\u0131qlara v\u0259 s\u0131x \u0259m\u0259kda\u015fl\u0131\u011fa ba\u015flan\u0131l\u0131b. \u201cBirg\u0259 s\u0259yl\u0259rimiz n\u0259tic\u0259sind\u0259 2020-ci ilin yeni t\u0259dris ilin\u0259 q\u0259d\u0259r Bak\u0131n\u0131n bir s\u0131ra \u0259razil\u0259rind\u0259 \u015fagird say\u0131 \u00e7ox&hellip;","_links":{"self":[{"href":"https:\/\/arantv.az\/index.php?rest_route=\/wp\/v2\/posts\/123217"}],"collection":[{"href":"https:\/\/arantv.az\/index.php?rest_route=\/wp\/v2\/posts"}],"about":[{"href":"https:\/\/arantv.az\/index.php?rest_route=\/wp\/v2\/types\/post"}],"author":[{"embeddable":true,"href":"https:\/\/arantv.az\/index.php?rest_route=\/wp\/v2\/users\/2"}],"replies":[{"embeddable":true,"href":"https:\/\/arantv.az\/index.php?rest_route=%2Fwp%2Fv2%2Fcomments&post=123217"}],"version-history":[{"count":0,"href":"https:\/\/arantv.az\/index.php?rest_route=\/wp\/v2\/posts\/123217\/revisions"}],"wp:featuredmedia":[{"embeddable":true,"href":"https:\/\/arantv.az\/index.php?rest_route=\/wp\/v2\/media\/123218"}],"wp:attachment":[{"href":"https:\/\/arantv.az\/index.php?rest_route=%2Fwp%2Fv2%2Fmedia&parent=123217"}],"wp:term":[{"taxonomy":"category","embeddable":true,"href":"https:\/\/arantv.az\/index.php?rest_route=%2Fwp%2Fv2%2Fcategories&post=123217"},{"taxonomy":"post_tag","embeddable":true,"href":"https:\/\/arantv.az\/index.php?rest_route=%2Fwp%2Fv2%2Ftags&post=123217"}],"curies":[{"name":"wp","href":"https:\/\/api.w.org\/{rel}","templated":true}]}}