{"id":123221,"date":"2020-01-27T11:16:38","date_gmt":"2020-01-27T08:16:38","guid":{"rendered":"http:\/\/arantv.az\/?p=123221"},"modified":"2020-01-27T11:16:38","modified_gmt":"2020-01-27T08:16:38","slug":"bu-%c9%99razil%c9%99rd%c9%99-yeni-m%c9%99kt%c9%99bl%c9%99r-istifad%c9%99y%c9%99-veril%c9%99c%c9%99k","status":"publish","type":"post","link":"https:\/\/arantv.az\/?p=123221","title":{"rendered":"Bu \u0259razil\u0259rd\u0259 yeni m\u0259kt\u0259bl\u0259r istifad\u0259y\u0259 veril\u0259c\u0259k"},"content":{"rendered":"<blockquote><p><em><strong>Az\u0259rbaycandak\u0131 orta m\u0259kt\u0259bl\u0259rin t\u0259xmin\u0259n 50 faizind\u0259 \u015fagirdl\u0259rin say\u0131 200 v\u0259 a\u015fa\u011f\u0131d\u0131r.<\/strong><\/em><\/p><\/blockquote>\n<p><strong>ARANTV.AZ<\/strong>\u00a0\u00a0<a href=\"https:\/\/az.trend.az\/\" target=\"_blank\" rel=\"noopener\">Trend<\/a>-\u0259 istinad\u0259n x\u0259b\u0259r verir ki, bunu T\u0259hsil naziri Ceyhun Bayramov bu g\u00fcn ke\u00e7irdiyi m\u0259tbuat konfrans\u0131nda deyib.<\/p>\n<p>Onun s\u00f6zl\u0259rin\u0259 g\u00f6r\u0259, \u00f6lk\u0259d\u0259 \u0259halinin say\u0131 h\u0259r il art\u0131r v\u0259 orta hesabla \u015fagirdl\u0259rin say\u0131 da h\u0259r il t\u0259xmin\u0259n 50 min n\u0259f\u0259r art\u0131r: &#8220;T\u0259bii ki, \u0259hali art\u0131m\u0131 m\u00fcxt\u0259lif \u0259razil\u0259rd\u0259 eyni templ\u0259 ba\u015f vermir. Bunun n\u0259tic\u0259sidir ki, bir s\u0131ra ya\u015fay\u0131\u015f m\u0259nt\u0259q\u0259l\u0259rind\u0259 y\u00fcks\u0259k \u015fagird s\u0131xl\u0131\u011f\u0131 m\u00f6vcuddur&#8221;.<\/p>\n<p>Nazir bildirib ki, Bak\u0131n\u0131n X\u0259z\u0259r rayonunun Bin\u0259 q\u0259s\u0259b\u0259sind\u0259, K\u0259nd Bin\u0259q\u0259did\u0259, Sulut\u0259p\u0259, X\u0131rdalan \u015f\u0259h\u0259rind\u0259, Ab\u015feron rayonunun Masaz\u0131r v\u0259 Saray q\u0259s\u0259b\u0259l\u0259rd\u0259 m\u0259kt\u0259b in\u015fas\u0131 \u00fc\u00e7\u00fcn \u0259lav\u0259 torpaq sah\u0259l\u0259ri ayr\u0131lacaq, yaxud orada yerl\u0259\u015f\u0259n m\u0259kt\u0259bl\u0259rd\u0259 \u0259lav\u0259 korpuslar\u0131n ayr\u0131lmas\u0131 n\u0259z\u0259rd\u0259n ke\u00e7iril\u0259c\u0259k.<\/p>\n<p>C.Bayramov qeyd edib ki, bu il d\u0259 bu istiqam\u0259td\u0259 bir s\u0131ra layih\u0259l\u0259r h\u0259yata ke\u00e7iril\u0259c\u0259k: &#8220;Bel\u0259 ki, yeni t\u0259dris ilind\u0259 Bin\u0259 q\u0259s\u0259b\u0259sind\u0259 1600 yerlik m\u0259kt\u0259b binas\u0131 \u015fagirdl\u0259rin ixtiyar\u0131na veril\u0259c\u0259k. El\u0259c\u0259 d\u0259 X\u0131rdalanda 3 n\u00f6mr\u0259li m\u0259kt\u0259bin 1400 yerlik yeni korpus yeni t\u0259dris ilind\u0259 haz\u0131r olacaq. Sumqay\u0131t 1 n\u00f6mr\u0259li m\u0259kt\u0259bin yenid\u0259n qurulmas\u0131 i\u015fi is\u0259 bu ilin I r\u00fcbd\u0259 yekunla\u015facaq&#8221;.<\/p>\n<p>Nazirin s\u00f6zl\u0259rin\u0259 \u0259sas\u0259n, 2019-cu ild\u0259 T\u0259hsil Nazirliyinin h\u0259d\u0259fl\u0259r\u0259 uy\u011fun olaraq 84 yeni m\u0259kt\u0259b tikilib v\u0259 ya \u0259sasl\u0131 t\u0259mir edilib: &#8220;Bu istiqam\u0259t Birinci vitse-prezident Mehriban \u018fliyevan\u0131n diqq\u0259t m\u0259rk\u0259zind\u0259dir. 2019-cu ild\u0259 onlarla yeni m\u0259kt\u0259b binas\u0131 Mehriban \u018fliyevan\u0131n birba\u015fa qay\u011f\u0131s\u0131 say\u0259sind\u0259 tikil\u0259r\u0259k istifad\u0259y\u0259 verilib v\u0259 bel\u0259likl\u0259 2019-cu ild\u0259 100-d\u0259n \u00e7ox m\u0259kt\u0259b binas\u0131 istifad\u0259y\u0259 verilib&#8221;.<\/p>\n","protected":false},"excerpt":{"rendered":"<p>Az\u0259rbaycandak\u0131 orta m\u0259kt\u0259bl\u0259rin t\u0259xmin\u0259n 50 faizind\u0259 \u015fagirdl\u0259rin say\u0131 200 v\u0259 a\u015fa\u011f\u0131d\u0131r. ARANTV.AZ\u00a0\u00a0Trend-\u0259 istinad\u0259n x\u0259b\u0259r verir ki, bunu T\u0259hsil naziri Ceyhun Bayramov bu g\u00fcn ke\u00e7irdiyi m\u0259tbuat konfrans\u0131nda deyib. Onun s\u00f6zl\u0259rin\u0259 g\u00f6r\u0259, \u00f6lk\u0259d\u0259 \u0259halinin say\u0131 h\u0259r il art\u0131r v\u0259 orta hesabla \u015fagirdl\u0259rin say\u0131 da h\u0259r il t\u0259xmin\u0259n 50 min n\u0259f\u0259r art\u0131r: &#8220;T\u0259bii ki, \u0259hali art\u0131m\u0131 m\u00fcxt\u0259lif \u0259razil\u0259rd\u0259 eyni templ\u0259 ba\u015f vermir. Bunun n\u0259tic\u0259sidir ki, bir s\u0131ra ya\u015fay\u0131\u015f m\u0259nt\u0259q\u0259l\u0259rind\u0259 y\u00fcks\u0259k \u015fagird s\u0131xl\u0131\u011f\u0131 m\u00f6vcuddur&#8221;. Nazir bildirib ki, Bak\u0131n\u0131n X\u0259z\u0259r rayonunun Bin\u0259 q\u0259s\u0259b\u0259sind\u0259, K\u0259nd Bin\u0259q\u0259did\u0259, Sulut\u0259p\u0259, X\u0131rdalan \u015f\u0259h\u0259rind\u0259, Ab\u015feron rayonunun Masaz\u0131r v\u0259 Saray q\u0259s\u0259b\u0259l\u0259rd\u0259 m\u0259kt\u0259b&hellip;<\/p>\n","protected":false},"author":2,"featured_media":123222,"comment_status":"closed","ping_status":"closed","sticky":false,"template":"","format":"standard","meta":{"om_disable_all_campaigns":false,"_monsterinsights_skip_tracking":false,"_monsterinsights_sitenote_active":false,"_monsterinsights_sitenote_note":"","_monsterinsights_sitenote_category":0},"categories":[23],"tags":[],"aioseo_notices":[],"gutentor_comment":0,"rttpg_featured_image_url":{"full":["https:\/\/arantv.az\/wp-content\/uploads\/2020\/01\/sinif_otagi_025.jpg",800,600,false],"landscape":["https:\/\/arantv.az\/wp-content\/uploads\/2020\/01\/sinif_otagi_025.jpg",800,600,false],"portraits":["https:\/\/arantv.az\/wp-content\/uploads\/2020\/01\/sinif_otagi_025.jpg",800,600,false],"thumbnail":["https:\/\/arantv.az\/wp-content\/uploads\/2020\/01\/sinif_otagi_025-150x150.jpg",150,150,true],"medium":["https:\/\/arantv.az\/wp-content\/uploads\/2020\/01\/sinif_otagi_025-300x225.jpg",300,225,true],"large":["https:\/\/arantv.az\/wp-content\/uploads\/2020\/01\/sinif_otagi_025.jpg",640,480,false],"1536x1536":["https:\/\/arantv.az\/wp-content\/uploads\/2020\/01\/sinif_otagi_025.jpg",800,600,false],"2048x2048":["https:\/\/arantv.az\/wp-content\/uploads\/2020\/01\/sinif_otagi_025.jpg",800,600,false],"post-thumbnail":["https:\/\/arantv.az\/wp-content\/uploads\/2020\/01\/sinif_otagi_025-240x172.jpg",240,172,true],"advps-thumb-one":["https:\/\/arantv.az\/wp-content\/uploads\/2020\/01\/sinif_otagi_025.jpg",800,600,false]},"rttpg_author":{"display_name":"V\u00fcsal Rafiqo\u011flu","author_link":"https:\/\/arantv.az\/?author=2"},"rttpg_comment":0,"rttpg_category":"<a href=\"https:\/\/arantv.az\/?cat=23\" rel=\"category\">T\u0259hsil<\/a>","rttpg_excerpt":"Az\u0259rbaycandak\u0131 orta m\u0259kt\u0259bl\u0259rin t\u0259xmin\u0259n 50 faizind\u0259 \u015fagirdl\u0259rin say\u0131 200 v\u0259 a\u015fa\u011f\u0131d\u0131r. ARANTV.AZ\u00a0\u00a0Trend-\u0259 istinad\u0259n x\u0259b\u0259r verir ki, bunu T\u0259hsil naziri Ceyhun Bayramov bu g\u00fcn ke\u00e7irdiyi m\u0259tbuat konfrans\u0131nda deyib. Onun s\u00f6zl\u0259rin\u0259 g\u00f6r\u0259, \u00f6lk\u0259d\u0259 \u0259halinin say\u0131 h\u0259r il art\u0131r v\u0259 orta hesabla \u015fagirdl\u0259rin say\u0131 da h\u0259r il t\u0259xmin\u0259n 50 min n\u0259f\u0259r art\u0131r: &#8220;T\u0259bii ki, \u0259hali art\u0131m\u0131 m\u00fcxt\u0259lif \u0259razil\u0259rd\u0259&hellip;","_links":{"self":[{"href":"https:\/\/arantv.az\/index.php?rest_route=\/wp\/v2\/posts\/123221"}],"collection":[{"href":"https:\/\/arantv.az\/index.php?rest_route=\/wp\/v2\/posts"}],"about":[{"href":"https:\/\/arantv.az\/index.php?rest_route=\/wp\/v2\/types\/post"}],"author":[{"embeddable":true,"href":"https:\/\/arantv.az\/index.php?rest_route=\/wp\/v2\/users\/2"}],"replies":[{"embeddable":true,"href":"https:\/\/arantv.az\/index.php?rest_route=%2Fwp%2Fv2%2Fcomments&post=123221"}],"version-history":[{"count":0,"href":"https:\/\/arantv.az\/index.php?rest_route=\/wp\/v2\/posts\/123221\/revisions"}],"wp:featuredmedia":[{"embeddable":true,"href":"https:\/\/arantv.az\/index.php?rest_route=\/wp\/v2\/media\/123222"}],"wp:attachment":[{"href":"https:\/\/arantv.az\/index.php?rest_route=%2Fwp%2Fv2%2Fmedia&parent=123221"}],"wp:term":[{"taxonomy":"category","embeddable":true,"href":"https:\/\/arantv.az\/index.php?rest_route=%2Fwp%2Fv2%2Fcategories&post=123221"},{"taxonomy":"post_tag","embeddable":true,"href":"https:\/\/arantv.az\/index.php?rest_route=%2Fwp%2Fv2%2Ftags&post=123221"}],"curies":[{"name":"wp","href":"https:\/\/api.w.org\/{rel}","templated":true}]}}