{"id":123225,"date":"2020-01-27T11:17:42","date_gmt":"2020-01-27T08:17:42","guid":{"rendered":"http:\/\/arantv.az\/?p=123225"},"modified":"2020-01-27T11:17:42","modified_gmt":"2020-01-27T08:17:42","slug":"x%c9%99z%c9%99r-d%c9%99nizind%c9%99-qus-ovu-qadagan-edildi","status":"publish","type":"post","link":"https:\/\/arantv.az\/?p=123225","title":{"rendered":"X\u0259z\u0259r d\u0259nizind\u0259 qu\u015f ovu qada\u011fan edildi"},"content":{"rendered":"<p>\u0130ran\u0131n \u015fimal\u0131nda yerl\u0259\u015f\u0259n Mazandaran vilay\u0259tinin Miyankala yar\u0131madas\u0131n\u0131n \u0259traf\u0131nda X\u0259z\u0259r d\u0259nizind\u0259 k\u00f6\u00e7\u0259ri qu\u015flar\u0131n qeyri-adi \u015f\u0259kild\u0259 t\u0259l\u0259fat\u0131n\u0131 n\u0259z\u0259r\u0259 alaraq vilay\u0259tin \u015f\u0259rqind\u0259 k\u00f6\u00e7\u0259ri qu\u015flar\u0131n ovu qada\u011fan edilib.<\/p>\n<p>Bunu \u0130ran\u0131n Mazandaran vilay\u0259tinin \u0259traf m\u00fchitin m\u00fchafiz\u0259si idar\u0259sinin ba\u015f direktoru \u0130brahim Karnami deyib.<\/p>\n<p>\u0130.Karnaminin s\u00f6zl\u0259rin\u0259 g\u00f6r\u0259, insan sa\u011flaml\u0131\u011f\u0131n\u0131n qorunmas\u0131 m\u0259qs\u0259dil\u0259 Feridunk\u0259nar rayonunda k\u00f6\u00e7\u0259ri qu\u015flar\u0131n sat\u0131\u015f\u0131 bazar\u0131n\u0131n f\u0259aliyy\u0259ti dayand\u0131r\u0131l\u0131b.<\/p>\n<p>Karnami \u0259lav\u0259 edib ki, k\u00f6\u00e7\u0259ri qu\u015flar\u0131n t\u0259l\u0259fat\u0131n\u0131n s\u0259b\u0259bi b\u0259lli olmad\u0131\u011f\u0131na g\u00f6r\u0259, \u0259haliy\u0259 bu qu\u015flardan istifad\u0259 etm\u0259m\u0259k t\u00f6vsiy\u0259 olunub.<\/p>\n<p>Qeyd ed\u0259k ki, \u00f6t\u0259n 4 g\u00fcn \u0259rzind\u0259 Miyankala yar\u0131madas\u0131 \u0259traf\u0131nda 4,1 min k\u00f6\u00e7\u0259ri qu\u015f toplanaraq basd\u0131r\u0131l\u0131b. Bu g\u00fcn is\u0259 bu say 5,95 min \u0259d\u0259d\u0259 \u00e7at\u0131b. T\u0259l\u0259f olan qu\u015flar \u0259sas\u0259n qa\u015fqaldaq, \u00f6rd\u0259k v\u0259 flaminqodur. Qu\u015flar\u0131n hans\u0131 s\u0259b\u0259bd\u0259n t\u0259l\u0259f olmas\u0131 il\u0259 \u0259laq\u0259dar ara\u015fd\u0131rma apar\u0131l\u0131r. (trend)<\/p>\n","protected":false},"excerpt":{"rendered":"<p>\u0130ran\u0131n \u015fimal\u0131nda yerl\u0259\u015f\u0259n Mazandaran vilay\u0259tinin Miyankala yar\u0131madas\u0131n\u0131n \u0259traf\u0131nda X\u0259z\u0259r d\u0259nizind\u0259 k\u00f6\u00e7\u0259ri qu\u015flar\u0131n qeyri-adi \u015f\u0259kild\u0259 t\u0259l\u0259fat\u0131n\u0131 n\u0259z\u0259r\u0259 alaraq vilay\u0259tin \u015f\u0259rqind\u0259 k\u00f6\u00e7\u0259ri qu\u015flar\u0131n ovu qada\u011fan edilib. Bunu \u0130ran\u0131n Mazandaran vilay\u0259tinin \u0259traf m\u00fchitin m\u00fchafiz\u0259si idar\u0259sinin ba\u015f direktoru \u0130brahim Karnami deyib. \u0130.Karnaminin s\u00f6zl\u0259rin\u0259 g\u00f6r\u0259, insan sa\u011flaml\u0131\u011f\u0131n\u0131n qorunmas\u0131 m\u0259qs\u0259dil\u0259 Feridunk\u0259nar rayonunda k\u00f6\u00e7\u0259ri qu\u015flar\u0131n sat\u0131\u015f\u0131 bazar\u0131n\u0131n f\u0259aliyy\u0259ti dayand\u0131r\u0131l\u0131b. Karnami \u0259lav\u0259 edib ki, k\u00f6\u00e7\u0259ri qu\u015flar\u0131n t\u0259l\u0259fat\u0131n\u0131n s\u0259b\u0259bi b\u0259lli olmad\u0131\u011f\u0131na g\u00f6r\u0259, \u0259haliy\u0259 bu qu\u015flardan istifad\u0259 etm\u0259m\u0259k t\u00f6vsiy\u0259 olunub. Qeyd ed\u0259k ki, \u00f6t\u0259n 4 g\u00fcn \u0259rzind\u0259 Miyankala yar\u0131madas\u0131 \u0259traf\u0131nda 4,1 min k\u00f6\u00e7\u0259ri qu\u015f toplanaraq basd\u0131r\u0131l\u0131b. Bu g\u00fcn is\u0259 bu&hellip;<\/p>\n","protected":false},"author":2,"featured_media":123226,"comment_status":"closed","ping_status":"closed","sticky":false,"template":"","format":"standard","meta":{"om_disable_all_campaigns":false,"_monsterinsights_skip_tracking":false,"_monsterinsights_sitenote_active":false,"_monsterinsights_sitenote_note":"","_monsterinsights_sitenote_category":0},"categories":[1],"tags":[],"aioseo_notices":[],"gutentor_comment":0,"rttpg_featured_image_url":{"full":["https:\/\/arantv.az\/wp-content\/uploads\/2020\/01\/ovcu_81580112865.jpg",649,365,false],"landscape":["https:\/\/arantv.az\/wp-content\/uploads\/2020\/01\/ovcu_81580112865.jpg",649,365,false],"portraits":["https:\/\/arantv.az\/wp-content\/uploads\/2020\/01\/ovcu_81580112865.jpg",649,365,false],"thumbnail":["https:\/\/arantv.az\/wp-content\/uploads\/2020\/01\/ovcu_81580112865-150x150.jpg",150,150,true],"medium":["https:\/\/arantv.az\/wp-content\/uploads\/2020\/01\/ovcu_81580112865-300x169.jpg",300,169,true],"large":["https:\/\/arantv.az\/wp-content\/uploads\/2020\/01\/ovcu_81580112865.jpg",640,360,false],"1536x1536":["https:\/\/arantv.az\/wp-content\/uploads\/2020\/01\/ovcu_81580112865.jpg",649,365,false],"2048x2048":["https:\/\/arantv.az\/wp-content\/uploads\/2020\/01\/ovcu_81580112865.jpg",649,365,false],"post-thumbnail":["https:\/\/arantv.az\/wp-content\/uploads\/2020\/01\/ovcu_81580112865-240x172.jpg",240,172,true],"advps-thumb-one":["https:\/\/arantv.az\/wp-content\/uploads\/2020\/01\/ovcu_81580112865.jpg",649,365,false]},"rttpg_author":{"display_name":"V\u00fcsal Rafiqo\u011flu","author_link":"https:\/\/arantv.az\/?author=2"},"rttpg_comment":0,"rttpg_category":"<a href=\"https:\/\/arantv.az\/?cat=1\" rel=\"category\">C\u0259miyy\u0259t<\/a>","rttpg_excerpt":"\u0130ran\u0131n \u015fimal\u0131nda yerl\u0259\u015f\u0259n Mazandaran vilay\u0259tinin Miyankala yar\u0131madas\u0131n\u0131n \u0259traf\u0131nda X\u0259z\u0259r d\u0259nizind\u0259 k\u00f6\u00e7\u0259ri qu\u015flar\u0131n qeyri-adi \u015f\u0259kild\u0259 t\u0259l\u0259fat\u0131n\u0131 n\u0259z\u0259r\u0259 alaraq vilay\u0259tin \u015f\u0259rqind\u0259 k\u00f6\u00e7\u0259ri qu\u015flar\u0131n ovu qada\u011fan edilib. Bunu \u0130ran\u0131n Mazandaran vilay\u0259tinin \u0259traf m\u00fchitin m\u00fchafiz\u0259si idar\u0259sinin ba\u015f direktoru \u0130brahim Karnami deyib. \u0130.Karnaminin s\u00f6zl\u0259rin\u0259 g\u00f6r\u0259, insan sa\u011flaml\u0131\u011f\u0131n\u0131n qorunmas\u0131 m\u0259qs\u0259dil\u0259 Feridunk\u0259nar rayonunda k\u00f6\u00e7\u0259ri qu\u015flar\u0131n sat\u0131\u015f\u0131 bazar\u0131n\u0131n f\u0259aliyy\u0259ti dayand\u0131r\u0131l\u0131b. Karnami \u0259lav\u0259 edib&hellip;","_links":{"self":[{"href":"https:\/\/arantv.az\/index.php?rest_route=\/wp\/v2\/posts\/123225"}],"collection":[{"href":"https:\/\/arantv.az\/index.php?rest_route=\/wp\/v2\/posts"}],"about":[{"href":"https:\/\/arantv.az\/index.php?rest_route=\/wp\/v2\/types\/post"}],"author":[{"embeddable":true,"href":"https:\/\/arantv.az\/index.php?rest_route=\/wp\/v2\/users\/2"}],"replies":[{"embeddable":true,"href":"https:\/\/arantv.az\/index.php?rest_route=%2Fwp%2Fv2%2Fcomments&post=123225"}],"version-history":[{"count":0,"href":"https:\/\/arantv.az\/index.php?rest_route=\/wp\/v2\/posts\/123225\/revisions"}],"wp:featuredmedia":[{"embeddable":true,"href":"https:\/\/arantv.az\/index.php?rest_route=\/wp\/v2\/media\/123226"}],"wp:attachment":[{"href":"https:\/\/arantv.az\/index.php?rest_route=%2Fwp%2Fv2%2Fmedia&parent=123225"}],"wp:term":[{"taxonomy":"category","embeddable":true,"href":"https:\/\/arantv.az\/index.php?rest_route=%2Fwp%2Fv2%2Fcategories&post=123225"},{"taxonomy":"post_tag","embeddable":true,"href":"https:\/\/arantv.az\/index.php?rest_route=%2Fwp%2Fv2%2Ftags&post=123225"}],"curies":[{"name":"wp","href":"https:\/\/api.w.org\/{rel}","templated":true}]}}